{"id":10445,"date":"2022-08-08T15:50:00","date_gmt":"2022-08-08T18:50:00","guid":{"rendered":"https:\/\/www.ing.uc.cl\/transporte-y-logistica\/?p=10445"},"modified":"2023-10-06T15:18:50","modified_gmt":"2023-10-06T18:18:50","slug":"ditl-lanza-repositorio-digital-sobre-movilidad-urbana","status":"publish","type":"post","link":"https:\/\/www.ing.uc.cl\/transporte-y-logistica\/ditl-lanza-repositorio-digital-sobre-movilidad-urbana\/","title":{"rendered":"DITL lanza repositorio digital sobre movilidad urbana"},"content":{"rendered":"<div class=\"sharebox\">\n<div class=\"fixed-action-btn horizontal click-to-toggle\"><\/div>\n<\/div>\n<h3>Desde este lunes 8 de agosto nuestro Departamento tiene disponible un nuevo repositorio digital.<\/h3>\n<p>El sitio fue desarrollado por el Departamento de Ingenier\u00eda de Transporte y Log\u00edstica UC, con el apoyo del Centro de Desarrollo Urbano Sustentable (CEDEUS) y el BRT+ Centre of Excellence y presenta de manera visual informaci\u00f3n sobre movilidad urbana.<\/p>\n<p>En este portal se podr\u00e1n encontrar datos y series temporales, por ahora solo de la Regi\u00f3n Metropolitana,\u00a0 obtenidas de fuentes p\u00fablicas y privadas, donde se podr\u00e1n visualizar de manera simple datos sobre viajes diarios, servicios de buses, adem\u00e1s de otros sobre velocidad, trasbordos, siniestros, entre otros.<\/p>\n<p>Para visitarlo se debe acceder a <a href=\"http:\/\/reportedemovilidad.ing.uc.cl\">reportedemovilidad.ing.uc.cl<\/a><\/p>\n<p>&nbsp;<\/p>\n<p>&nbsp;<\/p>\n","protected":false},"excerpt":{"rendered":"<p><\/p>\n<p><img decoding=\"async\" src=\"https:\/\/www.ing.uc.cl\/transporte-y-logistica\/wp-content\/uploads\/2022\/08\/reporte-de-movilidad.jpg\" style=\"all: unset;margin-top:0px; width: 90px; float:left; display: inline;margin-right:9px\"> El Reporte de Movilidad Urbana ya se encuentra disponible para conocer informaci\u00f3n sobre la Regi\u00f3n Metropolitana.<\/p>\n","protected":false},"author":6,"featured_media":0,"comment_status":"closed","ping_status":"closed","sticky":false,"template":"","format":"standard","meta":{"_acf_changed":false,"footnotes":""},"categories":[4],"tags":[],"class_list":["post-10445","post","type-post","status-publish","format-standard","hentry","category-noticia-destacada"],"acf":[],"yoast_head":"<!-- This site is optimized with the Yoast SEO plugin v27.5 - https:\/\/yoast.com\/product\/yoast-seo-wordpress\/ -->\n<title>DITL lanza repositorio digital sobre movilidad urbana - Departamento de Ingenier\u00eda de Transporte y Log\u00edstica<\/title>\n<meta name=\"robots\" content=\"index, follow, max-snippet:-1, max-image-preview:large, max-video-preview:-1\" \/>\n<link rel=\"canonical\" href=\"https:\/\/www.ing.uc.cl\/transporte-y-logistica\/ditl-lanza-repositorio-digital-sobre-movilidad-urbana\/\" \/>\n<meta property=\"og:locale\" content=\"es_ES\" \/>\n<meta property=\"og:type\" content=\"article\" \/>\n<meta property=\"og:title\" content=\"DITL lanza repositorio digital sobre movilidad urbana - Departamento de Ingenier\u00eda de Transporte y Log\u00edstica\" \/>\n<meta property=\"og:description\" content=\"El Reporte de Movilidad Urbana ya se encuentra disponible para conocer informaci\u00f3n sobre la Regi\u00f3n Metropolitana.\" \/>\n<meta property=\"og:url\" content=\"https:\/\/www.ing.uc.cl\/transporte-y-logistica\/ditl-lanza-repositorio-digital-sobre-movilidad-urbana\/\" \/>\n<meta property=\"og:site_name\" content=\"Departamento de Ingenier\u00eda de Transporte y Log\u00edstica\" \/>\n<meta property=\"article:published_time\" content=\"2022-08-08T18:50:00+00:00\" \/>\n<meta property=\"article:modified_time\" content=\"2023-10-06T18:18:50+00:00\" \/>\n<meta name=\"author\" content=\"Francisco Herreros\" \/>\n<meta name=\"twitter:card\" content=\"summary_large_image\" \/>\n<meta name=\"twitter:label1\" content=\"Escrito por\" \/>\n\t<meta name=\"twitter:data1\" content=\"Francisco Herreros\" \/>\n\t<meta name=\"twitter:label2\" content=\"Tiempo de lectura\" \/>\n\t<meta name=\"twitter:data2\" content=\"1 minuto\" \/>\n<script type=\"application\/ld+json\" class=\"yoast-schema-graph\">{\"@context\":\"https:\\\/\\\/schema.org\",\"@graph\":[{\"@type\":\"Article\",\"@id\":\"https:\\\/\\\/www.ing.uc.cl\\\/transporte-y-logistica\\\/ditl-lanza-repositorio-digital-sobre-movilidad-urbana\\\/#article\",\"isPartOf\":{\"@id\":\"https:\\\/\\\/www.ing.uc.cl\\\/transporte-y-logistica\\\/ditl-lanza-repositorio-digital-sobre-movilidad-urbana\\\/\"},\"author\":{\"name\":\"Francisco Herreros\",\"@id\":\"https:\\\/\\\/www.ing.uc.cl\\\/transporte-y-logistica\\\/#\\\/schema\\\/person\\\/7f1604ffa51b3299c501b9e2f9583aa6\"},\"headline\":\"DITL lanza repositorio digital sobre movilidad urbana\",\"datePublished\":\"2022-08-08T18:50:00+00:00\",\"dateModified\":\"2023-10-06T18:18:50+00:00\",\"mainEntityOfPage\":{\"@id\":\"https:\\\/\\\/www.ing.uc.cl\\\/transporte-y-logistica\\\/ditl-lanza-repositorio-digital-sobre-movilidad-urbana\\\/\"},\"wordCount\":125,\"articleSection\":[\"Noticia Destacada\"],\"inLanguage\":\"es\"},{\"@type\":\"WebPage\",\"@id\":\"https:\\\/\\\/www.ing.uc.cl\\\/transporte-y-logistica\\\/ditl-lanza-repositorio-digital-sobre-movilidad-urbana\\\/\",\"url\":\"https:\\\/\\\/www.ing.uc.cl\\\/transporte-y-logistica\\\/ditl-lanza-repositorio-digital-sobre-movilidad-urbana\\\/\",\"name\":\"DITL lanza repositorio digital sobre movilidad urbana - Departamento de Ingenier\u00eda de Transporte y Log\u00edstica\",\"isPartOf\":{\"@id\":\"https:\\\/\\\/www.ing.uc.cl\\\/transporte-y-logistica\\\/#website\"},\"datePublished\":\"2022-08-08T18:50:00+00:00\",\"dateModified\":\"2023-10-06T18:18:50+00:00\",\"author\":{\"@id\":\"https:\\\/\\\/www.ing.uc.cl\\\/transporte-y-logistica\\\/#\\\/schema\\\/person\\\/7f1604ffa51b3299c501b9e2f9583aa6\"},\"breadcrumb\":{\"@id\":\"https:\\\/\\\/www.ing.uc.cl\\\/transporte-y-logistica\\\/ditl-lanza-repositorio-digital-sobre-movilidad-urbana\\\/#breadcrumb\"},\"inLanguage\":\"es\",\"potentialAction\":[{\"@type\":\"ReadAction\",\"target\":[\"https:\\\/\\\/www.ing.uc.cl\\\/transporte-y-logistica\\\/ditl-lanza-repositorio-digital-sobre-movilidad-urbana\\\/\"]}]},{\"@type\":\"BreadcrumbList\",\"@id\":\"https:\\\/\\\/www.ing.uc.cl\\\/transporte-y-logistica\\\/ditl-lanza-repositorio-digital-sobre-movilidad-urbana\\\/#breadcrumb\",\"itemListElement\":[{\"@type\":\"ListItem\",\"position\":1,\"name\":\"Portada\",\"item\":\"https:\\\/\\\/www.ing.uc.cl\\\/transporte-y-logistica\\\/\"},{\"@type\":\"ListItem\",\"position\":2,\"name\":\"DITL lanza repositorio digital sobre movilidad urbana\"}]},{\"@type\":\"WebSite\",\"@id\":\"https:\\\/\\\/www.ing.uc.cl\\\/transporte-y-logistica\\\/#website\",\"url\":\"https:\\\/\\\/www.ing.uc.cl\\\/transporte-y-logistica\\\/\",\"name\":\"Departamento de Ingenier\u00eda de Transporte y Log\u00edstica\",\"description\":\"DITL\",\"potentialAction\":[{\"@type\":\"SearchAction\",\"target\":{\"@type\":\"EntryPoint\",\"urlTemplate\":\"https:\\\/\\\/www.ing.uc.cl\\\/transporte-y-logistica\\\/?s={search_term_string}\"},\"query-input\":{\"@type\":\"PropertyValueSpecification\",\"valueRequired\":true,\"valueName\":\"search_term_string\"}}],\"inLanguage\":\"es\"},{\"@type\":\"Person\",\"@id\":\"https:\\\/\\\/www.ing.uc.cl\\\/transporte-y-logistica\\\/#\\\/schema\\\/person\\\/7f1604ffa51b3299c501b9e2f9583aa6\",\"name\":\"Francisco Herreros\",\"image\":{\"@type\":\"ImageObject\",\"inLanguage\":\"es\",\"@id\":\"https:\\\/\\\/secure.gravatar.com\\\/avatar\\\/63233762875caf7cb464abb0c994788b36bb5a903f4b5e6d958a14f57c41e047?s=96&d=mm&r=g\",\"url\":\"https:\\\/\\\/secure.gravatar.com\\\/avatar\\\/63233762875caf7cb464abb0c994788b36bb5a903f4b5e6d958a14f57c41e047?s=96&d=mm&r=g\",\"contentUrl\":\"https:\\\/\\\/secure.gravatar.com\\\/avatar\\\/63233762875caf7cb464abb0c994788b36bb5a903f4b5e6d958a14f57c41e047?s=96&d=mm&r=g\",\"caption\":\"Francisco Herreros\"},\"url\":\"https:\\\/\\\/www.ing.uc.cl\\\/transporte-y-logistica\\\/author\\\/fherreros\\\/\"}]}<\/script>\n<!-- \/ Yoast SEO plugin. -->","yoast_head_json":{"title":"DITL lanza repositorio digital sobre movilidad urbana - Departamento de Ingenier\u00eda de Transporte y Log\u00edstica","robots":{"index":"index","follow":"follow","max-snippet":"max-snippet:-1","max-image-preview":"max-image-preview:large","max-video-preview":"max-video-preview:-1"},"canonical":"https:\/\/www.ing.uc.cl\/transporte-y-logistica\/ditl-lanza-repositorio-digital-sobre-movilidad-urbana\/","og_locale":"es_ES","og_type":"article","og_title":"DITL lanza repositorio digital sobre movilidad urbana - Departamento de Ingenier\u00eda de Transporte y Log\u00edstica","og_description":"El Reporte de Movilidad Urbana ya se encuentra disponible para conocer informaci\u00f3n sobre la Regi\u00f3n Metropolitana.","og_url":"https:\/\/www.ing.uc.cl\/transporte-y-logistica\/ditl-lanza-repositorio-digital-sobre-movilidad-urbana\/","og_site_name":"Departamento de Ingenier\u00eda de Transporte y Log\u00edstica","article_published_time":"2022-08-08T18:50:00+00:00","article_modified_time":"2023-10-06T18:18:50+00:00","author":"Francisco Herreros","twitter_card":"summary_large_image","twitter_misc":{"Escrito por":"Francisco Herreros","Tiempo de lectura":"1 minuto"},"schema":{"@context":"https:\/\/schema.org","@graph":[{"@type":"Article","@id":"https:\/\/www.ing.uc.cl\/transporte-y-logistica\/ditl-lanza-repositorio-digital-sobre-movilidad-urbana\/#article","isPartOf":{"@id":"https:\/\/www.ing.uc.cl\/transporte-y-logistica\/ditl-lanza-repositorio-digital-sobre-movilidad-urbana\/"},"author":{"name":"Francisco Herreros","@id":"https:\/\/www.ing.uc.cl\/transporte-y-logistica\/#\/schema\/person\/7f1604ffa51b3299c501b9e2f9583aa6"},"headline":"DITL lanza repositorio digital sobre movilidad urbana","datePublished":"2022-08-08T18:50:00+00:00","dateModified":"2023-10-06T18:18:50+00:00","mainEntityOfPage":{"@id":"https:\/\/www.ing.uc.cl\/transporte-y-logistica\/ditl-lanza-repositorio-digital-sobre-movilidad-urbana\/"},"wordCount":125,"articleSection":["Noticia Destacada"],"inLanguage":"es"},{"@type":"WebPage","@id":"https:\/\/www.ing.uc.cl\/transporte-y-logistica\/ditl-lanza-repositorio-digital-sobre-movilidad-urbana\/","url":"https:\/\/www.ing.uc.cl\/transporte-y-logistica\/ditl-lanza-repositorio-digital-sobre-movilidad-urbana\/","name":"DITL lanza repositorio digital sobre movilidad urbana - Departamento de Ingenier\u00eda de Transporte y Log\u00edstica","isPartOf":{"@id":"https:\/\/www.ing.uc.cl\/transporte-y-logistica\/#website"},"datePublished":"2022-08-08T18:50:00+00:00","dateModified":"2023-10-06T18:18:50+00:00","author":{"@id":"https:\/\/www.ing.uc.cl\/transporte-y-logistica\/#\/schema\/person\/7f1604ffa51b3299c501b9e2f9583aa6"},"breadcrumb":{"@id":"https:\/\/www.ing.uc.cl\/transporte-y-logistica\/ditl-lanza-repositorio-digital-sobre-movilidad-urbana\/#breadcrumb"},"inLanguage":"es","potentialAction":[{"@type":"ReadAction","target":["https:\/\/www.ing.uc.cl\/transporte-y-logistica\/ditl-lanza-repositorio-digital-sobre-movilidad-urbana\/"]}]},{"@type":"BreadcrumbList","@id":"https:\/\/www.ing.uc.cl\/transporte-y-logistica\/ditl-lanza-repositorio-digital-sobre-movilidad-urbana\/#breadcrumb","itemListElement":[{"@type":"ListItem","position":1,"name":"Portada","item":"https:\/\/www.ing.uc.cl\/transporte-y-logistica\/"},{"@type":"ListItem","position":2,"name":"DITL lanza repositorio digital sobre movilidad urbana"}]},{"@type":"WebSite","@id":"https:\/\/www.ing.uc.cl\/transporte-y-logistica\/#website","url":"https:\/\/www.ing.uc.cl\/transporte-y-logistica\/","name":"Departamento de Ingenier\u00eda de Transporte y Log\u00edstica","description":"DITL","potentialAction":[{"@type":"SearchAction","target":{"@type":"EntryPoint","urlTemplate":"https:\/\/www.ing.uc.cl\/transporte-y-logistica\/?s={search_term_string}"},"query-input":{"@type":"PropertyValueSpecification","valueRequired":true,"valueName":"search_term_string"}}],"inLanguage":"es"},{"@type":"Person","@id":"https:\/\/www.ing.uc.cl\/transporte-y-logistica\/#\/schema\/person\/7f1604ffa51b3299c501b9e2f9583aa6","name":"Francisco Herreros","image":{"@type":"ImageObject","inLanguage":"es","@id":"https:\/\/secure.gravatar.com\/avatar\/63233762875caf7cb464abb0c994788b36bb5a903f4b5e6d958a14f57c41e047?s=96&d=mm&r=g","url":"https:\/\/secure.gravatar.com\/avatar\/63233762875caf7cb464abb0c994788b36bb5a903f4b5e6d958a14f57c41e047?s=96&d=mm&r=g","contentUrl":"https:\/\/secure.gravatar.com\/avatar\/63233762875caf7cb464abb0c994788b36bb5a903f4b5e6d958a14f57c41e047?s=96&d=mm&r=g","caption":"Francisco Herreros"},"url":"https:\/\/www.ing.uc.cl\/transporte-y-logistica\/author\/fherreros\/"}]}},"_links":{"self":[{"href":"https:\/\/www.ing.uc.cl\/transporte-y-logistica\/wp-json\/wp\/v2\/posts\/10445","targetHints":{"allow":["GET"]}}],"collection":[{"href":"https:\/\/www.ing.uc.cl\/transporte-y-logistica\/wp-json\/wp\/v2\/posts"}],"about":[{"href":"https:\/\/www.ing.uc.cl\/transporte-y-logistica\/wp-json\/wp\/v2\/types\/post"}],"author":[{"embeddable":true,"href":"https:\/\/www.ing.uc.cl\/transporte-y-logistica\/wp-json\/wp\/v2\/users\/6"}],"replies":[{"embeddable":true,"href":"https:\/\/www.ing.uc.cl\/transporte-y-logistica\/wp-json\/wp\/v2\/comments?post=10445"}],"version-history":[{"count":1,"href":"https:\/\/www.ing.uc.cl\/transporte-y-logistica\/wp-json\/wp\/v2\/posts\/10445\/revisions"}],"predecessor-version":[{"id":11629,"href":"https:\/\/www.ing.uc.cl\/transporte-y-logistica\/wp-json\/wp\/v2\/posts\/10445\/revisions\/11629"}],"wp:attachment":[{"href":"https:\/\/www.ing.uc.cl\/transporte-y-logistica\/wp-json\/wp\/v2\/media?parent=10445"}],"wp:term":[{"taxonomy":"category","embeddable":true,"href":"https:\/\/www.ing.uc.cl\/transporte-y-logistica\/wp-json\/wp\/v2\/categories?post=10445"},{"taxonomy":"post_tag","embeddable":true,"href":"https:\/\/www.ing.uc.cl\/transporte-y-logistica\/wp-json\/wp\/v2\/tags?post=10445"}],"curies":[{"name":"wp","href":"https:\/\/api.w.org\/{rel}","templated":true}]}}