{"id":11455,"date":"2023-08-11T11:09:00","date_gmt":"2023-08-11T14:09:00","guid":{"rendered":"https:\/\/www.ing.uc.cl\/transporte-y-logistica\/?p=11455"},"modified":"2023-12-14T11:12:57","modified_gmt":"2023-12-14T14:12:57","slug":"por-segundo-ano-consecutivo-nuestro-profesor-es-reconocido-por-liderar-ranking-cientifico-en-el-area-ciencias-sociales-y-humanidades-en-chile","status":"publish","type":"post","link":"https:\/\/www.ing.uc.cl\/transporte-y-logistica\/por-segundo-ano-consecutivo-nuestro-profesor-es-reconocido-por-liderar-ranking-cientifico-en-el-area-ciencias-sociales-y-humanidades-en-chile\/","title":{"rendered":"Por segundo a\u00f1o consecutivo nuestro profesor es reconocido por liderar ranking cient\u00edfico en el \u00e1rea \u201cCiencias Sociales y Humanidades\u201d en Chile"},"content":{"rendered":"\n<figure class=\"wp-block-image size-full\"><img fetchpriority=\"high\" decoding=\"async\" width=\"700\" height=\"532\" src=\"https:\/\/www.ing.uc.cl\/transporte-y-logistica\/wp-content\/uploads\/2023\/10\/jdo_01.jpg\" alt=\"\" class=\"wp-image-11689\" srcset=\"https:\/\/www.ing.uc.cl\/transporte-y-logistica\/wp-content\/uploads\/2023\/10\/jdo_01.jpg 700w, https:\/\/www.ing.uc.cl\/transporte-y-logistica\/wp-content\/uploads\/2023\/10\/jdo_01-300x228.jpg 300w, https:\/\/www.ing.uc.cl\/transporte-y-logistica\/wp-content\/uploads\/2023\/10\/jdo_01-400x304.jpg 400w\" sizes=\"(max-width: 700px) 100vw, 700px\" \/><\/figure>\n\n\n<h4>\u00a0<\/h4>\n<h4>Prof. Juan de Dios Ort\u00fazar es reconocido nuevamente por prestigioso portal Research<\/h4>\n<\/p>\n<p><span style=\"color: #ffffff;\">.<\/span><\/p>\n<p>Este 2023, el prestigioso portal Research.com public\u00f3 una nueva edici\u00f3n del ranking de cient\u00edficos a nivel mundial, en el cual el profesor Juan De Dios Ort\u00fazar, acad\u00e9mico de nuestro Departamento mantuvo el primer lugar en el \u00e1rea de \u00abCiencias Sociales y Humanidades\u00bb a nivel nacional, por segundo a\u00f1o consecutivo.<\/p>\n<p>El Prof. Juan de Dios Ort\u00fazar es uno de nuestros investigadores m\u00e1s destacados y ha sido reconocido por el portal brit\u00e1nico\u00a0<a href=\"http:\/\/research.com\/\">Research.com<\/a>\u00a0como top 1, a nivel nacional, en ranking cient\u00edfico en el \u00e1rea \u201cCiencias Sociales y Humanidades\u201d gracias al trabajo multidisciplinario que ha realizado a lo largo de su carrera.<\/p>\n<p>Los indicadores que considera este ranking son el n\u00famero de publicaciones y citas en art\u00edculos, entre otros factores.<\/p>\n<p>Para elaborar este\u00a0ranking<strong>\u00a0<\/strong><strong>se toman en consideraci\u00f3n el h-index \u2013n\u00famero que representa el peso que un autor tiene en una comunidad cient\u00edfica\u2013, adem\u00e1s del n\u00famero de publicaciones y las citas en art\u00edculos<\/strong>. As\u00ed, El acad\u00e9mico Juan de Dios Ort\u00fazar destaca por<strong>\u00a0<\/strong><strong>tener un h-index de 52, con 180 publicaciones y 8.918 citas en art\u00edculos cient\u00edficos<\/strong><strong>.<\/strong><\/p>\n<p>Revisa m\u00e1s sobre su trayectoria aqu\u00ed: <a href=\"https:\/\/www.uc.cl\/noticias\/juan-de-dios-ortuzar-sigue-como-top-1-en-ranking-del-area-ciencias-sociales-y-humanidades-en-chile\/\">https:\/\/www.uc.cl\/noticias\/juan-de-dios-ortuzar-sigue-como-top-1-en-ranking-del-area-ciencias-sociales-y-humanidades-en-chile\/<\/a><\/p>","protected":false},"excerpt":{"rendered":"<p><\/p>\n<p><img decoding=\"async\" src=\"https:\/\/www.ing.uc.cl\/transporte-y-logistica\/wp-content\/uploads\/2023\/10\/jdo_01.jpg\" style=\"all: unset;margin-top:0px; width: 90px; float:left; display: inline;margin-right:9px\">Prof. Juan de Dios Ort\u00fazar es reconocido nuevamente por prestigioso portal Research<\/p>\n","protected":false},"author":6,"featured_media":11689,"comment_status":"closed","ping_status":"closed","sticky":false,"template":"","format":"standard","meta":{"_acf_changed":false,"footnotes":""},"categories":[4],"tags":[],"class_list":{"0":"post-11455","1":"post","2":"type-post","3":"status-publish","4":"format-standard","5":"has-post-thumbnail","6":"hentry","7":"category-noticia-destacada","9":"post-with-thumbnail","10":"post-with-thumbnail-large"},"acf":[],"yoast_head":"<!-- This site is optimized with the Yoast SEO plugin v27.5 - https:\/\/yoast.com\/product\/yoast-seo-wordpress\/ -->\n<title>Por segundo a\u00f1o consecutivo nuestro profesor es reconocido por liderar ranking cient\u00edfico en el \u00e1rea \u201cCiencias Sociales y Humanidades\u201d en Chile - Departamento de Ingenier\u00eda de Transporte y Log\u00edstica<\/title>\n<meta name=\"robots\" content=\"index, follow, max-snippet:-1, max-image-preview:large, max-video-preview:-1\" \/>\n<link rel=\"canonical\" href=\"https:\/\/www.ing.uc.cl\/transporte-y-logistica\/por-segundo-ano-consecutivo-nuestro-profesor-es-reconocido-por-liderar-ranking-cientifico-en-el-area-ciencias-sociales-y-humanidades-en-chile\/\" \/>\n<meta property=\"og:locale\" content=\"es_ES\" \/>\n<meta property=\"og:type\" content=\"article\" \/>\n<meta property=\"og:title\" content=\"Por segundo a\u00f1o consecutivo nuestro profesor es reconocido por liderar ranking cient\u00edfico en el \u00e1rea \u201cCiencias Sociales y Humanidades\u201d en Chile - Departamento de Ingenier\u00eda de Transporte y Log\u00edstica\" \/>\n<meta property=\"og:description\" content=\"Prof. Juan de Dios Ort\u00fazar es reconocido nuevamente por prestigioso portal Research\" \/>\n<meta property=\"og:url\" content=\"https:\/\/www.ing.uc.cl\/transporte-y-logistica\/por-segundo-ano-consecutivo-nuestro-profesor-es-reconocido-por-liderar-ranking-cientifico-en-el-area-ciencias-sociales-y-humanidades-en-chile\/\" \/>\n<meta property=\"og:site_name\" content=\"Departamento de Ingenier\u00eda de Transporte y Log\u00edstica\" \/>\n<meta property=\"article:published_time\" content=\"2023-08-11T14:09:00+00:00\" \/>\n<meta property=\"article:modified_time\" content=\"2023-12-14T14:12:57+00:00\" \/>\n<meta property=\"og:image\" content=\"https:\/\/www.ing.uc.cl\/transporte-y-logistica\/wp-content\/uploads\/2023\/10\/jdo_01.jpg\" \/>\n\t<meta property=\"og:image:width\" content=\"700\" \/>\n\t<meta property=\"og:image:height\" content=\"532\" \/>\n\t<meta property=\"og:image:type\" content=\"image\/jpeg\" \/>\n<meta name=\"author\" content=\"Francisco Herreros\" \/>\n<meta name=\"twitter:card\" content=\"summary_large_image\" \/>\n<meta name=\"twitter:label1\" content=\"Escrito por\" \/>\n\t<meta name=\"twitter:data1\" content=\"Francisco Herreros\" \/>\n\t<meta name=\"twitter:label2\" content=\"Tiempo de lectura\" \/>\n\t<meta name=\"twitter:data2\" content=\"2 minutos\" \/>\n<script type=\"application\/ld+json\" class=\"yoast-schema-graph\">{\"@context\":\"https:\\\/\\\/schema.org\",\"@graph\":[{\"@type\":\"Article\",\"@id\":\"https:\\\/\\\/www.ing.uc.cl\\\/transporte-y-logistica\\\/por-segundo-ano-consecutivo-nuestro-profesor-es-reconocido-por-liderar-ranking-cientifico-en-el-area-ciencias-sociales-y-humanidades-en-chile\\\/#article\",\"isPartOf\":{\"@id\":\"https:\\\/\\\/www.ing.uc.cl\\\/transporte-y-logistica\\\/por-segundo-ano-consecutivo-nuestro-profesor-es-reconocido-por-liderar-ranking-cientifico-en-el-area-ciencias-sociales-y-humanidades-en-chile\\\/\"},\"author\":{\"name\":\"Francisco Herreros\",\"@id\":\"https:\\\/\\\/www.ing.uc.cl\\\/transporte-y-logistica\\\/#\\\/schema\\\/person\\\/7f1604ffa51b3299c501b9e2f9583aa6\"},\"headline\":\"Por segundo a\u00f1o consecutivo nuestro profesor es reconocido por liderar ranking cient\u00edfico en el \u00e1rea \u201cCiencias Sociales y Humanidades\u201d en Chile\",\"datePublished\":\"2023-08-11T14:09:00+00:00\",\"dateModified\":\"2023-12-14T14:12:57+00:00\",\"mainEntityOfPage\":{\"@id\":\"https:\\\/\\\/www.ing.uc.cl\\\/transporte-y-logistica\\\/por-segundo-ano-consecutivo-nuestro-profesor-es-reconocido-por-liderar-ranking-cientifico-en-el-area-ciencias-sociales-y-humanidades-en-chile\\\/\"},\"wordCount\":242,\"image\":{\"@id\":\"https:\\\/\\\/www.ing.uc.cl\\\/transporte-y-logistica\\\/por-segundo-ano-consecutivo-nuestro-profesor-es-reconocido-por-liderar-ranking-cientifico-en-el-area-ciencias-sociales-y-humanidades-en-chile\\\/#primaryimage\"},\"thumbnailUrl\":\"https:\\\/\\\/www.ing.uc.cl\\\/transporte-y-logistica\\\/wp-content\\\/uploads\\\/2023\\\/10\\\/jdo_01.jpg\",\"articleSection\":[\"Noticia Destacada\"],\"inLanguage\":\"es\"},{\"@type\":\"WebPage\",\"@id\":\"https:\\\/\\\/www.ing.uc.cl\\\/transporte-y-logistica\\\/por-segundo-ano-consecutivo-nuestro-profesor-es-reconocido-por-liderar-ranking-cientifico-en-el-area-ciencias-sociales-y-humanidades-en-chile\\\/\",\"url\":\"https:\\\/\\\/www.ing.uc.cl\\\/transporte-y-logistica\\\/por-segundo-ano-consecutivo-nuestro-profesor-es-reconocido-por-liderar-ranking-cientifico-en-el-area-ciencias-sociales-y-humanidades-en-chile\\\/\",\"name\":\"Por segundo a\u00f1o consecutivo nuestro profesor es reconocido por liderar ranking cient\u00edfico en el \u00e1rea \u201cCiencias Sociales y Humanidades\u201d en Chile - Departamento de Ingenier\u00eda de Transporte y Log\u00edstica\",\"isPartOf\":{\"@id\":\"https:\\\/\\\/www.ing.uc.cl\\\/transporte-y-logistica\\\/#website\"},\"primaryImageOfPage\":{\"@id\":\"https:\\\/\\\/www.ing.uc.cl\\\/transporte-y-logistica\\\/por-segundo-ano-consecutivo-nuestro-profesor-es-reconocido-por-liderar-ranking-cientifico-en-el-area-ciencias-sociales-y-humanidades-en-chile\\\/#primaryimage\"},\"image\":{\"@id\":\"https:\\\/\\\/www.ing.uc.cl\\\/transporte-y-logistica\\\/por-segundo-ano-consecutivo-nuestro-profesor-es-reconocido-por-liderar-ranking-cientifico-en-el-area-ciencias-sociales-y-humanidades-en-chile\\\/#primaryimage\"},\"thumbnailUrl\":\"https:\\\/\\\/www.ing.uc.cl\\\/transporte-y-logistica\\\/wp-content\\\/uploads\\\/2023\\\/10\\\/jdo_01.jpg\",\"datePublished\":\"2023-08-11T14:09:00+00:00\",\"dateModified\":\"2023-12-14T14:12:57+00:00\",\"author\":{\"@id\":\"https:\\\/\\\/www.ing.uc.cl\\\/transporte-y-logistica\\\/#\\\/schema\\\/person\\\/7f1604ffa51b3299c501b9e2f9583aa6\"},\"breadcrumb\":{\"@id\":\"https:\\\/\\\/www.ing.uc.cl\\\/transporte-y-logistica\\\/por-segundo-ano-consecutivo-nuestro-profesor-es-reconocido-por-liderar-ranking-cientifico-en-el-area-ciencias-sociales-y-humanidades-en-chile\\\/#breadcrumb\"},\"inLanguage\":\"es\",\"potentialAction\":[{\"@type\":\"ReadAction\",\"target\":[\"https:\\\/\\\/www.ing.uc.cl\\\/transporte-y-logistica\\\/por-segundo-ano-consecutivo-nuestro-profesor-es-reconocido-por-liderar-ranking-cientifico-en-el-area-ciencias-sociales-y-humanidades-en-chile\\\/\"]}]},{\"@type\":\"ImageObject\",\"inLanguage\":\"es\",\"@id\":\"https:\\\/\\\/www.ing.uc.cl\\\/transporte-y-logistica\\\/por-segundo-ano-consecutivo-nuestro-profesor-es-reconocido-por-liderar-ranking-cientifico-en-el-area-ciencias-sociales-y-humanidades-en-chile\\\/#primaryimage\",\"url\":\"https:\\\/\\\/www.ing.uc.cl\\\/transporte-y-logistica\\\/wp-content\\\/uploads\\\/2023\\\/10\\\/jdo_01.jpg\",\"contentUrl\":\"https:\\\/\\\/www.ing.uc.cl\\\/transporte-y-logistica\\\/wp-content\\\/uploads\\\/2023\\\/10\\\/jdo_01.jpg\",\"width\":700,\"height\":532},{\"@type\":\"BreadcrumbList\",\"@id\":\"https:\\\/\\\/www.ing.uc.cl\\\/transporte-y-logistica\\\/por-segundo-ano-consecutivo-nuestro-profesor-es-reconocido-por-liderar-ranking-cientifico-en-el-area-ciencias-sociales-y-humanidades-en-chile\\\/#breadcrumb\",\"itemListElement\":[{\"@type\":\"ListItem\",\"position\":1,\"name\":\"Portada\",\"item\":\"https:\\\/\\\/www.ing.uc.cl\\\/transporte-y-logistica\\\/\"},{\"@type\":\"ListItem\",\"position\":2,\"name\":\"Por segundo a\u00f1o consecutivo nuestro profesor es reconocido por liderar ranking cient\u00edfico en el \u00e1rea \u201cCiencias Sociales y Humanidades\u201d en Chile\"}]},{\"@type\":\"WebSite\",\"@id\":\"https:\\\/\\\/www.ing.uc.cl\\\/transporte-y-logistica\\\/#website\",\"url\":\"https:\\\/\\\/www.ing.uc.cl\\\/transporte-y-logistica\\\/\",\"name\":\"Departamento de Ingenier\u00eda de Transporte y Log\u00edstica\",\"description\":\"DITL\",\"potentialAction\":[{\"@type\":\"SearchAction\",\"target\":{\"@type\":\"EntryPoint\",\"urlTemplate\":\"https:\\\/\\\/www.ing.uc.cl\\\/transporte-y-logistica\\\/?s={search_term_string}\"},\"query-input\":{\"@type\":\"PropertyValueSpecification\",\"valueRequired\":true,\"valueName\":\"search_term_string\"}}],\"inLanguage\":\"es\"},{\"@type\":\"Person\",\"@id\":\"https:\\\/\\\/www.ing.uc.cl\\\/transporte-y-logistica\\\/#\\\/schema\\\/person\\\/7f1604ffa51b3299c501b9e2f9583aa6\",\"name\":\"Francisco Herreros\",\"image\":{\"@type\":\"ImageObject\",\"inLanguage\":\"es\",\"@id\":\"https:\\\/\\\/secure.gravatar.com\\\/avatar\\\/63233762875caf7cb464abb0c994788b36bb5a903f4b5e6d958a14f57c41e047?s=96&d=mm&r=g\",\"url\":\"https:\\\/\\\/secure.gravatar.com\\\/avatar\\\/63233762875caf7cb464abb0c994788b36bb5a903f4b5e6d958a14f57c41e047?s=96&d=mm&r=g\",\"contentUrl\":\"https:\\\/\\\/secure.gravatar.com\\\/avatar\\\/63233762875caf7cb464abb0c994788b36bb5a903f4b5e6d958a14f57c41e047?s=96&d=mm&r=g\",\"caption\":\"Francisco Herreros\"},\"url\":\"https:\\\/\\\/www.ing.uc.cl\\\/transporte-y-logistica\\\/author\\\/fherreros\\\/\"}]}<\/script>\n<!-- \/ Yoast SEO plugin. -->","yoast_head_json":{"title":"Por segundo a\u00f1o consecutivo nuestro profesor es reconocido por liderar ranking cient\u00edfico en el \u00e1rea \u201cCiencias Sociales y Humanidades\u201d en Chile - Departamento de Ingenier\u00eda de Transporte y Log\u00edstica","robots":{"index":"index","follow":"follow","max-snippet":"max-snippet:-1","max-image-preview":"max-image-preview:large","max-video-preview":"max-video-preview:-1"},"canonical":"https:\/\/www.ing.uc.cl\/transporte-y-logistica\/por-segundo-ano-consecutivo-nuestro-profesor-es-reconocido-por-liderar-ranking-cientifico-en-el-area-ciencias-sociales-y-humanidades-en-chile\/","og_locale":"es_ES","og_type":"article","og_title":"Por segundo a\u00f1o consecutivo nuestro profesor es reconocido por liderar ranking cient\u00edfico en el \u00e1rea \u201cCiencias Sociales y Humanidades\u201d en Chile - Departamento de Ingenier\u00eda de Transporte y Log\u00edstica","og_description":"Prof. Juan de Dios Ort\u00fazar es reconocido nuevamente por prestigioso portal Research","og_url":"https:\/\/www.ing.uc.cl\/transporte-y-logistica\/por-segundo-ano-consecutivo-nuestro-profesor-es-reconocido-por-liderar-ranking-cientifico-en-el-area-ciencias-sociales-y-humanidades-en-chile\/","og_site_name":"Departamento de Ingenier\u00eda de Transporte y Log\u00edstica","article_published_time":"2023-08-11T14:09:00+00:00","article_modified_time":"2023-12-14T14:12:57+00:00","og_image":[{"width":700,"height":532,"url":"https:\/\/www.ing.uc.cl\/transporte-y-logistica\/wp-content\/uploads\/2023\/10\/jdo_01.jpg","type":"image\/jpeg"}],"author":"Francisco Herreros","twitter_card":"summary_large_image","twitter_misc":{"Escrito por":"Francisco Herreros","Tiempo de lectura":"2 minutos"},"schema":{"@context":"https:\/\/schema.org","@graph":[{"@type":"Article","@id":"https:\/\/www.ing.uc.cl\/transporte-y-logistica\/por-segundo-ano-consecutivo-nuestro-profesor-es-reconocido-por-liderar-ranking-cientifico-en-el-area-ciencias-sociales-y-humanidades-en-chile\/#article","isPartOf":{"@id":"https:\/\/www.ing.uc.cl\/transporte-y-logistica\/por-segundo-ano-consecutivo-nuestro-profesor-es-reconocido-por-liderar-ranking-cientifico-en-el-area-ciencias-sociales-y-humanidades-en-chile\/"},"author":{"name":"Francisco Herreros","@id":"https:\/\/www.ing.uc.cl\/transporte-y-logistica\/#\/schema\/person\/7f1604ffa51b3299c501b9e2f9583aa6"},"headline":"Por segundo a\u00f1o consecutivo nuestro profesor es reconocido por liderar ranking cient\u00edfico en el \u00e1rea \u201cCiencias Sociales y Humanidades\u201d en Chile","datePublished":"2023-08-11T14:09:00+00:00","dateModified":"2023-12-14T14:12:57+00:00","mainEntityOfPage":{"@id":"https:\/\/www.ing.uc.cl\/transporte-y-logistica\/por-segundo-ano-consecutivo-nuestro-profesor-es-reconocido-por-liderar-ranking-cientifico-en-el-area-ciencias-sociales-y-humanidades-en-chile\/"},"wordCount":242,"image":{"@id":"https:\/\/www.ing.uc.cl\/transporte-y-logistica\/por-segundo-ano-consecutivo-nuestro-profesor-es-reconocido-por-liderar-ranking-cientifico-en-el-area-ciencias-sociales-y-humanidades-en-chile\/#primaryimage"},"thumbnailUrl":"https:\/\/www.ing.uc.cl\/transporte-y-logistica\/wp-content\/uploads\/2023\/10\/jdo_01.jpg","articleSection":["Noticia Destacada"],"inLanguage":"es"},{"@type":"WebPage","@id":"https:\/\/www.ing.uc.cl\/transporte-y-logistica\/por-segundo-ano-consecutivo-nuestro-profesor-es-reconocido-por-liderar-ranking-cientifico-en-el-area-ciencias-sociales-y-humanidades-en-chile\/","url":"https:\/\/www.ing.uc.cl\/transporte-y-logistica\/por-segundo-ano-consecutivo-nuestro-profesor-es-reconocido-por-liderar-ranking-cientifico-en-el-area-ciencias-sociales-y-humanidades-en-chile\/","name":"Por segundo a\u00f1o consecutivo nuestro profesor es reconocido por liderar ranking cient\u00edfico en el \u00e1rea \u201cCiencias Sociales y Humanidades\u201d en Chile - Departamento de Ingenier\u00eda de Transporte y Log\u00edstica","isPartOf":{"@id":"https:\/\/www.ing.uc.cl\/transporte-y-logistica\/#website"},"primaryImageOfPage":{"@id":"https:\/\/www.ing.uc.cl\/transporte-y-logistica\/por-segundo-ano-consecutivo-nuestro-profesor-es-reconocido-por-liderar-ranking-cientifico-en-el-area-ciencias-sociales-y-humanidades-en-chile\/#primaryimage"},"image":{"@id":"https:\/\/www.ing.uc.cl\/transporte-y-logistica\/por-segundo-ano-consecutivo-nuestro-profesor-es-reconocido-por-liderar-ranking-cientifico-en-el-area-ciencias-sociales-y-humanidades-en-chile\/#primaryimage"},"thumbnailUrl":"https:\/\/www.ing.uc.cl\/transporte-y-logistica\/wp-content\/uploads\/2023\/10\/jdo_01.jpg","datePublished":"2023-08-11T14:09:00+00:00","dateModified":"2023-12-14T14:12:57+00:00","author":{"@id":"https:\/\/www.ing.uc.cl\/transporte-y-logistica\/#\/schema\/person\/7f1604ffa51b3299c501b9e2f9583aa6"},"breadcrumb":{"@id":"https:\/\/www.ing.uc.cl\/transporte-y-logistica\/por-segundo-ano-consecutivo-nuestro-profesor-es-reconocido-por-liderar-ranking-cientifico-en-el-area-ciencias-sociales-y-humanidades-en-chile\/#breadcrumb"},"inLanguage":"es","potentialAction":[{"@type":"ReadAction","target":["https:\/\/www.ing.uc.cl\/transporte-y-logistica\/por-segundo-ano-consecutivo-nuestro-profesor-es-reconocido-por-liderar-ranking-cientifico-en-el-area-ciencias-sociales-y-humanidades-en-chile\/"]}]},{"@type":"ImageObject","inLanguage":"es","@id":"https:\/\/www.ing.uc.cl\/transporte-y-logistica\/por-segundo-ano-consecutivo-nuestro-profesor-es-reconocido-por-liderar-ranking-cientifico-en-el-area-ciencias-sociales-y-humanidades-en-chile\/#primaryimage","url":"https:\/\/www.ing.uc.cl\/transporte-y-logistica\/wp-content\/uploads\/2023\/10\/jdo_01.jpg","contentUrl":"https:\/\/www.ing.uc.cl\/transporte-y-logistica\/wp-content\/uploads\/2023\/10\/jdo_01.jpg","width":700,"height":532},{"@type":"BreadcrumbList","@id":"https:\/\/www.ing.uc.cl\/transporte-y-logistica\/por-segundo-ano-consecutivo-nuestro-profesor-es-reconocido-por-liderar-ranking-cientifico-en-el-area-ciencias-sociales-y-humanidades-en-chile\/#breadcrumb","itemListElement":[{"@type":"ListItem","position":1,"name":"Portada","item":"https:\/\/www.ing.uc.cl\/transporte-y-logistica\/"},{"@type":"ListItem","position":2,"name":"Por segundo a\u00f1o consecutivo nuestro profesor es reconocido por liderar ranking cient\u00edfico en el \u00e1rea \u201cCiencias Sociales y Humanidades\u201d en Chile"}]},{"@type":"WebSite","@id":"https:\/\/www.ing.uc.cl\/transporte-y-logistica\/#website","url":"https:\/\/www.ing.uc.cl\/transporte-y-logistica\/","name":"Departamento de Ingenier\u00eda de Transporte y Log\u00edstica","description":"DITL","potentialAction":[{"@type":"SearchAction","target":{"@type":"EntryPoint","urlTemplate":"https:\/\/www.ing.uc.cl\/transporte-y-logistica\/?s={search_term_string}"},"query-input":{"@type":"PropertyValueSpecification","valueRequired":true,"valueName":"search_term_string"}}],"inLanguage":"es"},{"@type":"Person","@id":"https:\/\/www.ing.uc.cl\/transporte-y-logistica\/#\/schema\/person\/7f1604ffa51b3299c501b9e2f9583aa6","name":"Francisco Herreros","image":{"@type":"ImageObject","inLanguage":"es","@id":"https:\/\/secure.gravatar.com\/avatar\/63233762875caf7cb464abb0c994788b36bb5a903f4b5e6d958a14f57c41e047?s=96&d=mm&r=g","url":"https:\/\/secure.gravatar.com\/avatar\/63233762875caf7cb464abb0c994788b36bb5a903f4b5e6d958a14f57c41e047?s=96&d=mm&r=g","contentUrl":"https:\/\/secure.gravatar.com\/avatar\/63233762875caf7cb464abb0c994788b36bb5a903f4b5e6d958a14f57c41e047?s=96&d=mm&r=g","caption":"Francisco Herreros"},"url":"https:\/\/www.ing.uc.cl\/transporte-y-logistica\/author\/fherreros\/"}]}},"_links":{"self":[{"href":"https:\/\/www.ing.uc.cl\/transporte-y-logistica\/wp-json\/wp\/v2\/posts\/11455","targetHints":{"allow":["GET"]}}],"collection":[{"href":"https:\/\/www.ing.uc.cl\/transporte-y-logistica\/wp-json\/wp\/v2\/posts"}],"about":[{"href":"https:\/\/www.ing.uc.cl\/transporte-y-logistica\/wp-json\/wp\/v2\/types\/post"}],"author":[{"embeddable":true,"href":"https:\/\/www.ing.uc.cl\/transporte-y-logistica\/wp-json\/wp\/v2\/users\/6"}],"replies":[{"embeddable":true,"href":"https:\/\/www.ing.uc.cl\/transporte-y-logistica\/wp-json\/wp\/v2\/comments?post=11455"}],"version-history":[{"count":6,"href":"https:\/\/www.ing.uc.cl\/transporte-y-logistica\/wp-json\/wp\/v2\/posts\/11455\/revisions"}],"predecessor-version":[{"id":11841,"href":"https:\/\/www.ing.uc.cl\/transporte-y-logistica\/wp-json\/wp\/v2\/posts\/11455\/revisions\/11841"}],"wp:featuredmedia":[{"embeddable":true,"href":"https:\/\/www.ing.uc.cl\/transporte-y-logistica\/wp-json\/wp\/v2\/media\/11689"}],"wp:attachment":[{"href":"https:\/\/www.ing.uc.cl\/transporte-y-logistica\/wp-json\/wp\/v2\/media?parent=11455"}],"wp:term":[{"taxonomy":"category","embeddable":true,"href":"https:\/\/www.ing.uc.cl\/transporte-y-logistica\/wp-json\/wp\/v2\/categories?post=11455"},{"taxonomy":"post_tag","embeddable":true,"href":"https:\/\/www.ing.uc.cl\/transporte-y-logistica\/wp-json\/wp\/v2\/tags?post=11455"}],"curies":[{"name":"wp","href":"https:\/\/api.w.org\/{rel}","templated":true}]}}