{"id":11780,"date":"2023-11-15T15:47:03","date_gmt":"2023-11-15T18:47:03","guid":{"rendered":"https:\/\/www.ing.uc.cl\/transporte-y-logistica\/?p=11780"},"modified":"2023-11-15T15:47:05","modified_gmt":"2023-11-15T18:47:05","slug":"profesores-y-estudiantes-participaron-en-el-21-congreso-chileno-de-ingenieria-de-transporte","status":"publish","type":"post","link":"https:\/\/www.ing.uc.cl\/transporte-y-logistica\/profesores-y-estudiantes-participaron-en-el-21-congreso-chileno-de-ingenieria-de-transporte\/","title":{"rendered":"Profesores y estudiantes participaron en el\u00a021\u00b0 Congreso Chileno de Ingenier\u00eda de Transporte"},"content":{"rendered":"<h5><\/h5>\n<div class=\"x_elementToProof\"><b>El 21\u00b0 Congreso Chileno de Ingenier\u00eda de Transporte, organizado por SOCHITRAN y la PUCV, uni\u00f3 a profesionales, estudiantes y expertos a nivel nacional, donde nuestro departamento tambi\u00e9n se hizo presente.<\/b><\/div>\n<div><span style=\"color: #ffffff;\">.<\/span><\/div>\n<div>\n<p>En el marco del reciente\u00a021\u00b0 Congreso Chileno de Ingenier\u00eda de Transporte, celebrado entre el 23 y el 25 de octubre en la Pontificia Universidad Cat\u00f3lica de Valpara\u00edso (PUCV), el Departamento de Ingenier\u00eda de Transporte y Log\u00edstica se distingui\u00f3 por su activa participaci\u00f3n y valiosas contribuciones.<\/p>\n<div>El congreso, organizado por la Sociedad Chilena de Ingenier\u00eda de Transporte (SOCHITRAN) y la Escuela de Ingenier\u00eda de Construcci\u00f3n y Transporte de la PUCV, congreg\u00f3 a profesionales, estudiantes y especialistas del sector p\u00fablico y privado, tanto a nivel nacional como internacional. Este evento bienal ha consolidado su posici\u00f3n como una plataforma fundamental para el intercambio de conocimientos y experiencias en el \u00e1mbito de la ingenier\u00eda de transporte.<\/div>\n<\/div>\n<div><\/div>\n<div><\/div>\n<div>\n<figure class=\"wp-block-image\"><img alt=\"\" \/><\/figure>\n<p>Los profesores de nuestro departamento que asistieron a esta jornada fueron\u00a0<b>Ricardo Hurtubia<\/b>,\u00a0<b>Juan Carlos Herrera<\/b>,\u00a0<b>Patricia Galilea<\/b>\u00a0y\u00a0<b>Sebasti\u00e1n Raveau<\/b>, cuyos trabajos de investigaci\u00f3n formaron parte de las distintas sesiones que se llevaron a cabo durante el congreso, adem\u00e1s de tambi\u00e9n participar activamente como moderadores.<\/p>\n<div>\n<div class=\"adm\">\n<div><span style=\"color: #ffffff;\">.<\/span><\/div>\n<\/div>\n<\/div>\n<div class=\"x_x_elementToProof\">\n<div class=\"x_elementToProof\">Nuestros estudiantes de postgrado tambi\u00e9n formaron parte de esta jornada.\u00a0<b>Keiko Porath<\/b>, estudiante de mag\u00edster, present\u00f3 su investigaci\u00f3n titulada \u00ab<i>Giving Voice To Women In Public Transport: Understanding \u201c(in)mobility Of Care\u201d And Female Travel Patterns<\/i>\u00ab.\u00a0<b>Mar\u00eda Fernanda Guajardo<\/b>, graduada de mag\u00edster, comparti\u00f3 su trabajo \u00ab<i>Entendiendo La Elecci\u00f3n Modal De Personas Ciegas O Con Baja Visi\u00f3n A Trav\u00e9s De Variables Latentes<\/i>\u00ab. Y, por su parte,\u00a0<b>Diego Guam\u00e1n<\/b>, estudiante de doctorado, present\u00f3 \u00ab<i>Identificaci\u00f3n De Arcos Representativos Para La Estimaci\u00f3n Del Diagrama Fundamental Macrosc\u00f3pico<\/i>\u00ab<\/div>\n<div class=\"x_elementToProof\"><\/div>\n<div class=\"x_elementToProof\">Como DITL esperamos continuar contribuyendo activamente en futuros eventos, tanto nacionales como internacionales, y seguir consolidando as\u00ed nuestro papel como referentes en el \u00e1mbito de la ingenier\u00eda de transporte y la log\u00edstica.<\/div>\n<\/div>\n<\/div>\n<div><span style=\"color: #ffffff;\">.<\/span><\/div>\n<div>\n<div id=\"attachment_11781\" style=\"width: 1034px\" class=\"wp-caption alignnone\"><a href=\"https:\/\/www.ing.uc.cl\/transporte-y-logistica\/wp-content\/uploads\/2023\/11\/CCHIT2.jpg\"><img fetchpriority=\"high\" decoding=\"async\" aria-describedby=\"caption-attachment-11781\" class=\"wp-image-11781 size-large\" src=\"https:\/\/www.ing.uc.cl\/transporte-y-logistica\/wp-content\/uploads\/2023\/11\/CCHIT2-1024x768.jpg\" alt=\"\" width=\"1024\" height=\"768\" srcset=\"https:\/\/www.ing.uc.cl\/transporte-y-logistica\/wp-content\/uploads\/2023\/11\/CCHIT2-1024x768.jpg 1024w, https:\/\/www.ing.uc.cl\/transporte-y-logistica\/wp-content\/uploads\/2023\/11\/CCHIT2-300x225.jpg 300w, https:\/\/www.ing.uc.cl\/transporte-y-logistica\/wp-content\/uploads\/2023\/11\/CCHIT2-768x576.jpg 768w, https:\/\/www.ing.uc.cl\/transporte-y-logistica\/wp-content\/uploads\/2023\/11\/CCHIT2-1536x1152.jpg 1536w, https:\/\/www.ing.uc.cl\/transporte-y-logistica\/wp-content\/uploads\/2023\/11\/CCHIT2-400x300.jpg 400w, https:\/\/www.ing.uc.cl\/transporte-y-logistica\/wp-content\/uploads\/2023\/11\/CCHIT2.jpg 2048w\" sizes=\"(max-width: 1024px) 100vw, 1024px\" \/><\/a><p id=\"caption-attachment-11781\" class=\"wp-caption-text\">Fuente imagen: @SOCHITRAN<\/p><\/div>\n<\/div>\n","protected":false},"excerpt":{"rendered":"<p><\/p>\n<p><img src=https:\/\/www.ing.uc.cl\/transporte-y-logistica\/wp-content\/uploads\/2023\/11\/CCHIT2-1024x768.jpg\" style=\"all: unset;margin-top:0px; width: 90px; float:left; display: inline;margin-right:9px\"> Profesores y estudiantes participaron en el\u00a021\u00b0 Congreso Chileno de Ingenier\u00eda de Transporte.<\/p>\n","protected":false},"author":8,"featured_media":11781,"comment_status":"closed","ping_status":"closed","sticky":false,"template":"","format":"standard","meta":{"_acf_changed":false,"footnotes":""},"categories":[4],"tags":[],"class_list":{"0":"post-11780","1":"post","2":"type-post","3":"status-publish","4":"format-standard","5":"has-post-thumbnail","6":"hentry","7":"category-noticia-destacada","9":"post-with-thumbnail","10":"post-with-thumbnail-large"},"acf":[],"yoast_head":"<!-- This site is optimized with the Yoast SEO plugin v27.5 - https:\/\/yoast.com\/product\/yoast-seo-wordpress\/ -->\n<title>Profesores y estudiantes participaron en el\u00a021\u00b0 Congreso Chileno de Ingenier\u00eda de Transporte - Departamento de Ingenier\u00eda de Transporte y Log\u00edstica<\/title>\n<meta name=\"robots\" content=\"index, follow, max-snippet:-1, max-image-preview:large, max-video-preview:-1\" \/>\n<link rel=\"canonical\" href=\"https:\/\/www.ing.uc.cl\/transporte-y-logistica\/profesores-y-estudiantes-participaron-en-el-21-congreso-chileno-de-ingenieria-de-transporte\/\" \/>\n<meta property=\"og:locale\" content=\"es_ES\" \/>\n<meta property=\"og:type\" content=\"article\" \/>\n<meta property=\"og:title\" content=\"Profesores y estudiantes participaron en el\u00a021\u00b0 Congreso Chileno de Ingenier\u00eda de Transporte - Departamento de Ingenier\u00eda de Transporte y Log\u00edstica\" \/>\n<meta property=\"og:url\" content=\"https:\/\/www.ing.uc.cl\/transporte-y-logistica\/profesores-y-estudiantes-participaron-en-el-21-congreso-chileno-de-ingenieria-de-transporte\/\" \/>\n<meta property=\"og:site_name\" content=\"Departamento de Ingenier\u00eda de Transporte y Log\u00edstica\" \/>\n<meta property=\"article:published_time\" content=\"2023-11-15T18:47:03+00:00\" \/>\n<meta property=\"article:modified_time\" content=\"2023-11-15T18:47:05+00:00\" \/>\n<meta property=\"og:image\" content=\"https:\/\/www.ing.uc.cl\/transporte-y-logistica\/wp-content\/uploads\/2023\/11\/CCHIT2.jpg\" \/>\n\t<meta property=\"og:image:width\" content=\"2048\" \/>\n\t<meta property=\"og:image:height\" content=\"1536\" \/>\n\t<meta property=\"og:image:type\" content=\"image\/jpeg\" \/>\n<meta name=\"author\" content=\"Keyra Tiape\" \/>\n<meta name=\"twitter:card\" content=\"summary_large_image\" \/>\n<meta name=\"twitter:label1\" content=\"Escrito por\" \/>\n\t<meta name=\"twitter:data1\" content=\"Keyra Tiape\" \/>\n\t<meta name=\"twitter:label2\" content=\"Tiempo de lectura\" \/>\n\t<meta name=\"twitter:data2\" content=\"2 minutos\" \/>\n<script type=\"application\/ld+json\" class=\"yoast-schema-graph\">{\"@context\":\"https:\\\/\\\/schema.org\",\"@graph\":[{\"@type\":\"Article\",\"@id\":\"https:\\\/\\\/www.ing.uc.cl\\\/transporte-y-logistica\\\/profesores-y-estudiantes-participaron-en-el-21-congreso-chileno-de-ingenieria-de-transporte\\\/#article\",\"isPartOf\":{\"@id\":\"https:\\\/\\\/www.ing.uc.cl\\\/transporte-y-logistica\\\/profesores-y-estudiantes-participaron-en-el-21-congreso-chileno-de-ingenieria-de-transporte\\\/\"},\"author\":{\"name\":\"Keyra Tiape\",\"@id\":\"https:\\\/\\\/www.ing.uc.cl\\\/transporte-y-logistica\\\/#\\\/schema\\\/person\\\/18b5c75a93aca6dfe42b216977b110a2\"},\"headline\":\"Profesores y estudiantes participaron en el\u00a021\u00b0 Congreso Chileno de Ingenier\u00eda de Transporte\",\"datePublished\":\"2023-11-15T18:47:03+00:00\",\"dateModified\":\"2023-11-15T18:47:05+00:00\",\"mainEntityOfPage\":{\"@id\":\"https:\\\/\\\/www.ing.uc.cl\\\/transporte-y-logistica\\\/profesores-y-estudiantes-participaron-en-el-21-congreso-chileno-de-ingenieria-de-transporte\\\/\"},\"wordCount\":353,\"image\":{\"@id\":\"https:\\\/\\\/www.ing.uc.cl\\\/transporte-y-logistica\\\/profesores-y-estudiantes-participaron-en-el-21-congreso-chileno-de-ingenieria-de-transporte\\\/#primaryimage\"},\"thumbnailUrl\":\"https:\\\/\\\/www.ing.uc.cl\\\/transporte-y-logistica\\\/wp-content\\\/uploads\\\/2023\\\/11\\\/CCHIT2.jpg\",\"articleSection\":[\"Noticia Destacada\"],\"inLanguage\":\"es\"},{\"@type\":\"WebPage\",\"@id\":\"https:\\\/\\\/www.ing.uc.cl\\\/transporte-y-logistica\\\/profesores-y-estudiantes-participaron-en-el-21-congreso-chileno-de-ingenieria-de-transporte\\\/\",\"url\":\"https:\\\/\\\/www.ing.uc.cl\\\/transporte-y-logistica\\\/profesores-y-estudiantes-participaron-en-el-21-congreso-chileno-de-ingenieria-de-transporte\\\/\",\"name\":\"Profesores y estudiantes participaron en el\u00a021\u00b0 Congreso Chileno de Ingenier\u00eda de Transporte - Departamento de Ingenier\u00eda de Transporte y Log\u00edstica\",\"isPartOf\":{\"@id\":\"https:\\\/\\\/www.ing.uc.cl\\\/transporte-y-logistica\\\/#website\"},\"primaryImageOfPage\":{\"@id\":\"https:\\\/\\\/www.ing.uc.cl\\\/transporte-y-logistica\\\/profesores-y-estudiantes-participaron-en-el-21-congreso-chileno-de-ingenieria-de-transporte\\\/#primaryimage\"},\"image\":{\"@id\":\"https:\\\/\\\/www.ing.uc.cl\\\/transporte-y-logistica\\\/profesores-y-estudiantes-participaron-en-el-21-congreso-chileno-de-ingenieria-de-transporte\\\/#primaryimage\"},\"thumbnailUrl\":\"https:\\\/\\\/www.ing.uc.cl\\\/transporte-y-logistica\\\/wp-content\\\/uploads\\\/2023\\\/11\\\/CCHIT2.jpg\",\"datePublished\":\"2023-11-15T18:47:03+00:00\",\"dateModified\":\"2023-11-15T18:47:05+00:00\",\"author\":{\"@id\":\"https:\\\/\\\/www.ing.uc.cl\\\/transporte-y-logistica\\\/#\\\/schema\\\/person\\\/18b5c75a93aca6dfe42b216977b110a2\"},\"breadcrumb\":{\"@id\":\"https:\\\/\\\/www.ing.uc.cl\\\/transporte-y-logistica\\\/profesores-y-estudiantes-participaron-en-el-21-congreso-chileno-de-ingenieria-de-transporte\\\/#breadcrumb\"},\"inLanguage\":\"es\",\"potentialAction\":[{\"@type\":\"ReadAction\",\"target\":[\"https:\\\/\\\/www.ing.uc.cl\\\/transporte-y-logistica\\\/profesores-y-estudiantes-participaron-en-el-21-congreso-chileno-de-ingenieria-de-transporte\\\/\"]}]},{\"@type\":\"ImageObject\",\"inLanguage\":\"es\",\"@id\":\"https:\\\/\\\/www.ing.uc.cl\\\/transporte-y-logistica\\\/profesores-y-estudiantes-participaron-en-el-21-congreso-chileno-de-ingenieria-de-transporte\\\/#primaryimage\",\"url\":\"https:\\\/\\\/www.ing.uc.cl\\\/transporte-y-logistica\\\/wp-content\\\/uploads\\\/2023\\\/11\\\/CCHIT2.jpg\",\"contentUrl\":\"https:\\\/\\\/www.ing.uc.cl\\\/transporte-y-logistica\\\/wp-content\\\/uploads\\\/2023\\\/11\\\/CCHIT2.jpg\",\"width\":2048,\"height\":1536},{\"@type\":\"BreadcrumbList\",\"@id\":\"https:\\\/\\\/www.ing.uc.cl\\\/transporte-y-logistica\\\/profesores-y-estudiantes-participaron-en-el-21-congreso-chileno-de-ingenieria-de-transporte\\\/#breadcrumb\",\"itemListElement\":[{\"@type\":\"ListItem\",\"position\":1,\"name\":\"Portada\",\"item\":\"https:\\\/\\\/www.ing.uc.cl\\\/transporte-y-logistica\\\/\"},{\"@type\":\"ListItem\",\"position\":2,\"name\":\"Profesores y estudiantes participaron en el\u00a021\u00b0 Congreso Chileno de Ingenier\u00eda de Transporte\"}]},{\"@type\":\"WebSite\",\"@id\":\"https:\\\/\\\/www.ing.uc.cl\\\/transporte-y-logistica\\\/#website\",\"url\":\"https:\\\/\\\/www.ing.uc.cl\\\/transporte-y-logistica\\\/\",\"name\":\"Departamento de Ingenier\u00eda de Transporte y Log\u00edstica\",\"description\":\"DITL\",\"potentialAction\":[{\"@type\":\"SearchAction\",\"target\":{\"@type\":\"EntryPoint\",\"urlTemplate\":\"https:\\\/\\\/www.ing.uc.cl\\\/transporte-y-logistica\\\/?s={search_term_string}\"},\"query-input\":{\"@type\":\"PropertyValueSpecification\",\"valueRequired\":true,\"valueName\":\"search_term_string\"}}],\"inLanguage\":\"es\"},{\"@type\":\"Person\",\"@id\":\"https:\\\/\\\/www.ing.uc.cl\\\/transporte-y-logistica\\\/#\\\/schema\\\/person\\\/18b5c75a93aca6dfe42b216977b110a2\",\"name\":\"Keyra Tiape\",\"image\":{\"@type\":\"ImageObject\",\"inLanguage\":\"es\",\"@id\":\"https:\\\/\\\/secure.gravatar.com\\\/avatar\\\/b9c60b714a61c8b70e7cf40e0d582f280e9f385ad6edd0c4704b97f5749bd36e?s=96&d=mm&r=g\",\"url\":\"https:\\\/\\\/secure.gravatar.com\\\/avatar\\\/b9c60b714a61c8b70e7cf40e0d582f280e9f385ad6edd0c4704b97f5749bd36e?s=96&d=mm&r=g\",\"contentUrl\":\"https:\\\/\\\/secure.gravatar.com\\\/avatar\\\/b9c60b714a61c8b70e7cf40e0d582f280e9f385ad6edd0c4704b97f5749bd36e?s=96&d=mm&r=g\",\"caption\":\"Keyra Tiape\"},\"url\":\"https:\\\/\\\/www.ing.uc.cl\\\/transporte-y-logistica\\\/author\\\/ktiape\\\/\"}]}<\/script>\n<!-- \/ Yoast SEO plugin. -->","yoast_head_json":{"title":"Profesores y estudiantes participaron en el\u00a021\u00b0 Congreso Chileno de Ingenier\u00eda de Transporte - Departamento de Ingenier\u00eda de Transporte y Log\u00edstica","robots":{"index":"index","follow":"follow","max-snippet":"max-snippet:-1","max-image-preview":"max-image-preview:large","max-video-preview":"max-video-preview:-1"},"canonical":"https:\/\/www.ing.uc.cl\/transporte-y-logistica\/profesores-y-estudiantes-participaron-en-el-21-congreso-chileno-de-ingenieria-de-transporte\/","og_locale":"es_ES","og_type":"article","og_title":"Profesores y estudiantes participaron en el\u00a021\u00b0 Congreso Chileno de Ingenier\u00eda de Transporte - Departamento de Ingenier\u00eda de Transporte y Log\u00edstica","og_url":"https:\/\/www.ing.uc.cl\/transporte-y-logistica\/profesores-y-estudiantes-participaron-en-el-21-congreso-chileno-de-ingenieria-de-transporte\/","og_site_name":"Departamento de Ingenier\u00eda de Transporte y Log\u00edstica","article_published_time":"2023-11-15T18:47:03+00:00","article_modified_time":"2023-11-15T18:47:05+00:00","og_image":[{"width":2048,"height":1536,"url":"https:\/\/www.ing.uc.cl\/transporte-y-logistica\/wp-content\/uploads\/2023\/11\/CCHIT2.jpg","type":"image\/jpeg"}],"author":"Keyra Tiape","twitter_card":"summary_large_image","twitter_misc":{"Escrito por":"Keyra Tiape","Tiempo de lectura":"2 minutos"},"schema":{"@context":"https:\/\/schema.org","@graph":[{"@type":"Article","@id":"https:\/\/www.ing.uc.cl\/transporte-y-logistica\/profesores-y-estudiantes-participaron-en-el-21-congreso-chileno-de-ingenieria-de-transporte\/#article","isPartOf":{"@id":"https:\/\/www.ing.uc.cl\/transporte-y-logistica\/profesores-y-estudiantes-participaron-en-el-21-congreso-chileno-de-ingenieria-de-transporte\/"},"author":{"name":"Keyra Tiape","@id":"https:\/\/www.ing.uc.cl\/transporte-y-logistica\/#\/schema\/person\/18b5c75a93aca6dfe42b216977b110a2"},"headline":"Profesores y estudiantes participaron en el\u00a021\u00b0 Congreso Chileno de Ingenier\u00eda de Transporte","datePublished":"2023-11-15T18:47:03+00:00","dateModified":"2023-11-15T18:47:05+00:00","mainEntityOfPage":{"@id":"https:\/\/www.ing.uc.cl\/transporte-y-logistica\/profesores-y-estudiantes-participaron-en-el-21-congreso-chileno-de-ingenieria-de-transporte\/"},"wordCount":353,"image":{"@id":"https:\/\/www.ing.uc.cl\/transporte-y-logistica\/profesores-y-estudiantes-participaron-en-el-21-congreso-chileno-de-ingenieria-de-transporte\/#primaryimage"},"thumbnailUrl":"https:\/\/www.ing.uc.cl\/transporte-y-logistica\/wp-content\/uploads\/2023\/11\/CCHIT2.jpg","articleSection":["Noticia Destacada"],"inLanguage":"es"},{"@type":"WebPage","@id":"https:\/\/www.ing.uc.cl\/transporte-y-logistica\/profesores-y-estudiantes-participaron-en-el-21-congreso-chileno-de-ingenieria-de-transporte\/","url":"https:\/\/www.ing.uc.cl\/transporte-y-logistica\/profesores-y-estudiantes-participaron-en-el-21-congreso-chileno-de-ingenieria-de-transporte\/","name":"Profesores y estudiantes participaron en el\u00a021\u00b0 Congreso Chileno de Ingenier\u00eda de Transporte - Departamento de Ingenier\u00eda de Transporte y Log\u00edstica","isPartOf":{"@id":"https:\/\/www.ing.uc.cl\/transporte-y-logistica\/#website"},"primaryImageOfPage":{"@id":"https:\/\/www.ing.uc.cl\/transporte-y-logistica\/profesores-y-estudiantes-participaron-en-el-21-congreso-chileno-de-ingenieria-de-transporte\/#primaryimage"},"image":{"@id":"https:\/\/www.ing.uc.cl\/transporte-y-logistica\/profesores-y-estudiantes-participaron-en-el-21-congreso-chileno-de-ingenieria-de-transporte\/#primaryimage"},"thumbnailUrl":"https:\/\/www.ing.uc.cl\/transporte-y-logistica\/wp-content\/uploads\/2023\/11\/CCHIT2.jpg","datePublished":"2023-11-15T18:47:03+00:00","dateModified":"2023-11-15T18:47:05+00:00","author":{"@id":"https:\/\/www.ing.uc.cl\/transporte-y-logistica\/#\/schema\/person\/18b5c75a93aca6dfe42b216977b110a2"},"breadcrumb":{"@id":"https:\/\/www.ing.uc.cl\/transporte-y-logistica\/profesores-y-estudiantes-participaron-en-el-21-congreso-chileno-de-ingenieria-de-transporte\/#breadcrumb"},"inLanguage":"es","potentialAction":[{"@type":"ReadAction","target":["https:\/\/www.ing.uc.cl\/transporte-y-logistica\/profesores-y-estudiantes-participaron-en-el-21-congreso-chileno-de-ingenieria-de-transporte\/"]}]},{"@type":"ImageObject","inLanguage":"es","@id":"https:\/\/www.ing.uc.cl\/transporte-y-logistica\/profesores-y-estudiantes-participaron-en-el-21-congreso-chileno-de-ingenieria-de-transporte\/#primaryimage","url":"https:\/\/www.ing.uc.cl\/transporte-y-logistica\/wp-content\/uploads\/2023\/11\/CCHIT2.jpg","contentUrl":"https:\/\/www.ing.uc.cl\/transporte-y-logistica\/wp-content\/uploads\/2023\/11\/CCHIT2.jpg","width":2048,"height":1536},{"@type":"BreadcrumbList","@id":"https:\/\/www.ing.uc.cl\/transporte-y-logistica\/profesores-y-estudiantes-participaron-en-el-21-congreso-chileno-de-ingenieria-de-transporte\/#breadcrumb","itemListElement":[{"@type":"ListItem","position":1,"name":"Portada","item":"https:\/\/www.ing.uc.cl\/transporte-y-logistica\/"},{"@type":"ListItem","position":2,"name":"Profesores y estudiantes participaron en el\u00a021\u00b0 Congreso Chileno de Ingenier\u00eda de Transporte"}]},{"@type":"WebSite","@id":"https:\/\/www.ing.uc.cl\/transporte-y-logistica\/#website","url":"https:\/\/www.ing.uc.cl\/transporte-y-logistica\/","name":"Departamento de Ingenier\u00eda de Transporte y Log\u00edstica","description":"DITL","potentialAction":[{"@type":"SearchAction","target":{"@type":"EntryPoint","urlTemplate":"https:\/\/www.ing.uc.cl\/transporte-y-logistica\/?s={search_term_string}"},"query-input":{"@type":"PropertyValueSpecification","valueRequired":true,"valueName":"search_term_string"}}],"inLanguage":"es"},{"@type":"Person","@id":"https:\/\/www.ing.uc.cl\/transporte-y-logistica\/#\/schema\/person\/18b5c75a93aca6dfe42b216977b110a2","name":"Keyra Tiape","image":{"@type":"ImageObject","inLanguage":"es","@id":"https:\/\/secure.gravatar.com\/avatar\/b9c60b714a61c8b70e7cf40e0d582f280e9f385ad6edd0c4704b97f5749bd36e?s=96&d=mm&r=g","url":"https:\/\/secure.gravatar.com\/avatar\/b9c60b714a61c8b70e7cf40e0d582f280e9f385ad6edd0c4704b97f5749bd36e?s=96&d=mm&r=g","contentUrl":"https:\/\/secure.gravatar.com\/avatar\/b9c60b714a61c8b70e7cf40e0d582f280e9f385ad6edd0c4704b97f5749bd36e?s=96&d=mm&r=g","caption":"Keyra Tiape"},"url":"https:\/\/www.ing.uc.cl\/transporte-y-logistica\/author\/ktiape\/"}]}},"_links":{"self":[{"href":"https:\/\/www.ing.uc.cl\/transporte-y-logistica\/wp-json\/wp\/v2\/posts\/11780","targetHints":{"allow":["GET"]}}],"collection":[{"href":"https:\/\/www.ing.uc.cl\/transporte-y-logistica\/wp-json\/wp\/v2\/posts"}],"about":[{"href":"https:\/\/www.ing.uc.cl\/transporte-y-logistica\/wp-json\/wp\/v2\/types\/post"}],"author":[{"embeddable":true,"href":"https:\/\/www.ing.uc.cl\/transporte-y-logistica\/wp-json\/wp\/v2\/users\/8"}],"replies":[{"embeddable":true,"href":"https:\/\/www.ing.uc.cl\/transporte-y-logistica\/wp-json\/wp\/v2\/comments?post=11780"}],"version-history":[{"count":5,"href":"https:\/\/www.ing.uc.cl\/transporte-y-logistica\/wp-json\/wp\/v2\/posts\/11780\/revisions"}],"predecessor-version":[{"id":11794,"href":"https:\/\/www.ing.uc.cl\/transporte-y-logistica\/wp-json\/wp\/v2\/posts\/11780\/revisions\/11794"}],"wp:featuredmedia":[{"embeddable":true,"href":"https:\/\/www.ing.uc.cl\/transporte-y-logistica\/wp-json\/wp\/v2\/media\/11781"}],"wp:attachment":[{"href":"https:\/\/www.ing.uc.cl\/transporte-y-logistica\/wp-json\/wp\/v2\/media?parent=11780"}],"wp:term":[{"taxonomy":"category","embeddable":true,"href":"https:\/\/www.ing.uc.cl\/transporte-y-logistica\/wp-json\/wp\/v2\/categories?post=11780"},{"taxonomy":"post_tag","embeddable":true,"href":"https:\/\/www.ing.uc.cl\/transporte-y-logistica\/wp-json\/wp\/v2\/tags?post=11780"}],"curies":[{"name":"wp","href":"https:\/\/api.w.org\/{rel}","templated":true}]}}