{"id":11827,"date":"2023-12-14T11:07:04","date_gmt":"2023-12-14T14:07:04","guid":{"rendered":"https:\/\/www.ing.uc.cl\/transporte-y-logistica\/?p=11827"},"modified":"2023-12-14T11:07:06","modified_gmt":"2023-12-14T14:07:06","slug":"se-lleva-a-cabo-una-nueva-version-de-nuestra-cena-de-titulados","status":"publish","type":"post","link":"https:\/\/www.ing.uc.cl\/transporte-y-logistica\/se-lleva-a-cabo-una-nueva-version-de-nuestra-cena-de-titulados\/","title":{"rendered":"Se lleva a cabo una nueva versi\u00f3n de nuestra Cena de Titulados"},"content":{"rendered":"<div>El pasado mi\u00e9rcoles 6 de diciembre, en el Club 50 ubicado en la comuna de Las Condes, se llev\u00f3 a cabo nuestra cena anual de titulados del Departamento de Ingenier\u00eda de Transporte y Log\u00edstica. Cerca de 50 personas, entre reci\u00e9n titulados, profesores y funcionarios, se unieron para festejar el logro de los nuevos profesionales y la culminaci\u00f3n de su traves\u00eda acad\u00e9mica.<\/div>\n<div><br aria-hidden=\"true\" \/>La velada cont\u00f3 con la presencia de\u00a0<b>\u00darsula Velarde<\/b>, una destacada exalumna del departamento y miembro de nuestro Consejo Asesor, quien ha acumulado m\u00e1s de 25 a\u00f1os de experiencia profesional en la consultor\u00eda del sector transporte en Latinoam\u00e9rica. Actualmente, se desempe\u00f1a como Head of Latin America Operations en Steer.<\/div>\n<div><span style=\"color: #ffffff;\">.<\/span><\/div>\n<div><a href=\"https:\/\/www.ing.uc.cl\/transporte-y-logistica\/wp-content\/uploads\/2023\/12\/IMG_5033-scaled.jpg\"><img fetchpriority=\"high\" decoding=\"async\" class=\"aligncenter wp-image-11832 size-medium\" src=\"https:\/\/www.ing.uc.cl\/transporte-y-logistica\/wp-content\/uploads\/2023\/12\/IMG_5033-300x225.jpg\" alt=\"\" width=\"300\" height=\"225\" srcset=\"https:\/\/www.ing.uc.cl\/transporte-y-logistica\/wp-content\/uploads\/2023\/12\/IMG_5033-300x225.jpg 300w, https:\/\/www.ing.uc.cl\/transporte-y-logistica\/wp-content\/uploads\/2023\/12\/IMG_5033-1024x768.jpg 1024w, https:\/\/www.ing.uc.cl\/transporte-y-logistica\/wp-content\/uploads\/2023\/12\/IMG_5033-768x576.jpg 768w, https:\/\/www.ing.uc.cl\/transporte-y-logistica\/wp-content\/uploads\/2023\/12\/IMG_5033-1536x1152.jpg 1536w, https:\/\/www.ing.uc.cl\/transporte-y-logistica\/wp-content\/uploads\/2023\/12\/IMG_5033-2048x1536.jpg 2048w, https:\/\/www.ing.uc.cl\/transporte-y-logistica\/wp-content\/uploads\/2023\/12\/IMG_5033-400x300.jpg 400w\" sizes=\"(max-width: 300px) 100vw, 300px\" \/><\/a><\/div>\n<div><span style=\"color: #ffffff;\">.<\/span><\/div>\n<div>\u00darsula, como invitada de honor, comparti\u00f3 unas emotivas palabras con los reci\u00e9n graduados, brindando valiosas perspectivas y alentando a los nuevos profesionales a perseguir sus objetivos en el campo de transporte. Su presencia y mensaje a\u00f1adieron un toque inspirador y motivacional a la memorable noche de celebraci\u00f3n.<\/div>\n<div><\/div>\n<div class=\"x_x_elementToProof\">En un momento de especial significado, se entregaron los premios votados por los propios titulados.\u00a0<b>Andr\u00e9s \u00c1valos<\/b>\u00a0fue doblemente reconocido: como poseedor de la<i>\u00a0Mejor Tesis de Mag\u00edster del Departamento\u00a0<\/i>y distinguido como el\u00a0<i>Mejor Compa\u00f1ero del Departamento<\/i>. Este doble logro refleja no solo su excelencia acad\u00e9mica, sino tambi\u00e9n su impacto positivo en la comunidad estudiantil. \u00a1Felicitaciones Andr\u00e9s!<\/div>\n<div><span style=\"color: #ffffff;\">.<\/span><\/div>\n<div><a href=\"https:\/\/www.ing.uc.cl\/transporte-y-logistica\/wp-content\/uploads\/2023\/12\/IMG_5066-scaled.jpg\"><img decoding=\"async\" class=\"aligncenter wp-image-11831 size-medium\" src=\"https:\/\/www.ing.uc.cl\/transporte-y-logistica\/wp-content\/uploads\/2023\/12\/IMG_5066-300x225.jpg\" alt=\"\" width=\"300\" height=\"225\" srcset=\"https:\/\/www.ing.uc.cl\/transporte-y-logistica\/wp-content\/uploads\/2023\/12\/IMG_5066-300x225.jpg 300w, https:\/\/www.ing.uc.cl\/transporte-y-logistica\/wp-content\/uploads\/2023\/12\/IMG_5066-1024x768.jpg 1024w, https:\/\/www.ing.uc.cl\/transporte-y-logistica\/wp-content\/uploads\/2023\/12\/IMG_5066-768x576.jpg 768w, https:\/\/www.ing.uc.cl\/transporte-y-logistica\/wp-content\/uploads\/2023\/12\/IMG_5066-1536x1152.jpg 1536w, https:\/\/www.ing.uc.cl\/transporte-y-logistica\/wp-content\/uploads\/2023\/12\/IMG_5066-2048x1536.jpg 2048w, https:\/\/www.ing.uc.cl\/transporte-y-logistica\/wp-content\/uploads\/2023\/12\/IMG_5066-400x300.jpg 400w\" sizes=\"(max-width: 300px) 100vw, 300px\" \/><\/a><\/div>\n<div><\/div>\n<div class=\"x_x_elementToProof\"><span style=\"color: #ffffff;\">.<\/span><\/div>\n<div class=\"x_x_elementToProof\">Otros dos destacados titulados tambi\u00e9n fueron reconocidos durante la cena.\u00a0<b>Sebasti\u00e1n Barriga<\/b>, reconocido junto a Andr\u00e9s en la categor\u00eda de\u00a0<i>Mejor Compa\u00f1ero del Departamento<\/i>, e\u00a0<b>Ignacio Ulloa<\/b>, quien se llev\u00f3 el premio como\u00a0<i>Mejor Estudiante del Departamento.<\/i>\u00a0No pudieron asistir al evento, pero sus logros fueron celebrados con entusiasmo por sus compa\u00f1eros. \u00a1Felicitaciones a ambos!<\/div>\n<div><\/div>\n<div>Adicionalmente, representantes del Centro de Alumnos de Ingenier\u00eda (CAi) hicieron entrega del premio al\u00a0<i>Mejor Profesor<\/i>, el cual fue entregado a<b>\u00a0Patricia\u00a0Galilea<\/b>. Este reconocimiento destaca la dedicaci\u00f3n y calidad docente de nuestra profesora, que ha dejado una marca perdurable en la experiencia educativa de los estudiantes.<\/div>\n<div><span style=\"color: #ffffff;\">.<\/span><\/div>\n<div><a href=\"https:\/\/www.ing.uc.cl\/transporte-y-logistica\/wp-content\/uploads\/2023\/12\/IMG_5070-scaled.jpg\"><img decoding=\"async\" class=\"aligncenter wp-image-11830 size-medium\" src=\"https:\/\/www.ing.uc.cl\/transporte-y-logistica\/wp-content\/uploads\/2023\/12\/IMG_5070-300x225.jpg\" alt=\"\" width=\"300\" height=\"225\" srcset=\"https:\/\/www.ing.uc.cl\/transporte-y-logistica\/wp-content\/uploads\/2023\/12\/IMG_5070-300x225.jpg 300w, https:\/\/www.ing.uc.cl\/transporte-y-logistica\/wp-content\/uploads\/2023\/12\/IMG_5070-1024x768.jpg 1024w, https:\/\/www.ing.uc.cl\/transporte-y-logistica\/wp-content\/uploads\/2023\/12\/IMG_5070-768x576.jpg 768w, https:\/\/www.ing.uc.cl\/transporte-y-logistica\/wp-content\/uploads\/2023\/12\/IMG_5070-1536x1152.jpg 1536w, https:\/\/www.ing.uc.cl\/transporte-y-logistica\/wp-content\/uploads\/2023\/12\/IMG_5070-2048x1536.jpg 2048w, https:\/\/www.ing.uc.cl\/transporte-y-logistica\/wp-content\/uploads\/2023\/12\/IMG_5070-400x300.jpg 400w\" sizes=\"(max-width: 300px) 100vw, 300px\" \/><\/a><\/div>\n<div><\/div>\n<div><span style=\"color: #ffffff;\">.<\/span><\/div>\n<div>La noche estuvo marcada por la camarader\u00eda, risas y reflexiones sobre el trayecto compartido. Tambi\u00e9n, se hizo entrega de un regalo personalizado a cada uno de los titulados que asistieron, cuyo objetivo es que nuestros titulados lleven siempre consigo a nuestro DITL.<\/div>\n<div><\/div>\n<div>La Cena de Titulados 2023 no solo celebr\u00f3 logros individuales, sino tambi\u00e9n la fortaleza y unidad de la comunidad del Departamento de Ingenier\u00eda de Transporte y Log\u00edstica.<\/div>\n<div><\/div>\n<div>\u00a1Felicitaciones a todos nuestros titulados!<\/div>\n<div><span style=\"color: #ffffff;\">.<\/span><\/div>\n<div><\/div>\n<div><a href=\"https:\/\/www.ing.uc.cl\/transporte-y-logistica\/wp-content\/uploads\/2023\/12\/IMG_5098-scaled.jpg\"><img loading=\"lazy\" decoding=\"async\" width=\"1024\" height=\"768\" class=\"size-large wp-image-11828 aligncenter\" src=\"https:\/\/www.ing.uc.cl\/transporte-y-logistica\/wp-content\/uploads\/2023\/12\/IMG_5098-1024x768.jpg\" alt=\"\" srcset=\"https:\/\/www.ing.uc.cl\/transporte-y-logistica\/wp-content\/uploads\/2023\/12\/IMG_5098-1024x768.jpg 1024w, https:\/\/www.ing.uc.cl\/transporte-y-logistica\/wp-content\/uploads\/2023\/12\/IMG_5098-300x225.jpg 300w, https:\/\/www.ing.uc.cl\/transporte-y-logistica\/wp-content\/uploads\/2023\/12\/IMG_5098-768x576.jpg 768w, https:\/\/www.ing.uc.cl\/transporte-y-logistica\/wp-content\/uploads\/2023\/12\/IMG_5098-1536x1152.jpg 1536w, https:\/\/www.ing.uc.cl\/transporte-y-logistica\/wp-content\/uploads\/2023\/12\/IMG_5098-2048x1536.jpg 2048w, https:\/\/www.ing.uc.cl\/transporte-y-logistica\/wp-content\/uploads\/2023\/12\/IMG_5098-400x300.jpg 400w\" sizes=\"(max-width: 1024px) 100vw, 1024px\" \/><\/a><\/div>\n<div><span style=\"color: #ffffff;\">.<\/span><\/div>\n<div><\/div>\n","protected":false},"excerpt":{"rendered":"<p><\/p>\n<p><img src=https:\/\/www.ing.uc.cl\/transporte-y-logistica\/wp-content\/uploads\/2023\/12\/IMG_5098-1024x768.jpg\" style=\"all: unset;margin-top:0px; width: 90px; float:left; display: inline;margin-right:9px\"> Se lleva a cabo una nueva versi\u00f3n de nuestra Cena de Titulados<\/p>\n","protected":false},"author":8,"featured_media":11829,"comment_status":"closed","ping_status":"closed","sticky":false,"template":"","format":"standard","meta":{"_acf_changed":false,"footnotes":""},"categories":[4],"tags":[],"class_list":{"0":"post-11827","1":"post","2":"type-post","3":"status-publish","4":"format-standard","5":"has-post-thumbnail","6":"hentry","7":"category-noticia-destacada","9":"post-with-thumbnail","10":"post-with-thumbnail-large"},"acf":[],"yoast_head":"<!-- This site is optimized with the Yoast SEO plugin v27.5 - https:\/\/yoast.com\/product\/yoast-seo-wordpress\/ -->\n<title>Se lleva a cabo una nueva versi\u00f3n de nuestra Cena de Titulados - Departamento de Ingenier\u00eda de Transporte y Log\u00edstica<\/title>\n<meta name=\"robots\" content=\"index, follow, max-snippet:-1, max-image-preview:large, max-video-preview:-1\" \/>\n<link rel=\"canonical\" href=\"https:\/\/www.ing.uc.cl\/transporte-y-logistica\/se-lleva-a-cabo-una-nueva-version-de-nuestra-cena-de-titulados\/\" \/>\n<meta property=\"og:locale\" content=\"es_ES\" \/>\n<meta property=\"og:type\" content=\"article\" \/>\n<meta property=\"og:title\" content=\"Se lleva a cabo una nueva versi\u00f3n de nuestra Cena de Titulados - Departamento de Ingenier\u00eda de Transporte y Log\u00edstica\" \/>\n<meta property=\"og:url\" content=\"https:\/\/www.ing.uc.cl\/transporte-y-logistica\/se-lleva-a-cabo-una-nueva-version-de-nuestra-cena-de-titulados\/\" \/>\n<meta property=\"og:site_name\" content=\"Departamento de Ingenier\u00eda de Transporte y Log\u00edstica\" \/>\n<meta property=\"article:published_time\" content=\"2023-12-14T14:07:04+00:00\" \/>\n<meta property=\"article:modified_time\" content=\"2023-12-14T14:07:06+00:00\" \/>\n<meta property=\"og:image\" content=\"https:\/\/www.ing.uc.cl\/transporte-y-logistica\/wp-content\/uploads\/2023\/12\/IMG_5098-1-scaled.jpg\" \/>\n\t<meta property=\"og:image:width\" content=\"2560\" \/>\n\t<meta property=\"og:image:height\" content=\"1920\" \/>\n\t<meta property=\"og:image:type\" content=\"image\/jpeg\" \/>\n<meta name=\"author\" content=\"Keyra Tiape\" \/>\n<meta name=\"twitter:card\" content=\"summary_large_image\" \/>\n<meta name=\"twitter:label1\" content=\"Escrito por\" \/>\n\t<meta name=\"twitter:data1\" content=\"Keyra Tiape\" \/>\n\t<meta name=\"twitter:label2\" content=\"Tiempo de lectura\" \/>\n\t<meta name=\"twitter:data2\" content=\"3 minutos\" \/>\n<script type=\"application\/ld+json\" class=\"yoast-schema-graph\">{\"@context\":\"https:\\\/\\\/schema.org\",\"@graph\":[{\"@type\":\"Article\",\"@id\":\"https:\\\/\\\/www.ing.uc.cl\\\/transporte-y-logistica\\\/se-lleva-a-cabo-una-nueva-version-de-nuestra-cena-de-titulados\\\/#article\",\"isPartOf\":{\"@id\":\"https:\\\/\\\/www.ing.uc.cl\\\/transporte-y-logistica\\\/se-lleva-a-cabo-una-nueva-version-de-nuestra-cena-de-titulados\\\/\"},\"author\":{\"name\":\"Keyra Tiape\",\"@id\":\"https:\\\/\\\/www.ing.uc.cl\\\/transporte-y-logistica\\\/#\\\/schema\\\/person\\\/18b5c75a93aca6dfe42b216977b110a2\"},\"headline\":\"Se lleva a cabo una nueva versi\u00f3n de nuestra Cena de Titulados\",\"datePublished\":\"2023-12-14T14:07:04+00:00\",\"dateModified\":\"2023-12-14T14:07:06+00:00\",\"mainEntityOfPage\":{\"@id\":\"https:\\\/\\\/www.ing.uc.cl\\\/transporte-y-logistica\\\/se-lleva-a-cabo-una-nueva-version-de-nuestra-cena-de-titulados\\\/\"},\"wordCount\":433,\"image\":{\"@id\":\"https:\\\/\\\/www.ing.uc.cl\\\/transporte-y-logistica\\\/se-lleva-a-cabo-una-nueva-version-de-nuestra-cena-de-titulados\\\/#primaryimage\"},\"thumbnailUrl\":\"https:\\\/\\\/www.ing.uc.cl\\\/transporte-y-logistica\\\/wp-content\\\/uploads\\\/2023\\\/12\\\/IMG_5098-1-scaled.jpg\",\"articleSection\":[\"Noticia Destacada\"],\"inLanguage\":\"es\"},{\"@type\":\"WebPage\",\"@id\":\"https:\\\/\\\/www.ing.uc.cl\\\/transporte-y-logistica\\\/se-lleva-a-cabo-una-nueva-version-de-nuestra-cena-de-titulados\\\/\",\"url\":\"https:\\\/\\\/www.ing.uc.cl\\\/transporte-y-logistica\\\/se-lleva-a-cabo-una-nueva-version-de-nuestra-cena-de-titulados\\\/\",\"name\":\"Se lleva a cabo una nueva versi\u00f3n de nuestra Cena de Titulados - Departamento de Ingenier\u00eda de Transporte y Log\u00edstica\",\"isPartOf\":{\"@id\":\"https:\\\/\\\/www.ing.uc.cl\\\/transporte-y-logistica\\\/#website\"},\"primaryImageOfPage\":{\"@id\":\"https:\\\/\\\/www.ing.uc.cl\\\/transporte-y-logistica\\\/se-lleva-a-cabo-una-nueva-version-de-nuestra-cena-de-titulados\\\/#primaryimage\"},\"image\":{\"@id\":\"https:\\\/\\\/www.ing.uc.cl\\\/transporte-y-logistica\\\/se-lleva-a-cabo-una-nueva-version-de-nuestra-cena-de-titulados\\\/#primaryimage\"},\"thumbnailUrl\":\"https:\\\/\\\/www.ing.uc.cl\\\/transporte-y-logistica\\\/wp-content\\\/uploads\\\/2023\\\/12\\\/IMG_5098-1-scaled.jpg\",\"datePublished\":\"2023-12-14T14:07:04+00:00\",\"dateModified\":\"2023-12-14T14:07:06+00:00\",\"author\":{\"@id\":\"https:\\\/\\\/www.ing.uc.cl\\\/transporte-y-logistica\\\/#\\\/schema\\\/person\\\/18b5c75a93aca6dfe42b216977b110a2\"},\"breadcrumb\":{\"@id\":\"https:\\\/\\\/www.ing.uc.cl\\\/transporte-y-logistica\\\/se-lleva-a-cabo-una-nueva-version-de-nuestra-cena-de-titulados\\\/#breadcrumb\"},\"inLanguage\":\"es\",\"potentialAction\":[{\"@type\":\"ReadAction\",\"target\":[\"https:\\\/\\\/www.ing.uc.cl\\\/transporte-y-logistica\\\/se-lleva-a-cabo-una-nueva-version-de-nuestra-cena-de-titulados\\\/\"]}]},{\"@type\":\"ImageObject\",\"inLanguage\":\"es\",\"@id\":\"https:\\\/\\\/www.ing.uc.cl\\\/transporte-y-logistica\\\/se-lleva-a-cabo-una-nueva-version-de-nuestra-cena-de-titulados\\\/#primaryimage\",\"url\":\"https:\\\/\\\/www.ing.uc.cl\\\/transporte-y-logistica\\\/wp-content\\\/uploads\\\/2023\\\/12\\\/IMG_5098-1-scaled.jpg\",\"contentUrl\":\"https:\\\/\\\/www.ing.uc.cl\\\/transporte-y-logistica\\\/wp-content\\\/uploads\\\/2023\\\/12\\\/IMG_5098-1-scaled.jpg\",\"width\":2560,\"height\":1920},{\"@type\":\"BreadcrumbList\",\"@id\":\"https:\\\/\\\/www.ing.uc.cl\\\/transporte-y-logistica\\\/se-lleva-a-cabo-una-nueva-version-de-nuestra-cena-de-titulados\\\/#breadcrumb\",\"itemListElement\":[{\"@type\":\"ListItem\",\"position\":1,\"name\":\"Portada\",\"item\":\"https:\\\/\\\/www.ing.uc.cl\\\/transporte-y-logistica\\\/\"},{\"@type\":\"ListItem\",\"position\":2,\"name\":\"Se lleva a cabo una nueva versi\u00f3n de nuestra Cena de Titulados\"}]},{\"@type\":\"WebSite\",\"@id\":\"https:\\\/\\\/www.ing.uc.cl\\\/transporte-y-logistica\\\/#website\",\"url\":\"https:\\\/\\\/www.ing.uc.cl\\\/transporte-y-logistica\\\/\",\"name\":\"Departamento de Ingenier\u00eda de Transporte y Log\u00edstica\",\"description\":\"DITL\",\"potentialAction\":[{\"@type\":\"SearchAction\",\"target\":{\"@type\":\"EntryPoint\",\"urlTemplate\":\"https:\\\/\\\/www.ing.uc.cl\\\/transporte-y-logistica\\\/?s={search_term_string}\"},\"query-input\":{\"@type\":\"PropertyValueSpecification\",\"valueRequired\":true,\"valueName\":\"search_term_string\"}}],\"inLanguage\":\"es\"},{\"@type\":\"Person\",\"@id\":\"https:\\\/\\\/www.ing.uc.cl\\\/transporte-y-logistica\\\/#\\\/schema\\\/person\\\/18b5c75a93aca6dfe42b216977b110a2\",\"name\":\"Keyra Tiape\",\"image\":{\"@type\":\"ImageObject\",\"inLanguage\":\"es\",\"@id\":\"https:\\\/\\\/secure.gravatar.com\\\/avatar\\\/b9c60b714a61c8b70e7cf40e0d582f280e9f385ad6edd0c4704b97f5749bd36e?s=96&d=mm&r=g\",\"url\":\"https:\\\/\\\/secure.gravatar.com\\\/avatar\\\/b9c60b714a61c8b70e7cf40e0d582f280e9f385ad6edd0c4704b97f5749bd36e?s=96&d=mm&r=g\",\"contentUrl\":\"https:\\\/\\\/secure.gravatar.com\\\/avatar\\\/b9c60b714a61c8b70e7cf40e0d582f280e9f385ad6edd0c4704b97f5749bd36e?s=96&d=mm&r=g\",\"caption\":\"Keyra Tiape\"},\"url\":\"https:\\\/\\\/www.ing.uc.cl\\\/transporte-y-logistica\\\/author\\\/ktiape\\\/\"}]}<\/script>\n<!-- \/ Yoast SEO plugin. -->","yoast_head_json":{"title":"Se lleva a cabo una nueva versi\u00f3n de nuestra Cena de Titulados - Departamento de Ingenier\u00eda de Transporte y Log\u00edstica","robots":{"index":"index","follow":"follow","max-snippet":"max-snippet:-1","max-image-preview":"max-image-preview:large","max-video-preview":"max-video-preview:-1"},"canonical":"https:\/\/www.ing.uc.cl\/transporte-y-logistica\/se-lleva-a-cabo-una-nueva-version-de-nuestra-cena-de-titulados\/","og_locale":"es_ES","og_type":"article","og_title":"Se lleva a cabo una nueva versi\u00f3n de nuestra Cena de Titulados - Departamento de Ingenier\u00eda de Transporte y Log\u00edstica","og_url":"https:\/\/www.ing.uc.cl\/transporte-y-logistica\/se-lleva-a-cabo-una-nueva-version-de-nuestra-cena-de-titulados\/","og_site_name":"Departamento de Ingenier\u00eda de Transporte y Log\u00edstica","article_published_time":"2023-12-14T14:07:04+00:00","article_modified_time":"2023-12-14T14:07:06+00:00","og_image":[{"width":2560,"height":1920,"url":"https:\/\/www.ing.uc.cl\/transporte-y-logistica\/wp-content\/uploads\/2023\/12\/IMG_5098-1-scaled.jpg","type":"image\/jpeg"}],"author":"Keyra Tiape","twitter_card":"summary_large_image","twitter_misc":{"Escrito por":"Keyra Tiape","Tiempo de lectura":"3 minutos"},"schema":{"@context":"https:\/\/schema.org","@graph":[{"@type":"Article","@id":"https:\/\/www.ing.uc.cl\/transporte-y-logistica\/se-lleva-a-cabo-una-nueva-version-de-nuestra-cena-de-titulados\/#article","isPartOf":{"@id":"https:\/\/www.ing.uc.cl\/transporte-y-logistica\/se-lleva-a-cabo-una-nueva-version-de-nuestra-cena-de-titulados\/"},"author":{"name":"Keyra Tiape","@id":"https:\/\/www.ing.uc.cl\/transporte-y-logistica\/#\/schema\/person\/18b5c75a93aca6dfe42b216977b110a2"},"headline":"Se lleva a cabo una nueva versi\u00f3n de nuestra Cena de Titulados","datePublished":"2023-12-14T14:07:04+00:00","dateModified":"2023-12-14T14:07:06+00:00","mainEntityOfPage":{"@id":"https:\/\/www.ing.uc.cl\/transporte-y-logistica\/se-lleva-a-cabo-una-nueva-version-de-nuestra-cena-de-titulados\/"},"wordCount":433,"image":{"@id":"https:\/\/www.ing.uc.cl\/transporte-y-logistica\/se-lleva-a-cabo-una-nueva-version-de-nuestra-cena-de-titulados\/#primaryimage"},"thumbnailUrl":"https:\/\/www.ing.uc.cl\/transporte-y-logistica\/wp-content\/uploads\/2023\/12\/IMG_5098-1-scaled.jpg","articleSection":["Noticia Destacada"],"inLanguage":"es"},{"@type":"WebPage","@id":"https:\/\/www.ing.uc.cl\/transporte-y-logistica\/se-lleva-a-cabo-una-nueva-version-de-nuestra-cena-de-titulados\/","url":"https:\/\/www.ing.uc.cl\/transporte-y-logistica\/se-lleva-a-cabo-una-nueva-version-de-nuestra-cena-de-titulados\/","name":"Se lleva a cabo una nueva versi\u00f3n de nuestra Cena de Titulados - Departamento de Ingenier\u00eda de Transporte y Log\u00edstica","isPartOf":{"@id":"https:\/\/www.ing.uc.cl\/transporte-y-logistica\/#website"},"primaryImageOfPage":{"@id":"https:\/\/www.ing.uc.cl\/transporte-y-logistica\/se-lleva-a-cabo-una-nueva-version-de-nuestra-cena-de-titulados\/#primaryimage"},"image":{"@id":"https:\/\/www.ing.uc.cl\/transporte-y-logistica\/se-lleva-a-cabo-una-nueva-version-de-nuestra-cena-de-titulados\/#primaryimage"},"thumbnailUrl":"https:\/\/www.ing.uc.cl\/transporte-y-logistica\/wp-content\/uploads\/2023\/12\/IMG_5098-1-scaled.jpg","datePublished":"2023-12-14T14:07:04+00:00","dateModified":"2023-12-14T14:07:06+00:00","author":{"@id":"https:\/\/www.ing.uc.cl\/transporte-y-logistica\/#\/schema\/person\/18b5c75a93aca6dfe42b216977b110a2"},"breadcrumb":{"@id":"https:\/\/www.ing.uc.cl\/transporte-y-logistica\/se-lleva-a-cabo-una-nueva-version-de-nuestra-cena-de-titulados\/#breadcrumb"},"inLanguage":"es","potentialAction":[{"@type":"ReadAction","target":["https:\/\/www.ing.uc.cl\/transporte-y-logistica\/se-lleva-a-cabo-una-nueva-version-de-nuestra-cena-de-titulados\/"]}]},{"@type":"ImageObject","inLanguage":"es","@id":"https:\/\/www.ing.uc.cl\/transporte-y-logistica\/se-lleva-a-cabo-una-nueva-version-de-nuestra-cena-de-titulados\/#primaryimage","url":"https:\/\/www.ing.uc.cl\/transporte-y-logistica\/wp-content\/uploads\/2023\/12\/IMG_5098-1-scaled.jpg","contentUrl":"https:\/\/www.ing.uc.cl\/transporte-y-logistica\/wp-content\/uploads\/2023\/12\/IMG_5098-1-scaled.jpg","width":2560,"height":1920},{"@type":"BreadcrumbList","@id":"https:\/\/www.ing.uc.cl\/transporte-y-logistica\/se-lleva-a-cabo-una-nueva-version-de-nuestra-cena-de-titulados\/#breadcrumb","itemListElement":[{"@type":"ListItem","position":1,"name":"Portada","item":"https:\/\/www.ing.uc.cl\/transporte-y-logistica\/"},{"@type":"ListItem","position":2,"name":"Se lleva a cabo una nueva versi\u00f3n de nuestra Cena de Titulados"}]},{"@type":"WebSite","@id":"https:\/\/www.ing.uc.cl\/transporte-y-logistica\/#website","url":"https:\/\/www.ing.uc.cl\/transporte-y-logistica\/","name":"Departamento de Ingenier\u00eda de Transporte y Log\u00edstica","description":"DITL","potentialAction":[{"@type":"SearchAction","target":{"@type":"EntryPoint","urlTemplate":"https:\/\/www.ing.uc.cl\/transporte-y-logistica\/?s={search_term_string}"},"query-input":{"@type":"PropertyValueSpecification","valueRequired":true,"valueName":"search_term_string"}}],"inLanguage":"es"},{"@type":"Person","@id":"https:\/\/www.ing.uc.cl\/transporte-y-logistica\/#\/schema\/person\/18b5c75a93aca6dfe42b216977b110a2","name":"Keyra Tiape","image":{"@type":"ImageObject","inLanguage":"es","@id":"https:\/\/secure.gravatar.com\/avatar\/b9c60b714a61c8b70e7cf40e0d582f280e9f385ad6edd0c4704b97f5749bd36e?s=96&d=mm&r=g","url":"https:\/\/secure.gravatar.com\/avatar\/b9c60b714a61c8b70e7cf40e0d582f280e9f385ad6edd0c4704b97f5749bd36e?s=96&d=mm&r=g","contentUrl":"https:\/\/secure.gravatar.com\/avatar\/b9c60b714a61c8b70e7cf40e0d582f280e9f385ad6edd0c4704b97f5749bd36e?s=96&d=mm&r=g","caption":"Keyra Tiape"},"url":"https:\/\/www.ing.uc.cl\/transporte-y-logistica\/author\/ktiape\/"}]}},"_links":{"self":[{"href":"https:\/\/www.ing.uc.cl\/transporte-y-logistica\/wp-json\/wp\/v2\/posts\/11827","targetHints":{"allow":["GET"]}}],"collection":[{"href":"https:\/\/www.ing.uc.cl\/transporte-y-logistica\/wp-json\/wp\/v2\/posts"}],"about":[{"href":"https:\/\/www.ing.uc.cl\/transporte-y-logistica\/wp-json\/wp\/v2\/types\/post"}],"author":[{"embeddable":true,"href":"https:\/\/www.ing.uc.cl\/transporte-y-logistica\/wp-json\/wp\/v2\/users\/8"}],"replies":[{"embeddable":true,"href":"https:\/\/www.ing.uc.cl\/transporte-y-logistica\/wp-json\/wp\/v2\/comments?post=11827"}],"version-history":[{"count":4,"href":"https:\/\/www.ing.uc.cl\/transporte-y-logistica\/wp-json\/wp\/v2\/posts\/11827\/revisions"}],"predecessor-version":[{"id":11837,"href":"https:\/\/www.ing.uc.cl\/transporte-y-logistica\/wp-json\/wp\/v2\/posts\/11827\/revisions\/11837"}],"wp:featuredmedia":[{"embeddable":true,"href":"https:\/\/www.ing.uc.cl\/transporte-y-logistica\/wp-json\/wp\/v2\/media\/11829"}],"wp:attachment":[{"href":"https:\/\/www.ing.uc.cl\/transporte-y-logistica\/wp-json\/wp\/v2\/media?parent=11827"}],"wp:term":[{"taxonomy":"category","embeddable":true,"href":"https:\/\/www.ing.uc.cl\/transporte-y-logistica\/wp-json\/wp\/v2\/categories?post=11827"},{"taxonomy":"post_tag","embeddable":true,"href":"https:\/\/www.ing.uc.cl\/transporte-y-logistica\/wp-json\/wp\/v2\/tags?post=11827"}],"curies":[{"name":"wp","href":"https:\/\/api.w.org\/{rel}","templated":true}]}}