{"id":11895,"date":"2024-01-30T16:39:03","date_gmt":"2024-01-30T19:39:03","guid":{"rendered":"https:\/\/www.ing.uc.cl\/transporte-y-logistica\/?p=11895"},"modified":"2024-01-30T16:39:04","modified_gmt":"2024-01-30T19:39:04","slug":"profesores-del-ditl-participaron-en-la-trb-y-brt-general-assembly","status":"publish","type":"post","link":"https:\/\/www.ing.uc.cl\/transporte-y-logistica\/profesores-del-ditl-participaron-en-la-trb-y-brt-general-assembly\/","title":{"rendered":"Profesores del DITL Participaron en la TRB y BRT+ General Assembly"},"content":{"rendered":"<h5><\/h5>\n<div class=\"x_elementToProof\">\n<div class=\"x_elementToProof\">\n<div class=\"x_x_elementToProof\">Los profesores Ricardo Giesen y Patricia Galilea, acompa\u00f1ados por la estudiante de mag\u00edster Keiko Porath, representaron a nuestro departamento en la reciente conferencia de la\u00a0<b>Transportation Research Board\u00a02024\u00a0<\/b>(TRB), celebrada del 7 al 11 de enero en Washington, D.C.<\/div>\n<div><span style=\"color: #ffffff;\">.<\/span><\/div>\n<\/div>\n<\/div>\n<div class=\"x_elementToProof\">\n<div class=\"x_elementToProof\">\n<div>Keiko Porath present\u00f3 su trabajo\u00ab<i>Towards Sustainable Transport: Giving Voice to Women in Public Transport and Understanding \u00ab(Im)mobility of Care\u00bb<\/i>\u00bb, que gener\u00f3 un notable inter\u00e9s al abordar de manera innovadora los viajes de cuidado. Su enfoque en la definici\u00f3n y motivaciones detr\u00e1s de los viajes enriqueci\u00f3 la comprensi\u00f3n de esta categor\u00eda.<\/div>\n<div><span style=\"color: #ffffff;\">.<\/span><a href=\"https:\/\/www.ing.uc.cl\/transporte-y-logistica\/wp-content\/uploads\/2024\/01\/2024-01-10-12.24.26-scaled.jpg\"><img fetchpriority=\"high\" decoding=\"async\" class=\"aligncenter wp-image-11897 size-medium\" src=\"https:\/\/www.ing.uc.cl\/transporte-y-logistica\/wp-content\/uploads\/2024\/01\/2024-01-10-12.24.26-300x225.jpg\" alt=\"\" width=\"300\" height=\"225\" srcset=\"https:\/\/www.ing.uc.cl\/transporte-y-logistica\/wp-content\/uploads\/2024\/01\/2024-01-10-12.24.26-300x225.jpg 300w, https:\/\/www.ing.uc.cl\/transporte-y-logistica\/wp-content\/uploads\/2024\/01\/2024-01-10-12.24.26-1024x768.jpg 1024w, https:\/\/www.ing.uc.cl\/transporte-y-logistica\/wp-content\/uploads\/2024\/01\/2024-01-10-12.24.26-768x576.jpg 768w, https:\/\/www.ing.uc.cl\/transporte-y-logistica\/wp-content\/uploads\/2024\/01\/2024-01-10-12.24.26-1536x1152.jpg 1536w, https:\/\/www.ing.uc.cl\/transporte-y-logistica\/wp-content\/uploads\/2024\/01\/2024-01-10-12.24.26-2048x1536.jpg 2048w, https:\/\/www.ing.uc.cl\/transporte-y-logistica\/wp-content\/uploads\/2024\/01\/2024-01-10-12.24.26-400x300.jpg 400w\" sizes=\"(max-width: 300px) 100vw, 300px\" \/><\/a><\/div>\n<div><span style=\"color: #ffffff;\">.<\/span><\/div>\n<div class=\"x_x_elementToProof\">Luego, los profesores participaron en la<b>\u00a0BRT+ General Assembly 2024<\/b>, celebrada el 10 de enero en Washington, D.C. Durante este evento, el profesor Ricardo Giesen, quien se desempe\u00f1a como director del Centro de Excelencia en BRT+, extendi\u00f3 unas palabras de bienvenida. Keiko Porath, por su parte, comparti\u00f3 m\u00e1s resultados de su investigaci\u00f3n, mientras que la profesora Patricia Galilea present\u00f3 un compendio de diversas investigaciones sobre\u00a0\u00ab<i>Universal accessibility in transport in developing countries<\/i>\u00bb.<\/div>\n<div><a href=\"https:\/\/www.ing.uc.cl\/transporte-y-logistica\/wp-content\/uploads\/2024\/01\/WhatsApp-Image-2024-01-29-at-14.52.09.jpeg\"><img decoding=\"async\" width=\"300\" height=\"225\" class=\"aligncenter size-medium wp-image-11898\" src=\"https:\/\/www.ing.uc.cl\/transporte-y-logistica\/wp-content\/uploads\/2024\/01\/WhatsApp-Image-2024-01-29-at-14.52.09-300x225.jpeg\" alt=\"\" srcset=\"https:\/\/www.ing.uc.cl\/transporte-y-logistica\/wp-content\/uploads\/2024\/01\/WhatsApp-Image-2024-01-29-at-14.52.09-300x225.jpeg 300w, https:\/\/www.ing.uc.cl\/transporte-y-logistica\/wp-content\/uploads\/2024\/01\/WhatsApp-Image-2024-01-29-at-14.52.09-1024x768.jpeg 1024w, https:\/\/www.ing.uc.cl\/transporte-y-logistica\/wp-content\/uploads\/2024\/01\/WhatsApp-Image-2024-01-29-at-14.52.09-768x576.jpeg 768w, https:\/\/www.ing.uc.cl\/transporte-y-logistica\/wp-content\/uploads\/2024\/01\/WhatsApp-Image-2024-01-29-at-14.52.09-400x300.jpeg 400w, https:\/\/www.ing.uc.cl\/transporte-y-logistica\/wp-content\/uploads\/2024\/01\/WhatsApp-Image-2024-01-29-at-14.52.09.jpeg 1280w\" sizes=\"(max-width: 300px) 100vw, 300px\" \/><\/a><\/div>\n<div class=\"x_x_elementToProof\"><span style=\"color: #ffffff;\">.<\/span><\/div>\n<div class=\"x_x_elementToProof\">Te invitamos a visualizar las presentaciones a trav\u00e9s de los siguientes enlaces:<\/div>\n<\/div>\n<div>\n<ol start=\"1\">\n<li>\n<div class=\"x_elementToProof\"><a id=\"LPlnk693881\" class=\"x_OWAAutoLink\" title=\"https:\/\/youtu.be\/Bdg7xkJFEF0?feature=shared\" href=\"https:\/\/youtu.be\/Bdg7xkJFEF0?feature=shared\" target=\"_blank\" rel=\"noopener noreferrer\" data-auth=\"NotApplicable\" data-linkindex=\"0\">Giving voice to women in public transport.<\/a>\u00a0\u2013\u00a0Keiko Porath<\/div>\n<\/li>\n<li>\n<div class=\"x_elementToProof\"><a id=\"LPlnk306243\" class=\"x_OWAAutoLink\" title=\"https:\/\/youtu.be\/zkRQO5C9g38?feature=shared\" href=\"https:\/\/youtu.be\/zkRQO5C9g38?feature=shared\" target=\"_blank\" rel=\"noopener noreferrer\" data-auth=\"NotApplicable\" data-linkindex=\"1\">Universal accessibility in transport in developing countries.<\/a>\u00a0\u2013\u00a0Patricia Galilea<\/div>\n<\/li>\n<\/ol>\n<\/div>\n<\/div>\n<div><span style=\"color: #ffffff;\">.<\/span><\/div>\n<div>\n<p><a href=\"https:\/\/www.ing.uc.cl\/transporte-y-logistica\/wp-content\/uploads\/2024\/01\/WhatsApp-Image-2024-01-29-at-14.52.09-1.jpeg\"><img decoding=\"async\" class=\"aligncenter wp-image-11896 size-large\" src=\"https:\/\/www.ing.uc.cl\/transporte-y-logistica\/wp-content\/uploads\/2024\/01\/WhatsApp-Image-2024-01-29-at-14.52.09-1-1024x768.jpeg\" alt=\"\" width=\"720\" height=\"540\" srcset=\"https:\/\/www.ing.uc.cl\/transporte-y-logistica\/wp-content\/uploads\/2024\/01\/WhatsApp-Image-2024-01-29-at-14.52.09-1-1024x768.jpeg 1024w, https:\/\/www.ing.uc.cl\/transporte-y-logistica\/wp-content\/uploads\/2024\/01\/WhatsApp-Image-2024-01-29-at-14.52.09-1-300x225.jpeg 300w, https:\/\/www.ing.uc.cl\/transporte-y-logistica\/wp-content\/uploads\/2024\/01\/WhatsApp-Image-2024-01-29-at-14.52.09-1-768x576.jpeg 768w, https:\/\/www.ing.uc.cl\/transporte-y-logistica\/wp-content\/uploads\/2024\/01\/WhatsApp-Image-2024-01-29-at-14.52.09-1-400x300.jpeg 400w, https:\/\/www.ing.uc.cl\/transporte-y-logistica\/wp-content\/uploads\/2024\/01\/WhatsApp-Image-2024-01-29-at-14.52.09-1.jpeg 1280w\" sizes=\"(max-width: 720px) 100vw, 720px\" \/><\/a><\/p>\n<\/div>\n","protected":false},"excerpt":{"rendered":"<p><\/p>\n<p><img src=https:\/\/www.ing.uc.cl\/transporte-y-logistica\/wp-content\/uploads\/2024\/01\/WhatsApp-Image-2024-01-29-at-14.52.09-1-150x150.jpeg\" style=\"all: unset;margin-top:0px; width: 90px; float:left; display: inline;margin-right:9px\"> Profesores del DITL Participaron en la TRB y BRT+ General Assembly.<\/p>\n","protected":false},"author":8,"featured_media":11896,"comment_status":"closed","ping_status":"closed","sticky":false,"template":"","format":"standard","meta":{"_acf_changed":false,"footnotes":""},"categories":[4],"tags":[],"class_list":{"0":"post-11895","1":"post","2":"type-post","3":"status-publish","4":"format-standard","5":"has-post-thumbnail","6":"hentry","7":"category-noticia-destacada","9":"post-with-thumbnail","10":"post-with-thumbnail-large"},"acf":[],"yoast_head":"<!-- This site is optimized with the Yoast SEO plugin v27.5 - https:\/\/yoast.com\/product\/yoast-seo-wordpress\/ -->\n<title>Profesores del DITL Participaron en la TRB y BRT+ General Assembly - Departamento de Ingenier\u00eda de Transporte y Log\u00edstica<\/title>\n<meta name=\"robots\" content=\"index, follow, max-snippet:-1, max-image-preview:large, max-video-preview:-1\" \/>\n<link rel=\"canonical\" href=\"https:\/\/www.ing.uc.cl\/transporte-y-logistica\/profesores-del-ditl-participaron-en-la-trb-y-brt-general-assembly\/\" \/>\n<meta property=\"og:locale\" content=\"es_ES\" \/>\n<meta property=\"og:type\" content=\"article\" \/>\n<meta property=\"og:title\" content=\"Profesores del DITL Participaron en la TRB y BRT+ General Assembly - Departamento de Ingenier\u00eda de Transporte y Log\u00edstica\" \/>\n<meta property=\"og:url\" content=\"https:\/\/www.ing.uc.cl\/transporte-y-logistica\/profesores-del-ditl-participaron-en-la-trb-y-brt-general-assembly\/\" \/>\n<meta property=\"og:site_name\" content=\"Departamento de Ingenier\u00eda de Transporte y Log\u00edstica\" \/>\n<meta property=\"article:published_time\" content=\"2024-01-30T19:39:03+00:00\" \/>\n<meta property=\"article:modified_time\" content=\"2024-01-30T19:39:04+00:00\" \/>\n<meta property=\"og:image\" content=\"https:\/\/www.ing.uc.cl\/transporte-y-logistica\/wp-content\/uploads\/2024\/01\/WhatsApp-Image-2024-01-29-at-14.52.09-1.jpeg\" \/>\n\t<meta property=\"og:image:width\" content=\"1280\" \/>\n\t<meta property=\"og:image:height\" content=\"960\" \/>\n\t<meta property=\"og:image:type\" content=\"image\/jpeg\" \/>\n<meta name=\"author\" content=\"Keyra Tiape\" \/>\n<meta name=\"twitter:card\" content=\"summary_large_image\" \/>\n<meta name=\"twitter:label1\" content=\"Escrito por\" \/>\n\t<meta name=\"twitter:data1\" content=\"Keyra Tiape\" \/>\n\t<meta name=\"twitter:label2\" content=\"Tiempo de lectura\" \/>\n\t<meta name=\"twitter:data2\" content=\"2 minutos\" \/>\n<script type=\"application\/ld+json\" class=\"yoast-schema-graph\">{\"@context\":\"https:\\\/\\\/schema.org\",\"@graph\":[{\"@type\":\"Article\",\"@id\":\"https:\\\/\\\/www.ing.uc.cl\\\/transporte-y-logistica\\\/profesores-del-ditl-participaron-en-la-trb-y-brt-general-assembly\\\/#article\",\"isPartOf\":{\"@id\":\"https:\\\/\\\/www.ing.uc.cl\\\/transporte-y-logistica\\\/profesores-del-ditl-participaron-en-la-trb-y-brt-general-assembly\\\/\"},\"author\":{\"name\":\"Keyra Tiape\",\"@id\":\"https:\\\/\\\/www.ing.uc.cl\\\/transporte-y-logistica\\\/#\\\/schema\\\/person\\\/18b5c75a93aca6dfe42b216977b110a2\"},\"headline\":\"Profesores del DITL Participaron en la TRB y BRT+ General Assembly\",\"datePublished\":\"2024-01-30T19:39:03+00:00\",\"dateModified\":\"2024-01-30T19:39:04+00:00\",\"mainEntityOfPage\":{\"@id\":\"https:\\\/\\\/www.ing.uc.cl\\\/transporte-y-logistica\\\/profesores-del-ditl-participaron-en-la-trb-y-brt-general-assembly\\\/\"},\"wordCount\":213,\"image\":{\"@id\":\"https:\\\/\\\/www.ing.uc.cl\\\/transporte-y-logistica\\\/profesores-del-ditl-participaron-en-la-trb-y-brt-general-assembly\\\/#primaryimage\"},\"thumbnailUrl\":\"https:\\\/\\\/www.ing.uc.cl\\\/transporte-y-logistica\\\/wp-content\\\/uploads\\\/2024\\\/01\\\/WhatsApp-Image-2024-01-29-at-14.52.09-1.jpeg\",\"articleSection\":[\"Noticia Destacada\"],\"inLanguage\":\"es\"},{\"@type\":\"WebPage\",\"@id\":\"https:\\\/\\\/www.ing.uc.cl\\\/transporte-y-logistica\\\/profesores-del-ditl-participaron-en-la-trb-y-brt-general-assembly\\\/\",\"url\":\"https:\\\/\\\/www.ing.uc.cl\\\/transporte-y-logistica\\\/profesores-del-ditl-participaron-en-la-trb-y-brt-general-assembly\\\/\",\"name\":\"Profesores del DITL Participaron en la TRB y BRT+ General Assembly - Departamento de Ingenier\u00eda de Transporte y Log\u00edstica\",\"isPartOf\":{\"@id\":\"https:\\\/\\\/www.ing.uc.cl\\\/transporte-y-logistica\\\/#website\"},\"primaryImageOfPage\":{\"@id\":\"https:\\\/\\\/www.ing.uc.cl\\\/transporte-y-logistica\\\/profesores-del-ditl-participaron-en-la-trb-y-brt-general-assembly\\\/#primaryimage\"},\"image\":{\"@id\":\"https:\\\/\\\/www.ing.uc.cl\\\/transporte-y-logistica\\\/profesores-del-ditl-participaron-en-la-trb-y-brt-general-assembly\\\/#primaryimage\"},\"thumbnailUrl\":\"https:\\\/\\\/www.ing.uc.cl\\\/transporte-y-logistica\\\/wp-content\\\/uploads\\\/2024\\\/01\\\/WhatsApp-Image-2024-01-29-at-14.52.09-1.jpeg\",\"datePublished\":\"2024-01-30T19:39:03+00:00\",\"dateModified\":\"2024-01-30T19:39:04+00:00\",\"author\":{\"@id\":\"https:\\\/\\\/www.ing.uc.cl\\\/transporte-y-logistica\\\/#\\\/schema\\\/person\\\/18b5c75a93aca6dfe42b216977b110a2\"},\"breadcrumb\":{\"@id\":\"https:\\\/\\\/www.ing.uc.cl\\\/transporte-y-logistica\\\/profesores-del-ditl-participaron-en-la-trb-y-brt-general-assembly\\\/#breadcrumb\"},\"inLanguage\":\"es\",\"potentialAction\":[{\"@type\":\"ReadAction\",\"target\":[\"https:\\\/\\\/www.ing.uc.cl\\\/transporte-y-logistica\\\/profesores-del-ditl-participaron-en-la-trb-y-brt-general-assembly\\\/\"]}]},{\"@type\":\"ImageObject\",\"inLanguage\":\"es\",\"@id\":\"https:\\\/\\\/www.ing.uc.cl\\\/transporte-y-logistica\\\/profesores-del-ditl-participaron-en-la-trb-y-brt-general-assembly\\\/#primaryimage\",\"url\":\"https:\\\/\\\/www.ing.uc.cl\\\/transporte-y-logistica\\\/wp-content\\\/uploads\\\/2024\\\/01\\\/WhatsApp-Image-2024-01-29-at-14.52.09-1.jpeg\",\"contentUrl\":\"https:\\\/\\\/www.ing.uc.cl\\\/transporte-y-logistica\\\/wp-content\\\/uploads\\\/2024\\\/01\\\/WhatsApp-Image-2024-01-29-at-14.52.09-1.jpeg\",\"width\":1280,\"height\":960},{\"@type\":\"BreadcrumbList\",\"@id\":\"https:\\\/\\\/www.ing.uc.cl\\\/transporte-y-logistica\\\/profesores-del-ditl-participaron-en-la-trb-y-brt-general-assembly\\\/#breadcrumb\",\"itemListElement\":[{\"@type\":\"ListItem\",\"position\":1,\"name\":\"Portada\",\"item\":\"https:\\\/\\\/www.ing.uc.cl\\\/transporte-y-logistica\\\/\"},{\"@type\":\"ListItem\",\"position\":2,\"name\":\"Profesores del DITL Participaron en la TRB y BRT+ General Assembly\"}]},{\"@type\":\"WebSite\",\"@id\":\"https:\\\/\\\/www.ing.uc.cl\\\/transporte-y-logistica\\\/#website\",\"url\":\"https:\\\/\\\/www.ing.uc.cl\\\/transporte-y-logistica\\\/\",\"name\":\"Departamento de Ingenier\u00eda de Transporte y Log\u00edstica\",\"description\":\"DITL\",\"potentialAction\":[{\"@type\":\"SearchAction\",\"target\":{\"@type\":\"EntryPoint\",\"urlTemplate\":\"https:\\\/\\\/www.ing.uc.cl\\\/transporte-y-logistica\\\/?s={search_term_string}\"},\"query-input\":{\"@type\":\"PropertyValueSpecification\",\"valueRequired\":true,\"valueName\":\"search_term_string\"}}],\"inLanguage\":\"es\"},{\"@type\":\"Person\",\"@id\":\"https:\\\/\\\/www.ing.uc.cl\\\/transporte-y-logistica\\\/#\\\/schema\\\/person\\\/18b5c75a93aca6dfe42b216977b110a2\",\"name\":\"Keyra Tiape\",\"image\":{\"@type\":\"ImageObject\",\"inLanguage\":\"es\",\"@id\":\"https:\\\/\\\/secure.gravatar.com\\\/avatar\\\/b9c60b714a61c8b70e7cf40e0d582f280e9f385ad6edd0c4704b97f5749bd36e?s=96&d=mm&r=g\",\"url\":\"https:\\\/\\\/secure.gravatar.com\\\/avatar\\\/b9c60b714a61c8b70e7cf40e0d582f280e9f385ad6edd0c4704b97f5749bd36e?s=96&d=mm&r=g\",\"contentUrl\":\"https:\\\/\\\/secure.gravatar.com\\\/avatar\\\/b9c60b714a61c8b70e7cf40e0d582f280e9f385ad6edd0c4704b97f5749bd36e?s=96&d=mm&r=g\",\"caption\":\"Keyra Tiape\"},\"url\":\"https:\\\/\\\/www.ing.uc.cl\\\/transporte-y-logistica\\\/author\\\/ktiape\\\/\"}]}<\/script>\n<!-- \/ Yoast SEO plugin. -->","yoast_head_json":{"title":"Profesores del DITL Participaron en la TRB y BRT+ General Assembly - Departamento de Ingenier\u00eda de Transporte y Log\u00edstica","robots":{"index":"index","follow":"follow","max-snippet":"max-snippet:-1","max-image-preview":"max-image-preview:large","max-video-preview":"max-video-preview:-1"},"canonical":"https:\/\/www.ing.uc.cl\/transporte-y-logistica\/profesores-del-ditl-participaron-en-la-trb-y-brt-general-assembly\/","og_locale":"es_ES","og_type":"article","og_title":"Profesores del DITL Participaron en la TRB y BRT+ General Assembly - Departamento de Ingenier\u00eda de Transporte y Log\u00edstica","og_url":"https:\/\/www.ing.uc.cl\/transporte-y-logistica\/profesores-del-ditl-participaron-en-la-trb-y-brt-general-assembly\/","og_site_name":"Departamento de Ingenier\u00eda de Transporte y Log\u00edstica","article_published_time":"2024-01-30T19:39:03+00:00","article_modified_time":"2024-01-30T19:39:04+00:00","og_image":[{"width":1280,"height":960,"url":"https:\/\/www.ing.uc.cl\/transporte-y-logistica\/wp-content\/uploads\/2024\/01\/WhatsApp-Image-2024-01-29-at-14.52.09-1.jpeg","type":"image\/jpeg"}],"author":"Keyra Tiape","twitter_card":"summary_large_image","twitter_misc":{"Escrito por":"Keyra Tiape","Tiempo de lectura":"2 minutos"},"schema":{"@context":"https:\/\/schema.org","@graph":[{"@type":"Article","@id":"https:\/\/www.ing.uc.cl\/transporte-y-logistica\/profesores-del-ditl-participaron-en-la-trb-y-brt-general-assembly\/#article","isPartOf":{"@id":"https:\/\/www.ing.uc.cl\/transporte-y-logistica\/profesores-del-ditl-participaron-en-la-trb-y-brt-general-assembly\/"},"author":{"name":"Keyra Tiape","@id":"https:\/\/www.ing.uc.cl\/transporte-y-logistica\/#\/schema\/person\/18b5c75a93aca6dfe42b216977b110a2"},"headline":"Profesores del DITL Participaron en la TRB y BRT+ General Assembly","datePublished":"2024-01-30T19:39:03+00:00","dateModified":"2024-01-30T19:39:04+00:00","mainEntityOfPage":{"@id":"https:\/\/www.ing.uc.cl\/transporte-y-logistica\/profesores-del-ditl-participaron-en-la-trb-y-brt-general-assembly\/"},"wordCount":213,"image":{"@id":"https:\/\/www.ing.uc.cl\/transporte-y-logistica\/profesores-del-ditl-participaron-en-la-trb-y-brt-general-assembly\/#primaryimage"},"thumbnailUrl":"https:\/\/www.ing.uc.cl\/transporte-y-logistica\/wp-content\/uploads\/2024\/01\/WhatsApp-Image-2024-01-29-at-14.52.09-1.jpeg","articleSection":["Noticia Destacada"],"inLanguage":"es"},{"@type":"WebPage","@id":"https:\/\/www.ing.uc.cl\/transporte-y-logistica\/profesores-del-ditl-participaron-en-la-trb-y-brt-general-assembly\/","url":"https:\/\/www.ing.uc.cl\/transporte-y-logistica\/profesores-del-ditl-participaron-en-la-trb-y-brt-general-assembly\/","name":"Profesores del DITL Participaron en la TRB y BRT+ General Assembly - Departamento de Ingenier\u00eda de Transporte y Log\u00edstica","isPartOf":{"@id":"https:\/\/www.ing.uc.cl\/transporte-y-logistica\/#website"},"primaryImageOfPage":{"@id":"https:\/\/www.ing.uc.cl\/transporte-y-logistica\/profesores-del-ditl-participaron-en-la-trb-y-brt-general-assembly\/#primaryimage"},"image":{"@id":"https:\/\/www.ing.uc.cl\/transporte-y-logistica\/profesores-del-ditl-participaron-en-la-trb-y-brt-general-assembly\/#primaryimage"},"thumbnailUrl":"https:\/\/www.ing.uc.cl\/transporte-y-logistica\/wp-content\/uploads\/2024\/01\/WhatsApp-Image-2024-01-29-at-14.52.09-1.jpeg","datePublished":"2024-01-30T19:39:03+00:00","dateModified":"2024-01-30T19:39:04+00:00","author":{"@id":"https:\/\/www.ing.uc.cl\/transporte-y-logistica\/#\/schema\/person\/18b5c75a93aca6dfe42b216977b110a2"},"breadcrumb":{"@id":"https:\/\/www.ing.uc.cl\/transporte-y-logistica\/profesores-del-ditl-participaron-en-la-trb-y-brt-general-assembly\/#breadcrumb"},"inLanguage":"es","potentialAction":[{"@type":"ReadAction","target":["https:\/\/www.ing.uc.cl\/transporte-y-logistica\/profesores-del-ditl-participaron-en-la-trb-y-brt-general-assembly\/"]}]},{"@type":"ImageObject","inLanguage":"es","@id":"https:\/\/www.ing.uc.cl\/transporte-y-logistica\/profesores-del-ditl-participaron-en-la-trb-y-brt-general-assembly\/#primaryimage","url":"https:\/\/www.ing.uc.cl\/transporte-y-logistica\/wp-content\/uploads\/2024\/01\/WhatsApp-Image-2024-01-29-at-14.52.09-1.jpeg","contentUrl":"https:\/\/www.ing.uc.cl\/transporte-y-logistica\/wp-content\/uploads\/2024\/01\/WhatsApp-Image-2024-01-29-at-14.52.09-1.jpeg","width":1280,"height":960},{"@type":"BreadcrumbList","@id":"https:\/\/www.ing.uc.cl\/transporte-y-logistica\/profesores-del-ditl-participaron-en-la-trb-y-brt-general-assembly\/#breadcrumb","itemListElement":[{"@type":"ListItem","position":1,"name":"Portada","item":"https:\/\/www.ing.uc.cl\/transporte-y-logistica\/"},{"@type":"ListItem","position":2,"name":"Profesores del DITL Participaron en la TRB y BRT+ General Assembly"}]},{"@type":"WebSite","@id":"https:\/\/www.ing.uc.cl\/transporte-y-logistica\/#website","url":"https:\/\/www.ing.uc.cl\/transporte-y-logistica\/","name":"Departamento de Ingenier\u00eda de Transporte y Log\u00edstica","description":"DITL","potentialAction":[{"@type":"SearchAction","target":{"@type":"EntryPoint","urlTemplate":"https:\/\/www.ing.uc.cl\/transporte-y-logistica\/?s={search_term_string}"},"query-input":{"@type":"PropertyValueSpecification","valueRequired":true,"valueName":"search_term_string"}}],"inLanguage":"es"},{"@type":"Person","@id":"https:\/\/www.ing.uc.cl\/transporte-y-logistica\/#\/schema\/person\/18b5c75a93aca6dfe42b216977b110a2","name":"Keyra Tiape","image":{"@type":"ImageObject","inLanguage":"es","@id":"https:\/\/secure.gravatar.com\/avatar\/b9c60b714a61c8b70e7cf40e0d582f280e9f385ad6edd0c4704b97f5749bd36e?s=96&d=mm&r=g","url":"https:\/\/secure.gravatar.com\/avatar\/b9c60b714a61c8b70e7cf40e0d582f280e9f385ad6edd0c4704b97f5749bd36e?s=96&d=mm&r=g","contentUrl":"https:\/\/secure.gravatar.com\/avatar\/b9c60b714a61c8b70e7cf40e0d582f280e9f385ad6edd0c4704b97f5749bd36e?s=96&d=mm&r=g","caption":"Keyra Tiape"},"url":"https:\/\/www.ing.uc.cl\/transporte-y-logistica\/author\/ktiape\/"}]}},"_links":{"self":[{"href":"https:\/\/www.ing.uc.cl\/transporte-y-logistica\/wp-json\/wp\/v2\/posts\/11895","targetHints":{"allow":["GET"]}}],"collection":[{"href":"https:\/\/www.ing.uc.cl\/transporte-y-logistica\/wp-json\/wp\/v2\/posts"}],"about":[{"href":"https:\/\/www.ing.uc.cl\/transporte-y-logistica\/wp-json\/wp\/v2\/types\/post"}],"author":[{"embeddable":true,"href":"https:\/\/www.ing.uc.cl\/transporte-y-logistica\/wp-json\/wp\/v2\/users\/8"}],"replies":[{"embeddable":true,"href":"https:\/\/www.ing.uc.cl\/transporte-y-logistica\/wp-json\/wp\/v2\/comments?post=11895"}],"version-history":[{"count":6,"href":"https:\/\/www.ing.uc.cl\/transporte-y-logistica\/wp-json\/wp\/v2\/posts\/11895\/revisions"}],"predecessor-version":[{"id":11907,"href":"https:\/\/www.ing.uc.cl\/transporte-y-logistica\/wp-json\/wp\/v2\/posts\/11895\/revisions\/11907"}],"wp:featuredmedia":[{"embeddable":true,"href":"https:\/\/www.ing.uc.cl\/transporte-y-logistica\/wp-json\/wp\/v2\/media\/11896"}],"wp:attachment":[{"href":"https:\/\/www.ing.uc.cl\/transporte-y-logistica\/wp-json\/wp\/v2\/media?parent=11895"}],"wp:term":[{"taxonomy":"category","embeddable":true,"href":"https:\/\/www.ing.uc.cl\/transporte-y-logistica\/wp-json\/wp\/v2\/categories?post=11895"},{"taxonomy":"post_tag","embeddable":true,"href":"https:\/\/www.ing.uc.cl\/transporte-y-logistica\/wp-json\/wp\/v2\/tags?post=11895"}],"curies":[{"name":"wp","href":"https:\/\/api.w.org\/{rel}","templated":true}]}}