{"id":12079,"date":"2024-04-16T09:38:21","date_gmt":"2024-04-16T12:38:21","guid":{"rendered":"https:\/\/www.ing.uc.cl\/transporte-y-logistica\/?p=12079"},"modified":"2024-04-30T10:38:51","modified_gmt":"2024-04-30T13:38:51","slug":"alumnos-del-ditl-destacan-en-la-datathon-organizada-por-conecta-logistica","status":"publish","type":"post","link":"https:\/\/www.ing.uc.cl\/transporte-y-logistica\/alumnos-del-ditl-destacan-en-la-datathon-organizada-por-conecta-logistica\/","title":{"rendered":"Alumnos del DITL destacan en la Datathon organizada por Conecta Log\u00edstica"},"content":{"rendered":"<h5><\/h5>\n<div class=\"x_elementToProof\">\n<div class=\"x_elementToProof\">\n<div class=\"x_x_elementToProof\">\n<div class=\"x_elementToProof\">\n<div class=\"x_elementToProof\">El pasado viernes 12 de abril se llev\u00f3 a cabo con gran \u00e9xito la Datathon organizada por Conecta Log\u00edstica, bajo la direcci\u00f3n de nuestro egresado Jos\u00e9 Ignacio Sanhueza. El evento, que se desarroll\u00f3 en el Campus San Joaqu\u00edn, reuni\u00f3 a estudiantes de distintas especialidades de nuestra Escuela en una competencia desafiante.<\/div>\n<div><span style=\"color: #ffffff;\">.<\/span><\/div>\n<div class=\"x_elementToProof\">Durante la Datathon, los participantes formaron equipos conformados por 2 o 3 personas, teniendo la oportunidad de aplicar los conocimientos adquiridos en la Escuela, aprender nuevas herramientas y resolver un problema real de log\u00edstica urbana utilizando datos reales.<\/div>\n<div><span style=\"color: #ffffff;\">.<\/span><\/div>\n<div class=\"x_elementToProof\">Entre los numerosos equipos participantes, el jurado seleccion\u00f3 como ganadores al equipo Fast Mile conformado por nuestros alumnos Ian Miquel, Francisco P\u00e1ez y Sebasti\u00e1n Pe\u00f1a. Su destacado desempe\u00f1o y habilidades demostradas les valieron el reconocimiento como los triunfadores de este evento.<span style=\"color: #ffffff;\">.<\/span><\/div>\n<\/div>\n<p><a href=\"https:\/\/www.ing.uc.cl\/transporte-y-logistica\/wp-content\/uploads\/2024\/04\/primer-lugar-datathon-logistica-2024-1024x693-1.webp\"><img fetchpriority=\"high\" decoding=\"async\" class=\"aligncenter wp-image-12080 size-medium\" src=\"https:\/\/www.ing.uc.cl\/transporte-y-logistica\/wp-content\/uploads\/2024\/04\/primer-lugar-datathon-logistica-2024-1024x693-1-300x203.webp\" alt=\"\" width=\"300\" height=\"203\" srcset=\"https:\/\/www.ing.uc.cl\/transporte-y-logistica\/wp-content\/uploads\/2024\/04\/primer-lugar-datathon-logistica-2024-1024x693-1-300x203.webp 300w, https:\/\/www.ing.uc.cl\/transporte-y-logistica\/wp-content\/uploads\/2024\/04\/primer-lugar-datathon-logistica-2024-1024x693-1-768x520.webp 768w, https:\/\/www.ing.uc.cl\/transporte-y-logistica\/wp-content\/uploads\/2024\/04\/primer-lugar-datathon-logistica-2024-1024x693-1-400x271.webp 400w, https:\/\/www.ing.uc.cl\/transporte-y-logistica\/wp-content\/uploads\/2024\/04\/primer-lugar-datathon-logistica-2024-1024x693-1.webp 1024w\" sizes=\"(max-width: 300px) 100vw, 300px\" \/><\/a><\/p>\n<\/div>\n<\/div>\n<\/div>\n<div class=\"x_elementToProof\">\n<div class=\"x_elementToProof\">\n<div><span style=\"color: #ffffff;\">.<\/span><\/div>\n<div class=\"x_x_elementToProof\">\n<div class=\"x_elementToProof\">Para conocer m\u00e1s sobre la experiencia, tuvimos el placer de conversar con Fast Mile, quienes nos compartieron sus reflexiones sobre los desaf\u00edos enfrentados, los aprendizajes adquiridos y el impacto de sus soluciones:<\/div>\n<div><span style=\"color: #ffffff;\">.<\/span><span style=\"color: #ffffff;\">.<\/span><\/div>\n<div class=\"x_elementToProof\"><strong>\u00bfCu\u00e1l fue el mayor desaf\u00edo al que se enfrentaron durante la competencia y c\u00f3mo lo superaron?<\/strong><br \/>\nDurante la competencia, uno de los mayores desaf\u00edos que enfrentamos fue la gesti\u00f3n del tiempo. A pesar de nuestros esfuerzos, nos dimos cuenta de que no pudimos completar todas las tareas que nos hab\u00edamos propuesto, especialmente en lo que respecta a pruebas y refinamientos. Sin embargo, enfrentamos esta dificultad mediante una cuidadosa planificaci\u00f3n y priorizaci\u00f3n de tareas, asegur\u00e1ndonos de enfocarnos en los aspectos m\u00e1s cr\u00edticos del proyecto para poder finalizarlo dentro del plazo establecido.<\/div>\n<div><span style=\"color: #ffffff;\">.<\/span><\/div>\n<div class=\"x_elementToProof\"><strong>\u00bfQu\u00e9 aprendizajes importantes obtuvieron de esta experiencia y c\u00f3mo creen que les ayudar\u00e1 en su futuro profesional?<\/strong><br \/>\nEsta experiencia nos brind\u00f3 valiosos aprendizajes en el uso de herramientas de machine learning para abordar desaf\u00edos log\u00edsticos complejos. Sin embargo, una de las lecciones m\u00e1s significativas que obtuvimos fue que la elecci\u00f3n correcta de los datos a usar y el criterio para definir cual informaci\u00f3n es \u00fatil y cu\u00e1l informaci\u00f3n no aporta o incluso distorsiona, esto fue de las cosas m\u00e1s importantes, ya que nuestra soluci\u00f3n no ten\u00eda una gran sofisticaci\u00f3n, pero si se destin\u00f3 un buen porcentaje del tiempo a entender el problema en detalle y sacar la informaci\u00f3n que aporta menos. Fue un ejemplo de que lo perfecto puede no ser amigo de lo bueno. Estamos convencidos de que estos conocimientos nos ser\u00e1n de gran utilidad en nuestro futuro profesional, ya que nos capacitar\u00e1n para enfrentar desaf\u00edos similares con confianza y creatividad.<\/div>\n<div><span style=\"color: #ffffff;\">.<\/span><\/div>\n<div class=\"x_elementToProof\"><strong>\u00bfQu\u00e9 signific\u00f3 para ustedes trabajar en un problema real de log\u00edstica urbana y c\u00f3mo creen que sus soluciones podr\u00edan tener un impacto en el mundo real?<\/strong><br \/>\nTrabajar en un problema real de log\u00edstica urbana nos proporcion\u00f3 una visi\u00f3n profunda de los desaf\u00edos y oportunidades que enfrenta este campo en la actualidad. Aunque reconocemos que nuestra soluci\u00f3n espec\u00edfica puede tener un alcance limitado en t\u00e9rminos de impacto directo en la log\u00edstica urbana, creemos que nuestras soluciones pueden tener un impacto significativo en el mundo real al optimizar procesos log\u00edsticos, reducir costos y mejorar la eficiencia en la distribuci\u00f3n de bienes y servicios en entornos urbanos.<\/div>\n<div><span style=\"color: #ffffff;\">.<\/span><\/div>\n<\/div>\n<div>La participaci\u00f3n y dedicaci\u00f3n de todos los participantes de la Datathon han sido ejemplos de compromiso y excelencia, y estamos profundamente agradecidos por su contribuci\u00f3n al \u00e9xito de este evento.<\/div>\n<\/div>\n<\/div>\n<div><span style=\"color: #ffffff;\">.<\/span><\/div>\n<div><a href=\"https:\/\/www.ing.uc.cl\/transporte-y-logistica\/wp-content\/uploads\/2024\/04\/reconocimiento-a-docente-puc-1024x693-1.webp\"><img decoding=\"async\" width=\"300\" height=\"203\" class=\"size-medium wp-image-12082 aligncenter\" src=\"https:\/\/www.ing.uc.cl\/transporte-y-logistica\/wp-content\/uploads\/2024\/04\/reconocimiento-a-docente-puc-1024x693-1-300x203.webp\" alt=\"\" srcset=\"https:\/\/www.ing.uc.cl\/transporte-y-logistica\/wp-content\/uploads\/2024\/04\/reconocimiento-a-docente-puc-1024x693-1-300x203.webp 300w, https:\/\/www.ing.uc.cl\/transporte-y-logistica\/wp-content\/uploads\/2024\/04\/reconocimiento-a-docente-puc-1024x693-1-768x520.webp 768w, https:\/\/www.ing.uc.cl\/transporte-y-logistica\/wp-content\/uploads\/2024\/04\/reconocimiento-a-docente-puc-1024x693-1-400x271.webp 400w, https:\/\/www.ing.uc.cl\/transporte-y-logistica\/wp-content\/uploads\/2024\/04\/reconocimiento-a-docente-puc-1024x693-1.webp 1024w\" sizes=\"(max-width: 300px) 100vw, 300px\" \/><\/a><\/div>\n<div><span style=\"color: #ffffff;\">.<\/span><\/div>\n<div class=\"x_elementToProof\">\n<div>Como DITL, agradecemos tambi\u00e9n a\u00a0<a id=\"LPlnk\" title=\"https:\/\/www.conectalogistica.cl\/actualidad\/noticias\/datathon-logistica-2024\/\" href=\"https:\/\/www.conectalogistica.cl\/actualidad\/noticias\/datathon-logistica-2024\/\" data-auth=\"NotApplicable\" data-linkindex=\"1\">Conecta Log\u00edstica<\/a>\u00a0por promover y colaborar en estas importantes iniciativas que impulsan el aprendizaje y la innovaci\u00f3n entre nuestros estudiantes.<\/div>\n<div class=\"x_elementToProof\">\n<div class=\"x_x_elementToProof\">\n<div class=\"x_elementToProof\"><span style=\"color: #ffffff;\">.<\/span><\/div>\n<\/div>\n<\/div>\n<\/div>\n<div class=\"x_elementToProof\"><\/div>\n<div><a href=\"https:\/\/www.ing.uc.cl\/transporte-y-logistica\/wp-content\/uploads\/2024\/04\/fotos-web-datathon-copia-1024x538-1.webp\"><img decoding=\"async\" class=\"aligncenter wp-image-12081 size-full\" src=\"https:\/\/www.ing.uc.cl\/transporte-y-logistica\/wp-content\/uploads\/2024\/04\/fotos-web-datathon-copia-1024x538-1.webp\" alt=\"\" width=\"1024\" height=\"538\" srcset=\"https:\/\/www.ing.uc.cl\/transporte-y-logistica\/wp-content\/uploads\/2024\/04\/fotos-web-datathon-copia-1024x538-1.webp 1024w, https:\/\/www.ing.uc.cl\/transporte-y-logistica\/wp-content\/uploads\/2024\/04\/fotos-web-datathon-copia-1024x538-1-300x158.webp 300w, https:\/\/www.ing.uc.cl\/transporte-y-logistica\/wp-content\/uploads\/2024\/04\/fotos-web-datathon-copia-1024x538-1-768x404.webp 768w, https:\/\/www.ing.uc.cl\/transporte-y-logistica\/wp-content\/uploads\/2024\/04\/fotos-web-datathon-copia-1024x538-1-400x210.webp 400w\" sizes=\"(max-width: 1024px) 100vw, 1024px\" \/><\/a><\/div>\n<div><span style=\"color: #ffffff;\">.<\/span><\/div>\n<div>\u00a1Felicitaciones a todos los ganadores!<\/div>\n","protected":false},"excerpt":{"rendered":"<p><\/p>\n<p><img src=https:\/\/www.ing.uc.cl\/transporte-y-logistica\/wp-content\/uploads\/2024\/04\/primer-lugar-datathon-logistica-2024-1024x693-1-300x203.webp\" style=\"all: unset;margin-top:0px; width: 90px; float:left; display: inline;margin-right:9px\"> Alumnos del DITL destacan en la Datathon organizada por Conecta Log\u00edstica<\/p>\n","protected":false},"author":8,"featured_media":12080,"comment_status":"closed","ping_status":"closed","sticky":false,"template":"","format":"standard","meta":{"_acf_changed":false,"footnotes":""},"categories":[4],"tags":[],"class_list":{"0":"post-12079","1":"post","2":"type-post","3":"status-publish","4":"format-standard","5":"has-post-thumbnail","6":"hentry","7":"category-noticia-destacada","9":"post-with-thumbnail","10":"post-with-thumbnail-large"},"acf":[],"yoast_head":"<!-- This site is optimized with the Yoast SEO plugin v27.5 - https:\/\/yoast.com\/product\/yoast-seo-wordpress\/ -->\n<title>Alumnos del DITL destacan en la Datathon organizada por Conecta Log\u00edstica - Departamento de Ingenier\u00eda de Transporte y Log\u00edstica<\/title>\n<meta name=\"robots\" content=\"index, follow, max-snippet:-1, max-image-preview:large, max-video-preview:-1\" \/>\n<link rel=\"canonical\" href=\"https:\/\/www.ing.uc.cl\/transporte-y-logistica\/alumnos-del-ditl-destacan-en-la-datathon-organizada-por-conecta-logistica\/\" \/>\n<meta property=\"og:locale\" content=\"es_ES\" \/>\n<meta property=\"og:type\" content=\"article\" \/>\n<meta property=\"og:title\" content=\"Alumnos del DITL destacan en la Datathon organizada por Conecta Log\u00edstica - Departamento de Ingenier\u00eda de Transporte y Log\u00edstica\" \/>\n<meta property=\"og:url\" content=\"https:\/\/www.ing.uc.cl\/transporte-y-logistica\/alumnos-del-ditl-destacan-en-la-datathon-organizada-por-conecta-logistica\/\" \/>\n<meta property=\"og:site_name\" content=\"Departamento de Ingenier\u00eda de Transporte y Log\u00edstica\" \/>\n<meta property=\"article:published_time\" content=\"2024-04-16T12:38:21+00:00\" \/>\n<meta property=\"article:modified_time\" content=\"2024-04-30T13:38:51+00:00\" \/>\n<meta property=\"og:image\" content=\"https:\/\/www.ing.uc.cl\/transporte-y-logistica\/wp-content\/uploads\/2024\/04\/primer-lugar-datathon-logistica-2024-1024x693-1.webp\" \/>\n\t<meta property=\"og:image:width\" content=\"1024\" \/>\n\t<meta property=\"og:image:height\" content=\"693\" \/>\n\t<meta property=\"og:image:type\" content=\"image\/webp\" \/>\n<meta name=\"author\" content=\"Keyra Tiape\" \/>\n<meta name=\"twitter:card\" content=\"summary_large_image\" \/>\n<meta name=\"twitter:label1\" content=\"Escrito por\" \/>\n\t<meta name=\"twitter:data1\" content=\"Keyra Tiape\" \/>\n\t<meta name=\"twitter:label2\" content=\"Tiempo de lectura\" \/>\n\t<meta name=\"twitter:data2\" content=\"4 minutos\" \/>\n<script type=\"application\/ld+json\" class=\"yoast-schema-graph\">{\"@context\":\"https:\\\/\\\/schema.org\",\"@graph\":[{\"@type\":\"Article\",\"@id\":\"https:\\\/\\\/www.ing.uc.cl\\\/transporte-y-logistica\\\/alumnos-del-ditl-destacan-en-la-datathon-organizada-por-conecta-logistica\\\/#article\",\"isPartOf\":{\"@id\":\"https:\\\/\\\/www.ing.uc.cl\\\/transporte-y-logistica\\\/alumnos-del-ditl-destacan-en-la-datathon-organizada-por-conecta-logistica\\\/\"},\"author\":{\"name\":\"Keyra Tiape\",\"@id\":\"https:\\\/\\\/www.ing.uc.cl\\\/transporte-y-logistica\\\/#\\\/schema\\\/person\\\/18b5c75a93aca6dfe42b216977b110a2\"},\"headline\":\"Alumnos del DITL destacan en la Datathon organizada por Conecta Log\u00edstica\",\"datePublished\":\"2024-04-16T12:38:21+00:00\",\"dateModified\":\"2024-04-30T13:38:51+00:00\",\"mainEntityOfPage\":{\"@id\":\"https:\\\/\\\/www.ing.uc.cl\\\/transporte-y-logistica\\\/alumnos-del-ditl-destacan-en-la-datathon-organizada-por-conecta-logistica\\\/\"},\"wordCount\":632,\"image\":{\"@id\":\"https:\\\/\\\/www.ing.uc.cl\\\/transporte-y-logistica\\\/alumnos-del-ditl-destacan-en-la-datathon-organizada-por-conecta-logistica\\\/#primaryimage\"},\"thumbnailUrl\":\"https:\\\/\\\/www.ing.uc.cl\\\/transporte-y-logistica\\\/wp-content\\\/uploads\\\/2024\\\/04\\\/primer-lugar-datathon-logistica-2024-1024x693-1.webp\",\"articleSection\":[\"Noticia Destacada\"],\"inLanguage\":\"es\"},{\"@type\":\"WebPage\",\"@id\":\"https:\\\/\\\/www.ing.uc.cl\\\/transporte-y-logistica\\\/alumnos-del-ditl-destacan-en-la-datathon-organizada-por-conecta-logistica\\\/\",\"url\":\"https:\\\/\\\/www.ing.uc.cl\\\/transporte-y-logistica\\\/alumnos-del-ditl-destacan-en-la-datathon-organizada-por-conecta-logistica\\\/\",\"name\":\"Alumnos del DITL destacan en la Datathon organizada por Conecta Log\u00edstica - Departamento de Ingenier\u00eda de Transporte y Log\u00edstica\",\"isPartOf\":{\"@id\":\"https:\\\/\\\/www.ing.uc.cl\\\/transporte-y-logistica\\\/#website\"},\"primaryImageOfPage\":{\"@id\":\"https:\\\/\\\/www.ing.uc.cl\\\/transporte-y-logistica\\\/alumnos-del-ditl-destacan-en-la-datathon-organizada-por-conecta-logistica\\\/#primaryimage\"},\"image\":{\"@id\":\"https:\\\/\\\/www.ing.uc.cl\\\/transporte-y-logistica\\\/alumnos-del-ditl-destacan-en-la-datathon-organizada-por-conecta-logistica\\\/#primaryimage\"},\"thumbnailUrl\":\"https:\\\/\\\/www.ing.uc.cl\\\/transporte-y-logistica\\\/wp-content\\\/uploads\\\/2024\\\/04\\\/primer-lugar-datathon-logistica-2024-1024x693-1.webp\",\"datePublished\":\"2024-04-16T12:38:21+00:00\",\"dateModified\":\"2024-04-30T13:38:51+00:00\",\"author\":{\"@id\":\"https:\\\/\\\/www.ing.uc.cl\\\/transporte-y-logistica\\\/#\\\/schema\\\/person\\\/18b5c75a93aca6dfe42b216977b110a2\"},\"breadcrumb\":{\"@id\":\"https:\\\/\\\/www.ing.uc.cl\\\/transporte-y-logistica\\\/alumnos-del-ditl-destacan-en-la-datathon-organizada-por-conecta-logistica\\\/#breadcrumb\"},\"inLanguage\":\"es\",\"potentialAction\":[{\"@type\":\"ReadAction\",\"target\":[\"https:\\\/\\\/www.ing.uc.cl\\\/transporte-y-logistica\\\/alumnos-del-ditl-destacan-en-la-datathon-organizada-por-conecta-logistica\\\/\"]}]},{\"@type\":\"ImageObject\",\"inLanguage\":\"es\",\"@id\":\"https:\\\/\\\/www.ing.uc.cl\\\/transporte-y-logistica\\\/alumnos-del-ditl-destacan-en-la-datathon-organizada-por-conecta-logistica\\\/#primaryimage\",\"url\":\"https:\\\/\\\/www.ing.uc.cl\\\/transporte-y-logistica\\\/wp-content\\\/uploads\\\/2024\\\/04\\\/primer-lugar-datathon-logistica-2024-1024x693-1.webp\",\"contentUrl\":\"https:\\\/\\\/www.ing.uc.cl\\\/transporte-y-logistica\\\/wp-content\\\/uploads\\\/2024\\\/04\\\/primer-lugar-datathon-logistica-2024-1024x693-1.webp\",\"width\":1024,\"height\":693},{\"@type\":\"BreadcrumbList\",\"@id\":\"https:\\\/\\\/www.ing.uc.cl\\\/transporte-y-logistica\\\/alumnos-del-ditl-destacan-en-la-datathon-organizada-por-conecta-logistica\\\/#breadcrumb\",\"itemListElement\":[{\"@type\":\"ListItem\",\"position\":1,\"name\":\"Portada\",\"item\":\"https:\\\/\\\/www.ing.uc.cl\\\/transporte-y-logistica\\\/\"},{\"@type\":\"ListItem\",\"position\":2,\"name\":\"Alumnos del DITL destacan en la Datathon organizada por Conecta Log\u00edstica\"}]},{\"@type\":\"WebSite\",\"@id\":\"https:\\\/\\\/www.ing.uc.cl\\\/transporte-y-logistica\\\/#website\",\"url\":\"https:\\\/\\\/www.ing.uc.cl\\\/transporte-y-logistica\\\/\",\"name\":\"Departamento de Ingenier\u00eda de Transporte y Log\u00edstica\",\"description\":\"DITL\",\"potentialAction\":[{\"@type\":\"SearchAction\",\"target\":{\"@type\":\"EntryPoint\",\"urlTemplate\":\"https:\\\/\\\/www.ing.uc.cl\\\/transporte-y-logistica\\\/?s={search_term_string}\"},\"query-input\":{\"@type\":\"PropertyValueSpecification\",\"valueRequired\":true,\"valueName\":\"search_term_string\"}}],\"inLanguage\":\"es\"},{\"@type\":\"Person\",\"@id\":\"https:\\\/\\\/www.ing.uc.cl\\\/transporte-y-logistica\\\/#\\\/schema\\\/person\\\/18b5c75a93aca6dfe42b216977b110a2\",\"name\":\"Keyra Tiape\",\"image\":{\"@type\":\"ImageObject\",\"inLanguage\":\"es\",\"@id\":\"https:\\\/\\\/secure.gravatar.com\\\/avatar\\\/b9c60b714a61c8b70e7cf40e0d582f280e9f385ad6edd0c4704b97f5749bd36e?s=96&d=mm&r=g\",\"url\":\"https:\\\/\\\/secure.gravatar.com\\\/avatar\\\/b9c60b714a61c8b70e7cf40e0d582f280e9f385ad6edd0c4704b97f5749bd36e?s=96&d=mm&r=g\",\"contentUrl\":\"https:\\\/\\\/secure.gravatar.com\\\/avatar\\\/b9c60b714a61c8b70e7cf40e0d582f280e9f385ad6edd0c4704b97f5749bd36e?s=96&d=mm&r=g\",\"caption\":\"Keyra Tiape\"},\"url\":\"https:\\\/\\\/www.ing.uc.cl\\\/transporte-y-logistica\\\/author\\\/ktiape\\\/\"}]}<\/script>\n<!-- \/ Yoast SEO plugin. -->","yoast_head_json":{"title":"Alumnos del DITL destacan en la Datathon organizada por Conecta Log\u00edstica - Departamento de Ingenier\u00eda de Transporte y Log\u00edstica","robots":{"index":"index","follow":"follow","max-snippet":"max-snippet:-1","max-image-preview":"max-image-preview:large","max-video-preview":"max-video-preview:-1"},"canonical":"https:\/\/www.ing.uc.cl\/transporte-y-logistica\/alumnos-del-ditl-destacan-en-la-datathon-organizada-por-conecta-logistica\/","og_locale":"es_ES","og_type":"article","og_title":"Alumnos del DITL destacan en la Datathon organizada por Conecta Log\u00edstica - Departamento de Ingenier\u00eda de Transporte y Log\u00edstica","og_url":"https:\/\/www.ing.uc.cl\/transporte-y-logistica\/alumnos-del-ditl-destacan-en-la-datathon-organizada-por-conecta-logistica\/","og_site_name":"Departamento de Ingenier\u00eda de Transporte y Log\u00edstica","article_published_time":"2024-04-16T12:38:21+00:00","article_modified_time":"2024-04-30T13:38:51+00:00","og_image":[{"width":1024,"height":693,"url":"https:\/\/www.ing.uc.cl\/transporte-y-logistica\/wp-content\/uploads\/2024\/04\/primer-lugar-datathon-logistica-2024-1024x693-1.webp","type":"image\/webp"}],"author":"Keyra Tiape","twitter_card":"summary_large_image","twitter_misc":{"Escrito por":"Keyra Tiape","Tiempo de lectura":"4 minutos"},"schema":{"@context":"https:\/\/schema.org","@graph":[{"@type":"Article","@id":"https:\/\/www.ing.uc.cl\/transporte-y-logistica\/alumnos-del-ditl-destacan-en-la-datathon-organizada-por-conecta-logistica\/#article","isPartOf":{"@id":"https:\/\/www.ing.uc.cl\/transporte-y-logistica\/alumnos-del-ditl-destacan-en-la-datathon-organizada-por-conecta-logistica\/"},"author":{"name":"Keyra Tiape","@id":"https:\/\/www.ing.uc.cl\/transporte-y-logistica\/#\/schema\/person\/18b5c75a93aca6dfe42b216977b110a2"},"headline":"Alumnos del DITL destacan en la Datathon organizada por Conecta Log\u00edstica","datePublished":"2024-04-16T12:38:21+00:00","dateModified":"2024-04-30T13:38:51+00:00","mainEntityOfPage":{"@id":"https:\/\/www.ing.uc.cl\/transporte-y-logistica\/alumnos-del-ditl-destacan-en-la-datathon-organizada-por-conecta-logistica\/"},"wordCount":632,"image":{"@id":"https:\/\/www.ing.uc.cl\/transporte-y-logistica\/alumnos-del-ditl-destacan-en-la-datathon-organizada-por-conecta-logistica\/#primaryimage"},"thumbnailUrl":"https:\/\/www.ing.uc.cl\/transporte-y-logistica\/wp-content\/uploads\/2024\/04\/primer-lugar-datathon-logistica-2024-1024x693-1.webp","articleSection":["Noticia Destacada"],"inLanguage":"es"},{"@type":"WebPage","@id":"https:\/\/www.ing.uc.cl\/transporte-y-logistica\/alumnos-del-ditl-destacan-en-la-datathon-organizada-por-conecta-logistica\/","url":"https:\/\/www.ing.uc.cl\/transporte-y-logistica\/alumnos-del-ditl-destacan-en-la-datathon-organizada-por-conecta-logistica\/","name":"Alumnos del DITL destacan en la Datathon organizada por Conecta Log\u00edstica - Departamento de Ingenier\u00eda de Transporte y Log\u00edstica","isPartOf":{"@id":"https:\/\/www.ing.uc.cl\/transporte-y-logistica\/#website"},"primaryImageOfPage":{"@id":"https:\/\/www.ing.uc.cl\/transporte-y-logistica\/alumnos-del-ditl-destacan-en-la-datathon-organizada-por-conecta-logistica\/#primaryimage"},"image":{"@id":"https:\/\/www.ing.uc.cl\/transporte-y-logistica\/alumnos-del-ditl-destacan-en-la-datathon-organizada-por-conecta-logistica\/#primaryimage"},"thumbnailUrl":"https:\/\/www.ing.uc.cl\/transporte-y-logistica\/wp-content\/uploads\/2024\/04\/primer-lugar-datathon-logistica-2024-1024x693-1.webp","datePublished":"2024-04-16T12:38:21+00:00","dateModified":"2024-04-30T13:38:51+00:00","author":{"@id":"https:\/\/www.ing.uc.cl\/transporte-y-logistica\/#\/schema\/person\/18b5c75a93aca6dfe42b216977b110a2"},"breadcrumb":{"@id":"https:\/\/www.ing.uc.cl\/transporte-y-logistica\/alumnos-del-ditl-destacan-en-la-datathon-organizada-por-conecta-logistica\/#breadcrumb"},"inLanguage":"es","potentialAction":[{"@type":"ReadAction","target":["https:\/\/www.ing.uc.cl\/transporte-y-logistica\/alumnos-del-ditl-destacan-en-la-datathon-organizada-por-conecta-logistica\/"]}]},{"@type":"ImageObject","inLanguage":"es","@id":"https:\/\/www.ing.uc.cl\/transporte-y-logistica\/alumnos-del-ditl-destacan-en-la-datathon-organizada-por-conecta-logistica\/#primaryimage","url":"https:\/\/www.ing.uc.cl\/transporte-y-logistica\/wp-content\/uploads\/2024\/04\/primer-lugar-datathon-logistica-2024-1024x693-1.webp","contentUrl":"https:\/\/www.ing.uc.cl\/transporte-y-logistica\/wp-content\/uploads\/2024\/04\/primer-lugar-datathon-logistica-2024-1024x693-1.webp","width":1024,"height":693},{"@type":"BreadcrumbList","@id":"https:\/\/www.ing.uc.cl\/transporte-y-logistica\/alumnos-del-ditl-destacan-en-la-datathon-organizada-por-conecta-logistica\/#breadcrumb","itemListElement":[{"@type":"ListItem","position":1,"name":"Portada","item":"https:\/\/www.ing.uc.cl\/transporte-y-logistica\/"},{"@type":"ListItem","position":2,"name":"Alumnos del DITL destacan en la Datathon organizada por Conecta Log\u00edstica"}]},{"@type":"WebSite","@id":"https:\/\/www.ing.uc.cl\/transporte-y-logistica\/#website","url":"https:\/\/www.ing.uc.cl\/transporte-y-logistica\/","name":"Departamento de Ingenier\u00eda de Transporte y Log\u00edstica","description":"DITL","potentialAction":[{"@type":"SearchAction","target":{"@type":"EntryPoint","urlTemplate":"https:\/\/www.ing.uc.cl\/transporte-y-logistica\/?s={search_term_string}"},"query-input":{"@type":"PropertyValueSpecification","valueRequired":true,"valueName":"search_term_string"}}],"inLanguage":"es"},{"@type":"Person","@id":"https:\/\/www.ing.uc.cl\/transporte-y-logistica\/#\/schema\/person\/18b5c75a93aca6dfe42b216977b110a2","name":"Keyra Tiape","image":{"@type":"ImageObject","inLanguage":"es","@id":"https:\/\/secure.gravatar.com\/avatar\/b9c60b714a61c8b70e7cf40e0d582f280e9f385ad6edd0c4704b97f5749bd36e?s=96&d=mm&r=g","url":"https:\/\/secure.gravatar.com\/avatar\/b9c60b714a61c8b70e7cf40e0d582f280e9f385ad6edd0c4704b97f5749bd36e?s=96&d=mm&r=g","contentUrl":"https:\/\/secure.gravatar.com\/avatar\/b9c60b714a61c8b70e7cf40e0d582f280e9f385ad6edd0c4704b97f5749bd36e?s=96&d=mm&r=g","caption":"Keyra Tiape"},"url":"https:\/\/www.ing.uc.cl\/transporte-y-logistica\/author\/ktiape\/"}]}},"_links":{"self":[{"href":"https:\/\/www.ing.uc.cl\/transporte-y-logistica\/wp-json\/wp\/v2\/posts\/12079","targetHints":{"allow":["GET"]}}],"collection":[{"href":"https:\/\/www.ing.uc.cl\/transporte-y-logistica\/wp-json\/wp\/v2\/posts"}],"about":[{"href":"https:\/\/www.ing.uc.cl\/transporte-y-logistica\/wp-json\/wp\/v2\/types\/post"}],"author":[{"embeddable":true,"href":"https:\/\/www.ing.uc.cl\/transporte-y-logistica\/wp-json\/wp\/v2\/users\/8"}],"replies":[{"embeddable":true,"href":"https:\/\/www.ing.uc.cl\/transporte-y-logistica\/wp-json\/wp\/v2\/comments?post=12079"}],"version-history":[{"count":7,"href":"https:\/\/www.ing.uc.cl\/transporte-y-logistica\/wp-json\/wp\/v2\/posts\/12079\/revisions"}],"predecessor-version":[{"id":12090,"href":"https:\/\/www.ing.uc.cl\/transporte-y-logistica\/wp-json\/wp\/v2\/posts\/12079\/revisions\/12090"}],"wp:featuredmedia":[{"embeddable":true,"href":"https:\/\/www.ing.uc.cl\/transporte-y-logistica\/wp-json\/wp\/v2\/media\/12080"}],"wp:attachment":[{"href":"https:\/\/www.ing.uc.cl\/transporte-y-logistica\/wp-json\/wp\/v2\/media?parent=12079"}],"wp:term":[{"taxonomy":"category","embeddable":true,"href":"https:\/\/www.ing.uc.cl\/transporte-y-logistica\/wp-json\/wp\/v2\/categories?post=12079"},{"taxonomy":"post_tag","embeddable":true,"href":"https:\/\/www.ing.uc.cl\/transporte-y-logistica\/wp-json\/wp\/v2\/tags?post=12079"}],"curies":[{"name":"wp","href":"https:\/\/api.w.org\/{rel}","templated":true}]}}