{"id":12431,"date":"2024-08-26T13:20:01","date_gmt":"2024-08-26T16:20:01","guid":{"rendered":"https:\/\/www.ing.uc.cl\/transporte-y-logistica\/?p=12431"},"modified":"2024-10-03T16:41:25","modified_gmt":"2024-10-03T19:41:25","slug":"ceremonia-san-agustin-2024-reconocimientos-a-academicos-y-estudiantes-destacados-del-ditl","status":"publish","type":"post","link":"https:\/\/www.ing.uc.cl\/transporte-y-logistica\/ceremonia-san-agustin-2024-reconocimientos-a-academicos-y-estudiantes-destacados-del-ditl\/","title":{"rendered":"Ceremonia San Agust\u00edn 2024: Reconocimientos a acad\u00e9micos y estudiantes destacados del DITL"},"content":{"rendered":"\t\t<div data-elementor-type=\"wp-post\" data-elementor-id=\"12431\" class=\"elementor elementor-12431\">\n\t\t\t\t\t\t<section class=\"elementor-section elementor-top-section elementor-element elementor-element-4d7e3233 elementor-section-boxed elementor-section-height-default elementor-section-height-default\" data-id=\"4d7e3233\" data-element_type=\"section\" data-e-type=\"section\">\n\t\t\t\t\t\t<div class=\"elementor-container elementor-column-gap-default\">\n\t\t\t\t\t<div class=\"elementor-column elementor-col-100 elementor-top-column elementor-element elementor-element-5a8c5078\" data-id=\"5a8c5078\" data-element_type=\"column\" data-e-type=\"column\">\n\t\t\t<div class=\"elementor-widget-wrap elementor-element-populated\">\n\t\t\t\t\t\t<div class=\"elementor-element elementor-element-b7ea3e0 elementor-widget__width-initial elementor-widget elementor-widget-text-editor\" data-id=\"b7ea3e0\" data-element_type=\"widget\" data-e-type=\"widget\" data-widget_type=\"text-editor.default\">\n\t\t\t\t<div class=\"elementor-widget-container\">\n\t\t\t\t\t\t\t\t\t<h4><strong>El pasado viernes 23 de agosto se celebr\u00f3 la tradicional\u00a0<b>Ceremonia San Agust\u00edn<\/b> en conmemoraci\u00f3n de los 132 a\u00f1os de la Escuela de Ingenier\u00eda UC. El evento, que tuvo lugar en el Auditorio Luksic del Campus San Joaqu\u00edn, reuni\u00f3 a la comunidad de Ingenier\u00eda UC y Dictuc para destacar los avances y logros del \u00faltimo a\u00f1o, as\u00ed como para reconocer a aquellos acad\u00e9micos y estudiantes que han hecho un notable aporte a la instituci\u00f3n.<\/strong><\/h4><div><div class=\"x_x_elementToProof\">En esta ocasi\u00f3n, nuestro departamento form\u00f3 parte de la ceremonia a trav\u00e9s del reconocimiento a varios de sus miembros:<\/div><ul data-editing-info=\"{&quot;applyListStyleFromLevel&quot;:true}\"><li><div class=\"x_x_elementToProof\"><b>Luis Rizzi<\/b>: acad\u00e9mico DITL condecorado por sus 20 a\u00f1os de servicio en la Escuela de Ingenier\u00eda.<\/div><\/li><li><div class=\"x_x_elementToProof\"><b>Ricardo Giesen<\/b>, acad\u00e9mico DITL, recibi\u00f3 el premio por\u00a0<i>Calidad y Pertenencia de la Docencia<\/i>, entregado por Educaci\u00f3n Profesional, en reconocimiento a su excelencia en la ense\u00f1anza y su impacto en la formaci\u00f3n de profesionales en el \u00e1rea del transporte.<\/div><\/li><li><div class=\"x_x_elementToProof\"><b>Diego Guam\u00e1n<\/b>: docente DITL, reconocido como profesor part-time del DITL por la excelencia en su calidad docente.<\/div><\/li><li><div class=\"x_x_elementToProof\"><b>Carolina Y\u00e1\u00f1ez<\/b>, estudiante de nuestro departamento, fue distinguida como la Mejor Ayudante del DITL, un reconocimiento a su destacado desempe\u00f1o en la asistencia a la docencia y apoyo a sus compa\u00f1eros.<\/div><\/li><\/ul><div class=\"x_x_elementToProof\">\u00a0<\/div><div>Agradecemos a todos los galardonados por su compromiso y contribuciones, que sin duda fortalecen nuestra comunidad y nos motivan a seguir buscando la excelencia acad\u00e9mica y profesional.<\/div><div class=\"x_x_elementToProof\">\u00a0<\/div><div class=\"x_x_elementToProof\">\u00a1Felicitaciones!<\/div><\/div><div>\u00a0<\/div><div>Compartimos algunas fotograf\u00edas de las ceremonia.<\/div><div>\u00a0<\/div><div><div id=\"attachment_12436\" style=\"width: 730px\" class=\"wp-caption aligncenter\"><a href=\"https:\/\/www.ing.uc.cl\/transporte-y-logistica\/wp-content\/uploads\/2024\/10\/IMG_5360-scaled-1.jpg\"><img fetchpriority=\"high\" decoding=\"async\" aria-describedby=\"caption-attachment-12436\" class=\"wp-image-12436 size-large\" src=\"https:\/\/www.ing.uc.cl\/transporte-y-logistica\/wp-content\/uploads\/2024\/10\/IMG_5360-scaled-1-1024x683.jpg\" alt=\"\" width=\"720\" height=\"480\" srcset=\"https:\/\/www.ing.uc.cl\/transporte-y-logistica\/wp-content\/uploads\/2024\/10\/IMG_5360-scaled-1-1024x683.jpg 1024w, https:\/\/www.ing.uc.cl\/transporte-y-logistica\/wp-content\/uploads\/2024\/10\/IMG_5360-scaled-1-300x200.jpg 300w, https:\/\/www.ing.uc.cl\/transporte-y-logistica\/wp-content\/uploads\/2024\/10\/IMG_5360-scaled-1-768x512.jpg 768w, https:\/\/www.ing.uc.cl\/transporte-y-logistica\/wp-content\/uploads\/2024\/10\/IMG_5360-scaled-1-1536x1024.jpg 1536w, https:\/\/www.ing.uc.cl\/transporte-y-logistica\/wp-content\/uploads\/2024\/10\/IMG_5360-scaled-1-2048x1366.jpg 2048w, https:\/\/www.ing.uc.cl\/transporte-y-logistica\/wp-content\/uploads\/2024\/10\/IMG_5360-scaled-1-272x182.jpg 272w, https:\/\/www.ing.uc.cl\/transporte-y-logistica\/wp-content\/uploads\/2024\/10\/IMG_5360-scaled-1-400x267.jpg 400w\" sizes=\"(max-width: 720px) 100vw, 720px\" \/><\/a><p id=\"caption-attachment-12436\" class=\"wp-caption-text\">Luis Rizzi &#8211; Reconocimiento por 20 a\u00f1os de servicio<\/p><\/div><\/div><div>\u00a0<\/div><div><div id=\"attachment_12434\" style=\"width: 715px\" class=\"wp-caption aligncenter\"><a href=\"https:\/\/www.ing.uc.cl\/transporte-y-logistica\/wp-content\/uploads\/2024\/10\/RGE-premio-san-agustin.png\"><img decoding=\"async\" aria-describedby=\"caption-attachment-12434\" class=\"wp-image-12434 size-full\" src=\"https:\/\/www.ing.uc.cl\/transporte-y-logistica\/wp-content\/uploads\/2024\/10\/RGE-premio-san-agustin.png\" alt=\"\" width=\"705\" height=\"589\" srcset=\"https:\/\/www.ing.uc.cl\/transporte-y-logistica\/wp-content\/uploads\/2024\/10\/RGE-premio-san-agustin.png 705w, https:\/\/www.ing.uc.cl\/transporte-y-logistica\/wp-content\/uploads\/2024\/10\/RGE-premio-san-agustin-300x251.png 300w, https:\/\/www.ing.uc.cl\/transporte-y-logistica\/wp-content\/uploads\/2024\/10\/RGE-premio-san-agustin-400x334.png 400w\" sizes=\"(max-width: 705px) 100vw, 705px\" \/><\/a><p id=\"caption-attachment-12434\" class=\"wp-caption-text\">Ricardo Giesen &#8211; Premio Desarrollo del \u00e1rea de Educaci\u00f3n Profesional<\/p><\/div><div id=\"attachment_12433\" style=\"width: 591px\" class=\"wp-caption aligncenter\"><a href=\"https:\/\/www.ing.uc.cl\/transporte-y-logistica\/wp-content\/uploads\/2024\/10\/diego-guaman-premios-san-agustin.png\"><img decoding=\"async\" aria-describedby=\"caption-attachment-12433\" class=\"wp-image-12433 size-full\" src=\"https:\/\/www.ing.uc.cl\/transporte-y-logistica\/wp-content\/uploads\/2024\/10\/diego-guaman-premios-san-agustin.png\" alt=\"\" width=\"581\" height=\"519\" srcset=\"https:\/\/www.ing.uc.cl\/transporte-y-logistica\/wp-content\/uploads\/2024\/10\/diego-guaman-premios-san-agustin.png 581w, https:\/\/www.ing.uc.cl\/transporte-y-logistica\/wp-content\/uploads\/2024\/10\/diego-guaman-premios-san-agustin-300x268.png 300w, https:\/\/www.ing.uc.cl\/transporte-y-logistica\/wp-content\/uploads\/2024\/10\/diego-guaman-premios-san-agustin-400x357.png 400w\" sizes=\"(max-width: 581px) 100vw, 581px\" \/><\/a><p id=\"caption-attachment-12433\" class=\"wp-caption-text\">Diego Guam\u00e1n &#8211; Excelencia Docente a profesor de jornada parcial DITL<\/p><\/div><br \/><div><div id=\"attachment_12435\" style=\"width: 2570px\" class=\"wp-caption aligncenter\"><a href=\"https:\/\/www.ing.uc.cl\/transporte-y-logistica\/wp-content\/uploads\/2024\/10\/IMG_5396-scaled-1.jpg\"><img loading=\"lazy\" decoding=\"async\" aria-describedby=\"caption-attachment-12435\" class=\"wp-image-12435 size-full\" src=\"https:\/\/www.ing.uc.cl\/transporte-y-logistica\/wp-content\/uploads\/2024\/10\/IMG_5396-scaled-1.jpg\" alt=\"\" width=\"2560\" height=\"1707\" srcset=\"https:\/\/www.ing.uc.cl\/transporte-y-logistica\/wp-content\/uploads\/2024\/10\/IMG_5396-scaled-1.jpg 2560w, https:\/\/www.ing.uc.cl\/transporte-y-logistica\/wp-content\/uploads\/2024\/10\/IMG_5396-scaled-1-300x200.jpg 300w, https:\/\/www.ing.uc.cl\/transporte-y-logistica\/wp-content\/uploads\/2024\/10\/IMG_5396-scaled-1-1024x683.jpg 1024w, https:\/\/www.ing.uc.cl\/transporte-y-logistica\/wp-content\/uploads\/2024\/10\/IMG_5396-scaled-1-768x512.jpg 768w, https:\/\/www.ing.uc.cl\/transporte-y-logistica\/wp-content\/uploads\/2024\/10\/IMG_5396-scaled-1-1536x1024.jpg 1536w, https:\/\/www.ing.uc.cl\/transporte-y-logistica\/wp-content\/uploads\/2024\/10\/IMG_5396-scaled-1-2048x1366.jpg 2048w, https:\/\/www.ing.uc.cl\/transporte-y-logistica\/wp-content\/uploads\/2024\/10\/IMG_5396-scaled-1-272x182.jpg 272w, https:\/\/www.ing.uc.cl\/transporte-y-logistica\/wp-content\/uploads\/2024\/10\/IMG_5396-scaled-1-400x267.jpg 400w\" sizes=\"(max-width: 2560px) 100vw, 2560px\" \/><\/a><p id=\"caption-attachment-12435\" class=\"wp-caption-text\">Carolina Y\u00e1nez &#8211; Mejor ayudante DITL<\/p><\/div><\/div><div>\u00a0<\/div><\/div><div>\u00a0<\/div>\t\t\t\t\t\t\t\t<\/div>\n\t\t\t\t<\/div>\n\t\t\t\t\t<\/div>\n\t\t<\/div>\n\t\t\t\t\t<\/div>\n\t\t<\/section>\n\t\t\t\t<section class=\"elementor-section elementor-top-section elementor-element elementor-element-667a9b2 elementor-section-boxed elementor-section-height-default elementor-section-height-default\" data-id=\"667a9b2\" data-element_type=\"section\" data-e-type=\"section\">\n\t\t\t\t\t\t<div class=\"elementor-container elementor-column-gap-default\">\n\t\t\t\t\t<div class=\"elementor-column elementor-col-100 elementor-top-column elementor-element elementor-element-b2e6c75\" data-id=\"b2e6c75\" data-element_type=\"column\" data-e-type=\"column\">\n\t\t\t<div class=\"elementor-widget-wrap\">\n\t\t\t\t\t\t\t<\/div>\n\t\t<\/div>\n\t\t\t\t\t<\/div>\n\t\t<\/section>\n\t\t\t\t<section class=\"elementor-section elementor-top-section elementor-element elementor-element-ecc1b8a elementor-section-boxed elementor-section-height-default elementor-section-height-default\" data-id=\"ecc1b8a\" data-element_type=\"section\" data-e-type=\"section\">\n\t\t\t\t\t\t<div class=\"elementor-container elementor-column-gap-default\">\n\t\t\t\t\t<div class=\"elementor-column elementor-col-100 elementor-top-column elementor-element elementor-element-683397d\" data-id=\"683397d\" data-element_type=\"column\" data-e-type=\"column\">\n\t\t\t<div class=\"elementor-widget-wrap elementor-element-populated\">\n\t\t\t\t\t\t<section class=\"elementor-section elementor-inner-section elementor-element elementor-element-6d01df3 elementor-section-boxed elementor-section-height-default elementor-section-height-default\" data-id=\"6d01df3\" data-element_type=\"section\" data-e-type=\"section\">\n\t\t\t\t\t\t<div class=\"elementor-container elementor-column-gap-default\">\n\t\t\t\t\t<div class=\"elementor-column elementor-col-50 elementor-inner-column elementor-element elementor-element-f969001\" data-id=\"f969001\" data-element_type=\"column\" data-e-type=\"column\">\n\t\t\t<div class=\"elementor-widget-wrap\">\n\t\t\t\t\t\t\t<\/div>\n\t\t<\/div>\n\t\t\t\t<div class=\"elementor-column elementor-col-50 elementor-inner-column elementor-element elementor-element-6dcca46\" data-id=\"6dcca46\" data-element_type=\"column\" data-e-type=\"column\">\n\t\t\t<div class=\"elementor-widget-wrap\">\n\t\t\t\t\t\t\t<\/div>\n\t\t<\/div>\n\t\t\t\t\t<\/div>\n\t\t<\/section>\n\t\t\t\t\t<\/div>\n\t\t<\/div>\n\t\t\t\t\t<\/div>\n\t\t<\/section>\n\t\t\t\t<\/div>\n\t\t","protected":false},"excerpt":{"rendered":"<p><\/p>\n<p><img src=https:\/\/www.ing.uc.cl\/transporte-y-logistica\/wp-content\/uploads\/2024\/10\/IMG_5396-scaled-1-1024x683.jpg\" style=\"all: unset;margin-top:0px; width: 60px; float:left; display: inline;margin-right:9px\"> Ceremonia San Agust\u00edn 2024: Reconocimientos a acad\u00e9micos y estudiantes destacados del DITL\u00bb<\/p>\n","protected":false},"author":8,"featured_media":12435,"comment_status":"closed","ping_status":"closed","sticky":false,"template":"","format":"standard","meta":{"_acf_changed":false,"footnotes":""},"categories":[4],"tags":[],"class_list":{"0":"post-12431","1":"post","2":"type-post","3":"status-publish","4":"format-standard","5":"has-post-thumbnail","6":"hentry","7":"category-noticia-destacada","9":"post-with-thumbnail","10":"post-with-thumbnail-large"},"acf":[],"yoast_head":"<!-- This site is optimized with the Yoast SEO plugin v27.5 - https:\/\/yoast.com\/product\/yoast-seo-wordpress\/ -->\n<title>Ceremonia San Agust\u00edn 2024: Reconocimientos a acad\u00e9micos y estudiantes destacados del DITL - Departamento de Ingenier\u00eda de Transporte y Log\u00edstica<\/title>\n<meta name=\"robots\" content=\"index, follow, max-snippet:-1, max-image-preview:large, max-video-preview:-1\" \/>\n<link rel=\"canonical\" href=\"https:\/\/www.ing.uc.cl\/transporte-y-logistica\/ceremonia-san-agustin-2024-reconocimientos-a-academicos-y-estudiantes-destacados-del-ditl\/\" \/>\n<meta property=\"og:locale\" content=\"es_ES\" \/>\n<meta property=\"og:type\" content=\"article\" \/>\n<meta property=\"og:title\" content=\"Ceremonia San Agust\u00edn 2024: Reconocimientos a acad\u00e9micos y estudiantes destacados del DITL - Departamento de Ingenier\u00eda de Transporte y Log\u00edstica\" \/>\n<meta property=\"og:url\" content=\"https:\/\/www.ing.uc.cl\/transporte-y-logistica\/ceremonia-san-agustin-2024-reconocimientos-a-academicos-y-estudiantes-destacados-del-ditl\/\" \/>\n<meta property=\"og:site_name\" content=\"Departamento de Ingenier\u00eda de Transporte y Log\u00edstica\" \/>\n<meta property=\"article:published_time\" content=\"2024-08-26T16:20:01+00:00\" \/>\n<meta property=\"article:modified_time\" content=\"2024-10-03T19:41:25+00:00\" \/>\n<meta property=\"og:image\" content=\"https:\/\/www.ing.uc.cl\/transporte-y-logistica\/wp-content\/uploads\/2024\/10\/IMG_5396-scaled-1.jpg\" \/>\n\t<meta property=\"og:image:width\" content=\"2560\" \/>\n\t<meta property=\"og:image:height\" content=\"1707\" \/>\n\t<meta property=\"og:image:type\" content=\"image\/jpeg\" \/>\n<meta name=\"author\" content=\"Keyra Tiape\" \/>\n<meta name=\"twitter:card\" content=\"summary_large_image\" \/>\n<meta name=\"twitter:label1\" content=\"Escrito por\" \/>\n\t<meta name=\"twitter:data1\" content=\"Keyra Tiape\" \/>\n\t<meta name=\"twitter:label2\" content=\"Tiempo de lectura\" \/>\n\t<meta name=\"twitter:data2\" content=\"3 minutos\" \/>\n<script type=\"application\/ld+json\" class=\"yoast-schema-graph\">{\"@context\":\"https:\\\/\\\/schema.org\",\"@graph\":[{\"@type\":\"Article\",\"@id\":\"https:\\\/\\\/www.ing.uc.cl\\\/transporte-y-logistica\\\/ceremonia-san-agustin-2024-reconocimientos-a-academicos-y-estudiantes-destacados-del-ditl\\\/#article\",\"isPartOf\":{\"@id\":\"https:\\\/\\\/www.ing.uc.cl\\\/transporte-y-logistica\\\/ceremonia-san-agustin-2024-reconocimientos-a-academicos-y-estudiantes-destacados-del-ditl\\\/\"},\"author\":{\"name\":\"Keyra Tiape\",\"@id\":\"https:\\\/\\\/www.ing.uc.cl\\\/transporte-y-logistica\\\/#\\\/schema\\\/person\\\/18b5c75a93aca6dfe42b216977b110a2\"},\"headline\":\"Ceremonia San Agust\u00edn 2024: Reconocimientos a acad\u00e9micos y estudiantes destacados del DITL\",\"datePublished\":\"2024-08-26T16:20:01+00:00\",\"dateModified\":\"2024-10-03T19:41:25+00:00\",\"mainEntityOfPage\":{\"@id\":\"https:\\\/\\\/www.ing.uc.cl\\\/transporte-y-logistica\\\/ceremonia-san-agustin-2024-reconocimientos-a-academicos-y-estudiantes-destacados-del-ditl\\\/\"},\"wordCount\":331,\"image\":{\"@id\":\"https:\\\/\\\/www.ing.uc.cl\\\/transporte-y-logistica\\\/ceremonia-san-agustin-2024-reconocimientos-a-academicos-y-estudiantes-destacados-del-ditl\\\/#primaryimage\"},\"thumbnailUrl\":\"https:\\\/\\\/www.ing.uc.cl\\\/transporte-y-logistica\\\/wp-content\\\/uploads\\\/2024\\\/10\\\/IMG_5396-scaled-1.jpg\",\"articleSection\":[\"Noticia Destacada\"],\"inLanguage\":\"es\"},{\"@type\":\"WebPage\",\"@id\":\"https:\\\/\\\/www.ing.uc.cl\\\/transporte-y-logistica\\\/ceremonia-san-agustin-2024-reconocimientos-a-academicos-y-estudiantes-destacados-del-ditl\\\/\",\"url\":\"https:\\\/\\\/www.ing.uc.cl\\\/transporte-y-logistica\\\/ceremonia-san-agustin-2024-reconocimientos-a-academicos-y-estudiantes-destacados-del-ditl\\\/\",\"name\":\"Ceremonia San Agust\u00edn 2024: Reconocimientos a acad\u00e9micos y estudiantes destacados del DITL - Departamento de Ingenier\u00eda de Transporte y Log\u00edstica\",\"isPartOf\":{\"@id\":\"https:\\\/\\\/www.ing.uc.cl\\\/transporte-y-logistica\\\/#website\"},\"primaryImageOfPage\":{\"@id\":\"https:\\\/\\\/www.ing.uc.cl\\\/transporte-y-logistica\\\/ceremonia-san-agustin-2024-reconocimientos-a-academicos-y-estudiantes-destacados-del-ditl\\\/#primaryimage\"},\"image\":{\"@id\":\"https:\\\/\\\/www.ing.uc.cl\\\/transporte-y-logistica\\\/ceremonia-san-agustin-2024-reconocimientos-a-academicos-y-estudiantes-destacados-del-ditl\\\/#primaryimage\"},\"thumbnailUrl\":\"https:\\\/\\\/www.ing.uc.cl\\\/transporte-y-logistica\\\/wp-content\\\/uploads\\\/2024\\\/10\\\/IMG_5396-scaled-1.jpg\",\"datePublished\":\"2024-08-26T16:20:01+00:00\",\"dateModified\":\"2024-10-03T19:41:25+00:00\",\"author\":{\"@id\":\"https:\\\/\\\/www.ing.uc.cl\\\/transporte-y-logistica\\\/#\\\/schema\\\/person\\\/18b5c75a93aca6dfe42b216977b110a2\"},\"breadcrumb\":{\"@id\":\"https:\\\/\\\/www.ing.uc.cl\\\/transporte-y-logistica\\\/ceremonia-san-agustin-2024-reconocimientos-a-academicos-y-estudiantes-destacados-del-ditl\\\/#breadcrumb\"},\"inLanguage\":\"es\",\"potentialAction\":[{\"@type\":\"ReadAction\",\"target\":[\"https:\\\/\\\/www.ing.uc.cl\\\/transporte-y-logistica\\\/ceremonia-san-agustin-2024-reconocimientos-a-academicos-y-estudiantes-destacados-del-ditl\\\/\"]}]},{\"@type\":\"ImageObject\",\"inLanguage\":\"es\",\"@id\":\"https:\\\/\\\/www.ing.uc.cl\\\/transporte-y-logistica\\\/ceremonia-san-agustin-2024-reconocimientos-a-academicos-y-estudiantes-destacados-del-ditl\\\/#primaryimage\",\"url\":\"https:\\\/\\\/www.ing.uc.cl\\\/transporte-y-logistica\\\/wp-content\\\/uploads\\\/2024\\\/10\\\/IMG_5396-scaled-1.jpg\",\"contentUrl\":\"https:\\\/\\\/www.ing.uc.cl\\\/transporte-y-logistica\\\/wp-content\\\/uploads\\\/2024\\\/10\\\/IMG_5396-scaled-1.jpg\",\"width\":2560,\"height\":1707},{\"@type\":\"BreadcrumbList\",\"@id\":\"https:\\\/\\\/www.ing.uc.cl\\\/transporte-y-logistica\\\/ceremonia-san-agustin-2024-reconocimientos-a-academicos-y-estudiantes-destacados-del-ditl\\\/#breadcrumb\",\"itemListElement\":[{\"@type\":\"ListItem\",\"position\":1,\"name\":\"Portada\",\"item\":\"https:\\\/\\\/www.ing.uc.cl\\\/transporte-y-logistica\\\/\"},{\"@type\":\"ListItem\",\"position\":2,\"name\":\"Ceremonia San Agust\u00edn 2024: Reconocimientos a acad\u00e9micos y estudiantes destacados del DITL\"}]},{\"@type\":\"WebSite\",\"@id\":\"https:\\\/\\\/www.ing.uc.cl\\\/transporte-y-logistica\\\/#website\",\"url\":\"https:\\\/\\\/www.ing.uc.cl\\\/transporte-y-logistica\\\/\",\"name\":\"Departamento de Ingenier\u00eda de Transporte y Log\u00edstica\",\"description\":\"DITL\",\"potentialAction\":[{\"@type\":\"SearchAction\",\"target\":{\"@type\":\"EntryPoint\",\"urlTemplate\":\"https:\\\/\\\/www.ing.uc.cl\\\/transporte-y-logistica\\\/?s={search_term_string}\"},\"query-input\":{\"@type\":\"PropertyValueSpecification\",\"valueRequired\":true,\"valueName\":\"search_term_string\"}}],\"inLanguage\":\"es\"},{\"@type\":\"Person\",\"@id\":\"https:\\\/\\\/www.ing.uc.cl\\\/transporte-y-logistica\\\/#\\\/schema\\\/person\\\/18b5c75a93aca6dfe42b216977b110a2\",\"name\":\"Keyra Tiape\",\"image\":{\"@type\":\"ImageObject\",\"inLanguage\":\"es\",\"@id\":\"https:\\\/\\\/secure.gravatar.com\\\/avatar\\\/b9c60b714a61c8b70e7cf40e0d582f280e9f385ad6edd0c4704b97f5749bd36e?s=96&d=mm&r=g\",\"url\":\"https:\\\/\\\/secure.gravatar.com\\\/avatar\\\/b9c60b714a61c8b70e7cf40e0d582f280e9f385ad6edd0c4704b97f5749bd36e?s=96&d=mm&r=g\",\"contentUrl\":\"https:\\\/\\\/secure.gravatar.com\\\/avatar\\\/b9c60b714a61c8b70e7cf40e0d582f280e9f385ad6edd0c4704b97f5749bd36e?s=96&d=mm&r=g\",\"caption\":\"Keyra Tiape\"},\"url\":\"https:\\\/\\\/www.ing.uc.cl\\\/transporte-y-logistica\\\/author\\\/ktiape\\\/\"}]}<\/script>\n<!-- \/ Yoast SEO plugin. -->","yoast_head_json":{"title":"Ceremonia San Agust\u00edn 2024: Reconocimientos a acad\u00e9micos y estudiantes destacados del DITL - Departamento de Ingenier\u00eda de Transporte y Log\u00edstica","robots":{"index":"index","follow":"follow","max-snippet":"max-snippet:-1","max-image-preview":"max-image-preview:large","max-video-preview":"max-video-preview:-1"},"canonical":"https:\/\/www.ing.uc.cl\/transporte-y-logistica\/ceremonia-san-agustin-2024-reconocimientos-a-academicos-y-estudiantes-destacados-del-ditl\/","og_locale":"es_ES","og_type":"article","og_title":"Ceremonia San Agust\u00edn 2024: Reconocimientos a acad\u00e9micos y estudiantes destacados del DITL - Departamento de Ingenier\u00eda de Transporte y Log\u00edstica","og_url":"https:\/\/www.ing.uc.cl\/transporte-y-logistica\/ceremonia-san-agustin-2024-reconocimientos-a-academicos-y-estudiantes-destacados-del-ditl\/","og_site_name":"Departamento de Ingenier\u00eda de Transporte y Log\u00edstica","article_published_time":"2024-08-26T16:20:01+00:00","article_modified_time":"2024-10-03T19:41:25+00:00","og_image":[{"width":2560,"height":1707,"url":"https:\/\/www.ing.uc.cl\/transporte-y-logistica\/wp-content\/uploads\/2024\/10\/IMG_5396-scaled-1.jpg","type":"image\/jpeg"}],"author":"Keyra Tiape","twitter_card":"summary_large_image","twitter_misc":{"Escrito por":"Keyra Tiape","Tiempo de lectura":"3 minutos"},"schema":{"@context":"https:\/\/schema.org","@graph":[{"@type":"Article","@id":"https:\/\/www.ing.uc.cl\/transporte-y-logistica\/ceremonia-san-agustin-2024-reconocimientos-a-academicos-y-estudiantes-destacados-del-ditl\/#article","isPartOf":{"@id":"https:\/\/www.ing.uc.cl\/transporte-y-logistica\/ceremonia-san-agustin-2024-reconocimientos-a-academicos-y-estudiantes-destacados-del-ditl\/"},"author":{"name":"Keyra Tiape","@id":"https:\/\/www.ing.uc.cl\/transporte-y-logistica\/#\/schema\/person\/18b5c75a93aca6dfe42b216977b110a2"},"headline":"Ceremonia San Agust\u00edn 2024: Reconocimientos a acad\u00e9micos y estudiantes destacados del DITL","datePublished":"2024-08-26T16:20:01+00:00","dateModified":"2024-10-03T19:41:25+00:00","mainEntityOfPage":{"@id":"https:\/\/www.ing.uc.cl\/transporte-y-logistica\/ceremonia-san-agustin-2024-reconocimientos-a-academicos-y-estudiantes-destacados-del-ditl\/"},"wordCount":331,"image":{"@id":"https:\/\/www.ing.uc.cl\/transporte-y-logistica\/ceremonia-san-agustin-2024-reconocimientos-a-academicos-y-estudiantes-destacados-del-ditl\/#primaryimage"},"thumbnailUrl":"https:\/\/www.ing.uc.cl\/transporte-y-logistica\/wp-content\/uploads\/2024\/10\/IMG_5396-scaled-1.jpg","articleSection":["Noticia Destacada"],"inLanguage":"es"},{"@type":"WebPage","@id":"https:\/\/www.ing.uc.cl\/transporte-y-logistica\/ceremonia-san-agustin-2024-reconocimientos-a-academicos-y-estudiantes-destacados-del-ditl\/","url":"https:\/\/www.ing.uc.cl\/transporte-y-logistica\/ceremonia-san-agustin-2024-reconocimientos-a-academicos-y-estudiantes-destacados-del-ditl\/","name":"Ceremonia San Agust\u00edn 2024: Reconocimientos a acad\u00e9micos y estudiantes destacados del DITL - Departamento de Ingenier\u00eda de Transporte y Log\u00edstica","isPartOf":{"@id":"https:\/\/www.ing.uc.cl\/transporte-y-logistica\/#website"},"primaryImageOfPage":{"@id":"https:\/\/www.ing.uc.cl\/transporte-y-logistica\/ceremonia-san-agustin-2024-reconocimientos-a-academicos-y-estudiantes-destacados-del-ditl\/#primaryimage"},"image":{"@id":"https:\/\/www.ing.uc.cl\/transporte-y-logistica\/ceremonia-san-agustin-2024-reconocimientos-a-academicos-y-estudiantes-destacados-del-ditl\/#primaryimage"},"thumbnailUrl":"https:\/\/www.ing.uc.cl\/transporte-y-logistica\/wp-content\/uploads\/2024\/10\/IMG_5396-scaled-1.jpg","datePublished":"2024-08-26T16:20:01+00:00","dateModified":"2024-10-03T19:41:25+00:00","author":{"@id":"https:\/\/www.ing.uc.cl\/transporte-y-logistica\/#\/schema\/person\/18b5c75a93aca6dfe42b216977b110a2"},"breadcrumb":{"@id":"https:\/\/www.ing.uc.cl\/transporte-y-logistica\/ceremonia-san-agustin-2024-reconocimientos-a-academicos-y-estudiantes-destacados-del-ditl\/#breadcrumb"},"inLanguage":"es","potentialAction":[{"@type":"ReadAction","target":["https:\/\/www.ing.uc.cl\/transporte-y-logistica\/ceremonia-san-agustin-2024-reconocimientos-a-academicos-y-estudiantes-destacados-del-ditl\/"]}]},{"@type":"ImageObject","inLanguage":"es","@id":"https:\/\/www.ing.uc.cl\/transporte-y-logistica\/ceremonia-san-agustin-2024-reconocimientos-a-academicos-y-estudiantes-destacados-del-ditl\/#primaryimage","url":"https:\/\/www.ing.uc.cl\/transporte-y-logistica\/wp-content\/uploads\/2024\/10\/IMG_5396-scaled-1.jpg","contentUrl":"https:\/\/www.ing.uc.cl\/transporte-y-logistica\/wp-content\/uploads\/2024\/10\/IMG_5396-scaled-1.jpg","width":2560,"height":1707},{"@type":"BreadcrumbList","@id":"https:\/\/www.ing.uc.cl\/transporte-y-logistica\/ceremonia-san-agustin-2024-reconocimientos-a-academicos-y-estudiantes-destacados-del-ditl\/#breadcrumb","itemListElement":[{"@type":"ListItem","position":1,"name":"Portada","item":"https:\/\/www.ing.uc.cl\/transporte-y-logistica\/"},{"@type":"ListItem","position":2,"name":"Ceremonia San Agust\u00edn 2024: Reconocimientos a acad\u00e9micos y estudiantes destacados del DITL"}]},{"@type":"WebSite","@id":"https:\/\/www.ing.uc.cl\/transporte-y-logistica\/#website","url":"https:\/\/www.ing.uc.cl\/transporte-y-logistica\/","name":"Departamento de Ingenier\u00eda de Transporte y Log\u00edstica","description":"DITL","potentialAction":[{"@type":"SearchAction","target":{"@type":"EntryPoint","urlTemplate":"https:\/\/www.ing.uc.cl\/transporte-y-logistica\/?s={search_term_string}"},"query-input":{"@type":"PropertyValueSpecification","valueRequired":true,"valueName":"search_term_string"}}],"inLanguage":"es"},{"@type":"Person","@id":"https:\/\/www.ing.uc.cl\/transporte-y-logistica\/#\/schema\/person\/18b5c75a93aca6dfe42b216977b110a2","name":"Keyra Tiape","image":{"@type":"ImageObject","inLanguage":"es","@id":"https:\/\/secure.gravatar.com\/avatar\/b9c60b714a61c8b70e7cf40e0d582f280e9f385ad6edd0c4704b97f5749bd36e?s=96&d=mm&r=g","url":"https:\/\/secure.gravatar.com\/avatar\/b9c60b714a61c8b70e7cf40e0d582f280e9f385ad6edd0c4704b97f5749bd36e?s=96&d=mm&r=g","contentUrl":"https:\/\/secure.gravatar.com\/avatar\/b9c60b714a61c8b70e7cf40e0d582f280e9f385ad6edd0c4704b97f5749bd36e?s=96&d=mm&r=g","caption":"Keyra Tiape"},"url":"https:\/\/www.ing.uc.cl\/transporte-y-logistica\/author\/ktiape\/"}]}},"_links":{"self":[{"href":"https:\/\/www.ing.uc.cl\/transporte-y-logistica\/wp-json\/wp\/v2\/posts\/12431","targetHints":{"allow":["GET"]}}],"collection":[{"href":"https:\/\/www.ing.uc.cl\/transporte-y-logistica\/wp-json\/wp\/v2\/posts"}],"about":[{"href":"https:\/\/www.ing.uc.cl\/transporte-y-logistica\/wp-json\/wp\/v2\/types\/post"}],"author":[{"embeddable":true,"href":"https:\/\/www.ing.uc.cl\/transporte-y-logistica\/wp-json\/wp\/v2\/users\/8"}],"replies":[{"embeddable":true,"href":"https:\/\/www.ing.uc.cl\/transporte-y-logistica\/wp-json\/wp\/v2\/comments?post=12431"}],"version-history":[{"count":12,"href":"https:\/\/www.ing.uc.cl\/transporte-y-logistica\/wp-json\/wp\/v2\/posts\/12431\/revisions"}],"predecessor-version":[{"id":12447,"href":"https:\/\/www.ing.uc.cl\/transporte-y-logistica\/wp-json\/wp\/v2\/posts\/12431\/revisions\/12447"}],"wp:featuredmedia":[{"embeddable":true,"href":"https:\/\/www.ing.uc.cl\/transporte-y-logistica\/wp-json\/wp\/v2\/media\/12435"}],"wp:attachment":[{"href":"https:\/\/www.ing.uc.cl\/transporte-y-logistica\/wp-json\/wp\/v2\/media?parent=12431"}],"wp:term":[{"taxonomy":"category","embeddable":true,"href":"https:\/\/www.ing.uc.cl\/transporte-y-logistica\/wp-json\/wp\/v2\/categories?post=12431"},{"taxonomy":"post_tag","embeddable":true,"href":"https:\/\/www.ing.uc.cl\/transporte-y-logistica\/wp-json\/wp\/v2\/tags?post=12431"}],"curies":[{"name":"wp","href":"https:\/\/api.w.org\/{rel}","templated":true}]}}