{"id":12588,"date":"2024-10-28T17:29:13","date_gmt":"2024-10-28T20:29:13","guid":{"rendered":"https:\/\/www.ing.uc.cl\/transporte-y-logistica\/?p=12588"},"modified":"2024-10-28T17:29:14","modified_gmt":"2024-10-28T20:29:14","slug":"academicos-del-ditl-realizan-viaje-de-inmersion-en-el-centro-de-innovacion-de-cambridge-en-boston","status":"publish","type":"post","link":"https:\/\/www.ing.uc.cl\/transporte-y-logistica\/academicos-del-ditl-realizan-viaje-de-inmersion-en-el-centro-de-innovacion-de-cambridge-en-boston\/","title":{"rendered":"Acad\u00e9micos del DITL realizan viaje de inmersi\u00f3n en el Centro de Innovaci\u00f3n de Cambridge en Boston"},"content":{"rendered":"\t\t<div data-elementor-type=\"wp-post\" data-elementor-id=\"12588\" class=\"elementor elementor-12588\">\n\t\t\t\t\t\t<section class=\"elementor-section elementor-top-section elementor-element elementor-element-4d7e3233 elementor-section-boxed elementor-section-height-default elementor-section-height-default\" data-id=\"4d7e3233\" data-element_type=\"section\" data-e-type=\"section\">\n\t\t\t\t\t\t<div class=\"elementor-container elementor-column-gap-default\">\n\t\t\t\t\t<div class=\"elementor-column elementor-col-100 elementor-top-column elementor-element elementor-element-5a8c5078\" data-id=\"5a8c5078\" data-element_type=\"column\" data-e-type=\"column\">\n\t\t\t<div class=\"elementor-widget-wrap elementor-element-populated\">\n\t\t\t\t\t\t<div class=\"elementor-element elementor-element-b7ea3e0 elementor-widget elementor-widget-text-editor\" data-id=\"b7ea3e0\" data-element_type=\"widget\" data-e-type=\"widget\" data-widget_type=\"text-editor.default\">\n\t\t\t\t<div class=\"elementor-widget-container\">\n\t\t\t\t\t\t\t\t\t<h4>Como parte del programa&nbsp;<a id=\"OWA6afc6cb4-d5df-c9bb-17d2-84f9df614d44\" class=\"x_x_OWAAutoLink\" href=\"https:\/\/transferenciaydesarrollo.uc.cl\/financiamiento\/programa-global-uc-2024\/\" data-auth=\"NotApplicable\" data-linkindex=\"0\">Global UC<\/a>, nuestros profesores Ricardo Hurtubia y Homero Larrain participaron en una enriquecedora experiencia de inmersi\u00f3n de dos semanas (del 30 de septiembre al 11 de octubre) en el&nbsp;<b>Cambridge Innovation Center&nbsp;<\/b>(<a id=\"OWAfcae016c-f690-570f-4d99-62d88b3c6cf6\" class=\"x_x_OWAAutoLink\" href=\"https:\/\/cic.com\/about\/\" data-auth=\"NotApplicable\" data-linkindex=\"1\">CIC<\/a>)&nbsp;en Boston. Este programa, orientado a proyectos de investigaci\u00f3n ligados a la Universidad Cat\u00f3lica, busca dotar a los acad\u00e9micos de herramientas pr\u00e1cticas para la validaci\u00f3n tecnol\u00f3gica y comercial de sus propuestas, brind\u00e1ndoles una formaci\u00f3n integral y una oportunidad de conexi\u00f3n con el ecosistema de innovaci\u00f3n global.<\/h4>\n<p>Durante su estad\u00eda, los profesores participaron en actividades centradas en el perfeccionamiento del&nbsp;<i>pitch&nbsp;<\/i>y el desarrollo de redes con otros actores del \u00e1mbito de la innovaci\u00f3n y el emprendimiento. Las jornadas incluyeron nueve sesiones de trabajo con expertos en \u00e1reas clave como Venture Capital, propiedad intelectual y estrategias de emprendimiento. Adem\u00e1s, sostuvieron ocho reuniones y entrevistas con actores relevantes, incluyendo planificadores urbanos de la ciudad de Boston, Cambridge y el estado de Massachusetts, desarrolladores del software de an\u00e1lisis de accesibilidad urbana Conveyal, y acad\u00e9micos especializados en urbanismo, ciclismo y modelaci\u00f3n de flujos.<\/p>\n<p>La agenda oficial del programa se complement\u00f3 con actividades adicionales de los profesores. Ricardo Hurtubia, en particular, fue invitado a dar una charla en la Universidad Northeastern, organizada por el profesor Peter Furth, y a presentar en el seminario semanal del&nbsp;<a id=\"OWAc2a1ea7e-9557-3d7c-33a8-79f19e3ab2db\" class=\"x_x_OWAAutoLink\" href=\"https:\/\/www.transitlab.mit.edu\/\" data-auth=\"NotApplicable\" data-linkindex=\"2\">MIT Transit Lab<\/a>&nbsp;en el Massachusetts Institute of Technology (MIT). Esta presentaci\u00f3n combin\u00f3 el pitch de su proyecto con exposiciones previamente realizadas en el congreso IINTRA, profundizando en temas de innovaci\u00f3n urbana y movilidad sustentable.<\/p>\n<div>\n<div><span data-olk-copy-source=\"MessageBody\">Este viaje refuerza el compromiso del DITL y la UC con la innovaci\u00f3n y la colaboraci\u00f3n global, impulsando el crecimiento de proyectos que buscan un impacto positivo en la sociedad a trav\u00e9s de la tecnolog\u00eda y la planificaci\u00f3n urbana avanzada.<\/span><\/div>\n<div>&nbsp;<\/div>\n<div>Compartimos algunas fotograf\u00edas del evento.<span style=\"color: var( --e-global-color-text );\">&nbsp;<\/span><\/div>\n<\/div>\n<div><div id=\"attachment_12593\" style=\"width: 730px\" class=\"wp-caption aligncenter\"><a href=\"https:\/\/www.ing.uc.cl\/transporte-y-logistica\/wp-content\/uploads\/2024\/10\/boston2.png\"><img fetchpriority=\"high\" decoding=\"async\" aria-describedby=\"caption-attachment-12593\" class=\"wp-image-12593 size-large\" src=\"https:\/\/www.ing.uc.cl\/transporte-y-logistica\/wp-content\/uploads\/2024\/10\/boston2-1024x768.png\" alt=\"\" width=\"720\" height=\"540\" srcset=\"https:\/\/www.ing.uc.cl\/transporte-y-logistica\/wp-content\/uploads\/2024\/10\/boston2-1024x768.png 1024w, https:\/\/www.ing.uc.cl\/transporte-y-logistica\/wp-content\/uploads\/2024\/10\/boston2-300x225.png 300w, https:\/\/www.ing.uc.cl\/transporte-y-logistica\/wp-content\/uploads\/2024\/10\/boston2-768x576.png 768w, https:\/\/www.ing.uc.cl\/transporte-y-logistica\/wp-content\/uploads\/2024\/10\/boston2-400x300.png 400w, https:\/\/www.ing.uc.cl\/transporte-y-logistica\/wp-content\/uploads\/2024\/10\/boston2.png 1227w\" sizes=\"(max-width: 720px) 100vw, 720px\" \/><\/a><p id=\"caption-attachment-12593\" class=\"wp-caption-text\">Participantes de Global UC en una sesi\u00f3n de trabajo en el CIC<\/p><\/div><div id=\"attachment_12592\" style=\"width: 1034px\" class=\"wp-caption aligncenter\"><a href=\"https:\/\/www.ing.uc.cl\/transporte-y-logistica\/wp-content\/uploads\/2024\/10\/boston5.jpg\"><img decoding=\"async\" aria-describedby=\"caption-attachment-12592\" class=\"wp-image-12592 size-large\" src=\"https:\/\/www.ing.uc.cl\/transporte-y-logistica\/wp-content\/uploads\/2024\/10\/boston5-1024x763.jpg\" alt=\"\" width=\"1024\" height=\"763\" srcset=\"https:\/\/www.ing.uc.cl\/transporte-y-logistica\/wp-content\/uploads\/2024\/10\/boston5-1024x763.jpg 1024w, https:\/\/www.ing.uc.cl\/transporte-y-logistica\/wp-content\/uploads\/2024\/10\/boston5-300x224.jpg 300w, https:\/\/www.ing.uc.cl\/transporte-y-logistica\/wp-content\/uploads\/2024\/10\/boston5-768x572.jpg 768w, https:\/\/www.ing.uc.cl\/transporte-y-logistica\/wp-content\/uploads\/2024\/10\/boston5-400x298.jpg 400w, https:\/\/www.ing.uc.cl\/transporte-y-logistica\/wp-content\/uploads\/2024\/10\/boston5.jpg 1440w\" sizes=\"(max-width: 1024px) 100vw, 1024px\" \/><\/a><p id=\"caption-attachment-12592\" class=\"wp-caption-text\">Profesor Ricardo Hurtubia presentando en MIT<\/p><\/div><div id=\"attachment_12591\" style=\"width: 730px\" class=\"wp-caption aligncenter\"><a href=\"https:\/\/www.ing.uc.cl\/transporte-y-logistica\/wp-content\/uploads\/2024\/10\/boston3.png\"><img decoding=\"async\" aria-describedby=\"caption-attachment-12591\" class=\"wp-image-12591 size-large\" src=\"https:\/\/www.ing.uc.cl\/transporte-y-logistica\/wp-content\/uploads\/2024\/10\/boston3-1024x768.png\" alt=\"\" width=\"720\" height=\"540\" srcset=\"https:\/\/www.ing.uc.cl\/transporte-y-logistica\/wp-content\/uploads\/2024\/10\/boston3-1024x768.png 1024w, https:\/\/www.ing.uc.cl\/transporte-y-logistica\/wp-content\/uploads\/2024\/10\/boston3-300x225.png 300w, https:\/\/www.ing.uc.cl\/transporte-y-logistica\/wp-content\/uploads\/2024\/10\/boston3-768x576.png 768w, https:\/\/www.ing.uc.cl\/transporte-y-logistica\/wp-content\/uploads\/2024\/10\/boston3-400x300.png 400w, https:\/\/www.ing.uc.cl\/transporte-y-logistica\/wp-content\/uploads\/2024\/10\/boston3.png 1227w\" sizes=\"(max-width: 720px) 100vw, 720px\" \/><\/a><p id=\"caption-attachment-12591\" class=\"wp-caption-text\">Reuni\u00f3n con Galen Mook, director ejecutivo de Massbike<\/p><\/div><\/div>\t\t\t\t\t\t\t\t<\/div>\n\t\t\t\t<\/div>\n\t\t\t\t\t<\/div>\n\t\t<\/div>\n\t\t\t\t\t<\/div>\n\t\t<\/section>\n\t\t\t\t<section class=\"elementor-section elementor-top-section elementor-element elementor-element-667a9b2 elementor-section-boxed elementor-section-height-default elementor-section-height-default\" data-id=\"667a9b2\" data-element_type=\"section\" data-e-type=\"section\">\n\t\t\t\t\t\t<div class=\"elementor-container elementor-column-gap-default\">\n\t\t\t\t\t<div class=\"elementor-column elementor-col-100 elementor-top-column elementor-element elementor-element-b2e6c75\" data-id=\"b2e6c75\" data-element_type=\"column\" data-e-type=\"column\">\n\t\t\t<div class=\"elementor-widget-wrap\">\n\t\t\t\t\t\t\t<\/div>\n\t\t<\/div>\n\t\t\t\t\t<\/div>\n\t\t<\/section>\n\t\t\t\t<section class=\"elementor-section elementor-top-section elementor-element elementor-element-ecc1b8a elementor-section-boxed elementor-section-height-default elementor-section-height-default\" data-id=\"ecc1b8a\" data-element_type=\"section\" data-e-type=\"section\">\n\t\t\t\t\t\t<div class=\"elementor-container elementor-column-gap-default\">\n\t\t\t\t\t<div class=\"elementor-column elementor-col-100 elementor-top-column elementor-element elementor-element-683397d\" data-id=\"683397d\" data-element_type=\"column\" data-e-type=\"column\">\n\t\t\t<div class=\"elementor-widget-wrap elementor-element-populated\">\n\t\t\t\t\t\t<section class=\"elementor-section elementor-inner-section elementor-element elementor-element-6d01df3 elementor-section-boxed elementor-section-height-default elementor-section-height-default\" data-id=\"6d01df3\" data-element_type=\"section\" data-e-type=\"section\">\n\t\t\t\t\t\t<div class=\"elementor-container elementor-column-gap-default\">\n\t\t\t\t\t<div class=\"elementor-column elementor-col-50 elementor-inner-column elementor-element elementor-element-f969001\" data-id=\"f969001\" data-element_type=\"column\" data-e-type=\"column\">\n\t\t\t<div class=\"elementor-widget-wrap\">\n\t\t\t\t\t\t\t<\/div>\n\t\t<\/div>\n\t\t\t\t<div class=\"elementor-column elementor-col-50 elementor-inner-column elementor-element elementor-element-6dcca46\" data-id=\"6dcca46\" data-element_type=\"column\" data-e-type=\"column\">\n\t\t\t<div class=\"elementor-widget-wrap\">\n\t\t\t\t\t\t\t<\/div>\n\t\t<\/div>\n\t\t\t\t\t<\/div>\n\t\t<\/section>\n\t\t\t\t\t<\/div>\n\t\t<\/div>\n\t\t\t\t\t<\/div>\n\t\t<\/section>\n\t\t\t\t<\/div>\n\t\t","protected":false},"excerpt":{"rendered":"<p><\/p>\n<p><img src=https:\/\/www.ing.uc.cl\/transporte-y-logistica\/wp-content\/uploads\/2024\/10\/boston2-1024x768.png\"> Acad\u00e9micos del DITL realizan viaje de inmersi\u00f3n en el Centro de Innovaci\u00f3n de Cambridge en Boston\u00bb<\/p>\n","protected":false},"author":8,"featured_media":12593,"comment_status":"closed","ping_status":"closed","sticky":false,"template":"","format":"standard","meta":{"_acf_changed":false,"footnotes":""},"categories":[4],"tags":[],"class_list":{"0":"post-12588","1":"post","2":"type-post","3":"status-publish","4":"format-standard","5":"has-post-thumbnail","6":"hentry","7":"category-noticia-destacada","9":"post-with-thumbnail","10":"post-with-thumbnail-large"},"acf":[],"yoast_head":"<!-- This site is optimized with the Yoast SEO plugin v27.5 - https:\/\/yoast.com\/product\/yoast-seo-wordpress\/ -->\n<title>Acad\u00e9micos del DITL realizan viaje de inmersi\u00f3n en el Centro de Innovaci\u00f3n de Cambridge en Boston - Departamento de Ingenier\u00eda de Transporte y Log\u00edstica<\/title>\n<meta name=\"robots\" content=\"index, follow, max-snippet:-1, max-image-preview:large, max-video-preview:-1\" \/>\n<link rel=\"canonical\" href=\"https:\/\/www.ing.uc.cl\/transporte-y-logistica\/academicos-del-ditl-realizan-viaje-de-inmersion-en-el-centro-de-innovacion-de-cambridge-en-boston\/\" \/>\n<meta property=\"og:locale\" content=\"es_ES\" \/>\n<meta property=\"og:type\" content=\"article\" \/>\n<meta property=\"og:title\" content=\"Acad\u00e9micos del DITL realizan viaje de inmersi\u00f3n en el Centro de Innovaci\u00f3n de Cambridge en Boston - Departamento de Ingenier\u00eda de Transporte y Log\u00edstica\" \/>\n<meta property=\"og:url\" content=\"https:\/\/www.ing.uc.cl\/transporte-y-logistica\/academicos-del-ditl-realizan-viaje-de-inmersion-en-el-centro-de-innovacion-de-cambridge-en-boston\/\" \/>\n<meta property=\"og:site_name\" content=\"Departamento de Ingenier\u00eda de Transporte y Log\u00edstica\" \/>\n<meta property=\"article:published_time\" content=\"2024-10-28T20:29:13+00:00\" \/>\n<meta property=\"article:modified_time\" content=\"2024-10-28T20:29:14+00:00\" \/>\n<meta property=\"og:image\" content=\"https:\/\/www.ing.uc.cl\/transporte-y-logistica\/wp-content\/uploads\/2024\/10\/boston2-1024x768.png\" \/>\n\t<meta property=\"og:image:width\" content=\"1024\" \/>\n\t<meta property=\"og:image:height\" content=\"768\" \/>\n\t<meta property=\"og:image:type\" content=\"image\/png\" \/>\n<meta name=\"author\" content=\"Keyra Tiape\" \/>\n<meta name=\"twitter:card\" content=\"summary_large_image\" \/>\n<meta name=\"twitter:label1\" content=\"Escrito por\" \/>\n\t<meta name=\"twitter:data1\" content=\"Keyra Tiape\" \/>\n\t<meta name=\"twitter:label2\" content=\"Tiempo de lectura\" \/>\n\t<meta name=\"twitter:data2\" content=\"3 minutos\" \/>\n<script type=\"application\/ld+json\" class=\"yoast-schema-graph\">{\"@context\":\"https:\\\/\\\/schema.org\",\"@graph\":[{\"@type\":\"Article\",\"@id\":\"https:\\\/\\\/www.ing.uc.cl\\\/transporte-y-logistica\\\/academicos-del-ditl-realizan-viaje-de-inmersion-en-el-centro-de-innovacion-de-cambridge-en-boston\\\/#article\",\"isPartOf\":{\"@id\":\"https:\\\/\\\/www.ing.uc.cl\\\/transporte-y-logistica\\\/academicos-del-ditl-realizan-viaje-de-inmersion-en-el-centro-de-innovacion-de-cambridge-en-boston\\\/\"},\"author\":{\"name\":\"Keyra Tiape\",\"@id\":\"https:\\\/\\\/www.ing.uc.cl\\\/transporte-y-logistica\\\/#\\\/schema\\\/person\\\/18b5c75a93aca6dfe42b216977b110a2\"},\"headline\":\"Acad\u00e9micos del DITL realizan viaje de inmersi\u00f3n en el Centro de Innovaci\u00f3n de Cambridge en Boston\",\"datePublished\":\"2024-10-28T20:29:13+00:00\",\"dateModified\":\"2024-10-28T20:29:14+00:00\",\"mainEntityOfPage\":{\"@id\":\"https:\\\/\\\/www.ing.uc.cl\\\/transporte-y-logistica\\\/academicos-del-ditl-realizan-viaje-de-inmersion-en-el-centro-de-innovacion-de-cambridge-en-boston\\\/\"},\"wordCount\":398,\"image\":{\"@id\":\"https:\\\/\\\/www.ing.uc.cl\\\/transporte-y-logistica\\\/academicos-del-ditl-realizan-viaje-de-inmersion-en-el-centro-de-innovacion-de-cambridge-en-boston\\\/#primaryimage\"},\"thumbnailUrl\":\"https:\\\/\\\/www.ing.uc.cl\\\/transporte-y-logistica\\\/wp-content\\\/uploads\\\/2024\\\/10\\\/boston2.png\",\"articleSection\":[\"Noticia Destacada\"],\"inLanguage\":\"es\"},{\"@type\":\"WebPage\",\"@id\":\"https:\\\/\\\/www.ing.uc.cl\\\/transporte-y-logistica\\\/academicos-del-ditl-realizan-viaje-de-inmersion-en-el-centro-de-innovacion-de-cambridge-en-boston\\\/\",\"url\":\"https:\\\/\\\/www.ing.uc.cl\\\/transporte-y-logistica\\\/academicos-del-ditl-realizan-viaje-de-inmersion-en-el-centro-de-innovacion-de-cambridge-en-boston\\\/\",\"name\":\"Acad\u00e9micos del DITL realizan viaje de inmersi\u00f3n en el Centro de Innovaci\u00f3n de Cambridge en Boston - Departamento de Ingenier\u00eda de Transporte y Log\u00edstica\",\"isPartOf\":{\"@id\":\"https:\\\/\\\/www.ing.uc.cl\\\/transporte-y-logistica\\\/#website\"},\"primaryImageOfPage\":{\"@id\":\"https:\\\/\\\/www.ing.uc.cl\\\/transporte-y-logistica\\\/academicos-del-ditl-realizan-viaje-de-inmersion-en-el-centro-de-innovacion-de-cambridge-en-boston\\\/#primaryimage\"},\"image\":{\"@id\":\"https:\\\/\\\/www.ing.uc.cl\\\/transporte-y-logistica\\\/academicos-del-ditl-realizan-viaje-de-inmersion-en-el-centro-de-innovacion-de-cambridge-en-boston\\\/#primaryimage\"},\"thumbnailUrl\":\"https:\\\/\\\/www.ing.uc.cl\\\/transporte-y-logistica\\\/wp-content\\\/uploads\\\/2024\\\/10\\\/boston2.png\",\"datePublished\":\"2024-10-28T20:29:13+00:00\",\"dateModified\":\"2024-10-28T20:29:14+00:00\",\"author\":{\"@id\":\"https:\\\/\\\/www.ing.uc.cl\\\/transporte-y-logistica\\\/#\\\/schema\\\/person\\\/18b5c75a93aca6dfe42b216977b110a2\"},\"breadcrumb\":{\"@id\":\"https:\\\/\\\/www.ing.uc.cl\\\/transporte-y-logistica\\\/academicos-del-ditl-realizan-viaje-de-inmersion-en-el-centro-de-innovacion-de-cambridge-en-boston\\\/#breadcrumb\"},\"inLanguage\":\"es\",\"potentialAction\":[{\"@type\":\"ReadAction\",\"target\":[\"https:\\\/\\\/www.ing.uc.cl\\\/transporte-y-logistica\\\/academicos-del-ditl-realizan-viaje-de-inmersion-en-el-centro-de-innovacion-de-cambridge-en-boston\\\/\"]}]},{\"@type\":\"ImageObject\",\"inLanguage\":\"es\",\"@id\":\"https:\\\/\\\/www.ing.uc.cl\\\/transporte-y-logistica\\\/academicos-del-ditl-realizan-viaje-de-inmersion-en-el-centro-de-innovacion-de-cambridge-en-boston\\\/#primaryimage\",\"url\":\"https:\\\/\\\/www.ing.uc.cl\\\/transporte-y-logistica\\\/wp-content\\\/uploads\\\/2024\\\/10\\\/boston2.png\",\"contentUrl\":\"https:\\\/\\\/www.ing.uc.cl\\\/transporte-y-logistica\\\/wp-content\\\/uploads\\\/2024\\\/10\\\/boston2.png\",\"width\":1227,\"height\":920},{\"@type\":\"BreadcrumbList\",\"@id\":\"https:\\\/\\\/www.ing.uc.cl\\\/transporte-y-logistica\\\/academicos-del-ditl-realizan-viaje-de-inmersion-en-el-centro-de-innovacion-de-cambridge-en-boston\\\/#breadcrumb\",\"itemListElement\":[{\"@type\":\"ListItem\",\"position\":1,\"name\":\"Portada\",\"item\":\"https:\\\/\\\/www.ing.uc.cl\\\/transporte-y-logistica\\\/\"},{\"@type\":\"ListItem\",\"position\":2,\"name\":\"Acad\u00e9micos del DITL realizan viaje de inmersi\u00f3n en el Centro de Innovaci\u00f3n de Cambridge en Boston\"}]},{\"@type\":\"WebSite\",\"@id\":\"https:\\\/\\\/www.ing.uc.cl\\\/transporte-y-logistica\\\/#website\",\"url\":\"https:\\\/\\\/www.ing.uc.cl\\\/transporte-y-logistica\\\/\",\"name\":\"Departamento de Ingenier\u00eda de Transporte y Log\u00edstica\",\"description\":\"DITL\",\"potentialAction\":[{\"@type\":\"SearchAction\",\"target\":{\"@type\":\"EntryPoint\",\"urlTemplate\":\"https:\\\/\\\/www.ing.uc.cl\\\/transporte-y-logistica\\\/?s={search_term_string}\"},\"query-input\":{\"@type\":\"PropertyValueSpecification\",\"valueRequired\":true,\"valueName\":\"search_term_string\"}}],\"inLanguage\":\"es\"},{\"@type\":\"Person\",\"@id\":\"https:\\\/\\\/www.ing.uc.cl\\\/transporte-y-logistica\\\/#\\\/schema\\\/person\\\/18b5c75a93aca6dfe42b216977b110a2\",\"name\":\"Keyra Tiape\",\"image\":{\"@type\":\"ImageObject\",\"inLanguage\":\"es\",\"@id\":\"https:\\\/\\\/secure.gravatar.com\\\/avatar\\\/b9c60b714a61c8b70e7cf40e0d582f280e9f385ad6edd0c4704b97f5749bd36e?s=96&d=mm&r=g\",\"url\":\"https:\\\/\\\/secure.gravatar.com\\\/avatar\\\/b9c60b714a61c8b70e7cf40e0d582f280e9f385ad6edd0c4704b97f5749bd36e?s=96&d=mm&r=g\",\"contentUrl\":\"https:\\\/\\\/secure.gravatar.com\\\/avatar\\\/b9c60b714a61c8b70e7cf40e0d582f280e9f385ad6edd0c4704b97f5749bd36e?s=96&d=mm&r=g\",\"caption\":\"Keyra Tiape\"},\"url\":\"https:\\\/\\\/www.ing.uc.cl\\\/transporte-y-logistica\\\/author\\\/ktiape\\\/\"}]}<\/script>\n<!-- \/ Yoast SEO plugin. -->","yoast_head_json":{"title":"Acad\u00e9micos del DITL realizan viaje de inmersi\u00f3n en el Centro de Innovaci\u00f3n de Cambridge en Boston - Departamento de Ingenier\u00eda de Transporte y Log\u00edstica","robots":{"index":"index","follow":"follow","max-snippet":"max-snippet:-1","max-image-preview":"max-image-preview:large","max-video-preview":"max-video-preview:-1"},"canonical":"https:\/\/www.ing.uc.cl\/transporte-y-logistica\/academicos-del-ditl-realizan-viaje-de-inmersion-en-el-centro-de-innovacion-de-cambridge-en-boston\/","og_locale":"es_ES","og_type":"article","og_title":"Acad\u00e9micos del DITL realizan viaje de inmersi\u00f3n en el Centro de Innovaci\u00f3n de Cambridge en Boston - Departamento de Ingenier\u00eda de Transporte y Log\u00edstica","og_url":"https:\/\/www.ing.uc.cl\/transporte-y-logistica\/academicos-del-ditl-realizan-viaje-de-inmersion-en-el-centro-de-innovacion-de-cambridge-en-boston\/","og_site_name":"Departamento de Ingenier\u00eda de Transporte y Log\u00edstica","article_published_time":"2024-10-28T20:29:13+00:00","article_modified_time":"2024-10-28T20:29:14+00:00","og_image":[{"width":1024,"height":768,"url":"https:\/\/www.ing.uc.cl\/transporte-y-logistica\/wp-content\/uploads\/2024\/10\/boston2-1024x768.png","type":"image\/png"}],"author":"Keyra Tiape","twitter_card":"summary_large_image","twitter_misc":{"Escrito por":"Keyra Tiape","Tiempo de lectura":"3 minutos"},"schema":{"@context":"https:\/\/schema.org","@graph":[{"@type":"Article","@id":"https:\/\/www.ing.uc.cl\/transporte-y-logistica\/academicos-del-ditl-realizan-viaje-de-inmersion-en-el-centro-de-innovacion-de-cambridge-en-boston\/#article","isPartOf":{"@id":"https:\/\/www.ing.uc.cl\/transporte-y-logistica\/academicos-del-ditl-realizan-viaje-de-inmersion-en-el-centro-de-innovacion-de-cambridge-en-boston\/"},"author":{"name":"Keyra Tiape","@id":"https:\/\/www.ing.uc.cl\/transporte-y-logistica\/#\/schema\/person\/18b5c75a93aca6dfe42b216977b110a2"},"headline":"Acad\u00e9micos del DITL realizan viaje de inmersi\u00f3n en el Centro de Innovaci\u00f3n de Cambridge en Boston","datePublished":"2024-10-28T20:29:13+00:00","dateModified":"2024-10-28T20:29:14+00:00","mainEntityOfPage":{"@id":"https:\/\/www.ing.uc.cl\/transporte-y-logistica\/academicos-del-ditl-realizan-viaje-de-inmersion-en-el-centro-de-innovacion-de-cambridge-en-boston\/"},"wordCount":398,"image":{"@id":"https:\/\/www.ing.uc.cl\/transporte-y-logistica\/academicos-del-ditl-realizan-viaje-de-inmersion-en-el-centro-de-innovacion-de-cambridge-en-boston\/#primaryimage"},"thumbnailUrl":"https:\/\/www.ing.uc.cl\/transporte-y-logistica\/wp-content\/uploads\/2024\/10\/boston2.png","articleSection":["Noticia Destacada"],"inLanguage":"es"},{"@type":"WebPage","@id":"https:\/\/www.ing.uc.cl\/transporte-y-logistica\/academicos-del-ditl-realizan-viaje-de-inmersion-en-el-centro-de-innovacion-de-cambridge-en-boston\/","url":"https:\/\/www.ing.uc.cl\/transporte-y-logistica\/academicos-del-ditl-realizan-viaje-de-inmersion-en-el-centro-de-innovacion-de-cambridge-en-boston\/","name":"Acad\u00e9micos del DITL realizan viaje de inmersi\u00f3n en el Centro de Innovaci\u00f3n de Cambridge en Boston - Departamento de Ingenier\u00eda de Transporte y Log\u00edstica","isPartOf":{"@id":"https:\/\/www.ing.uc.cl\/transporte-y-logistica\/#website"},"primaryImageOfPage":{"@id":"https:\/\/www.ing.uc.cl\/transporte-y-logistica\/academicos-del-ditl-realizan-viaje-de-inmersion-en-el-centro-de-innovacion-de-cambridge-en-boston\/#primaryimage"},"image":{"@id":"https:\/\/www.ing.uc.cl\/transporte-y-logistica\/academicos-del-ditl-realizan-viaje-de-inmersion-en-el-centro-de-innovacion-de-cambridge-en-boston\/#primaryimage"},"thumbnailUrl":"https:\/\/www.ing.uc.cl\/transporte-y-logistica\/wp-content\/uploads\/2024\/10\/boston2.png","datePublished":"2024-10-28T20:29:13+00:00","dateModified":"2024-10-28T20:29:14+00:00","author":{"@id":"https:\/\/www.ing.uc.cl\/transporte-y-logistica\/#\/schema\/person\/18b5c75a93aca6dfe42b216977b110a2"},"breadcrumb":{"@id":"https:\/\/www.ing.uc.cl\/transporte-y-logistica\/academicos-del-ditl-realizan-viaje-de-inmersion-en-el-centro-de-innovacion-de-cambridge-en-boston\/#breadcrumb"},"inLanguage":"es","potentialAction":[{"@type":"ReadAction","target":["https:\/\/www.ing.uc.cl\/transporte-y-logistica\/academicos-del-ditl-realizan-viaje-de-inmersion-en-el-centro-de-innovacion-de-cambridge-en-boston\/"]}]},{"@type":"ImageObject","inLanguage":"es","@id":"https:\/\/www.ing.uc.cl\/transporte-y-logistica\/academicos-del-ditl-realizan-viaje-de-inmersion-en-el-centro-de-innovacion-de-cambridge-en-boston\/#primaryimage","url":"https:\/\/www.ing.uc.cl\/transporte-y-logistica\/wp-content\/uploads\/2024\/10\/boston2.png","contentUrl":"https:\/\/www.ing.uc.cl\/transporte-y-logistica\/wp-content\/uploads\/2024\/10\/boston2.png","width":1227,"height":920},{"@type":"BreadcrumbList","@id":"https:\/\/www.ing.uc.cl\/transporte-y-logistica\/academicos-del-ditl-realizan-viaje-de-inmersion-en-el-centro-de-innovacion-de-cambridge-en-boston\/#breadcrumb","itemListElement":[{"@type":"ListItem","position":1,"name":"Portada","item":"https:\/\/www.ing.uc.cl\/transporte-y-logistica\/"},{"@type":"ListItem","position":2,"name":"Acad\u00e9micos del DITL realizan viaje de inmersi\u00f3n en el Centro de Innovaci\u00f3n de Cambridge en Boston"}]},{"@type":"WebSite","@id":"https:\/\/www.ing.uc.cl\/transporte-y-logistica\/#website","url":"https:\/\/www.ing.uc.cl\/transporte-y-logistica\/","name":"Departamento de Ingenier\u00eda de Transporte y Log\u00edstica","description":"DITL","potentialAction":[{"@type":"SearchAction","target":{"@type":"EntryPoint","urlTemplate":"https:\/\/www.ing.uc.cl\/transporte-y-logistica\/?s={search_term_string}"},"query-input":{"@type":"PropertyValueSpecification","valueRequired":true,"valueName":"search_term_string"}}],"inLanguage":"es"},{"@type":"Person","@id":"https:\/\/www.ing.uc.cl\/transporte-y-logistica\/#\/schema\/person\/18b5c75a93aca6dfe42b216977b110a2","name":"Keyra Tiape","image":{"@type":"ImageObject","inLanguage":"es","@id":"https:\/\/secure.gravatar.com\/avatar\/b9c60b714a61c8b70e7cf40e0d582f280e9f385ad6edd0c4704b97f5749bd36e?s=96&d=mm&r=g","url":"https:\/\/secure.gravatar.com\/avatar\/b9c60b714a61c8b70e7cf40e0d582f280e9f385ad6edd0c4704b97f5749bd36e?s=96&d=mm&r=g","contentUrl":"https:\/\/secure.gravatar.com\/avatar\/b9c60b714a61c8b70e7cf40e0d582f280e9f385ad6edd0c4704b97f5749bd36e?s=96&d=mm&r=g","caption":"Keyra Tiape"},"url":"https:\/\/www.ing.uc.cl\/transporte-y-logistica\/author\/ktiape\/"}]}},"_links":{"self":[{"href":"https:\/\/www.ing.uc.cl\/transporte-y-logistica\/wp-json\/wp\/v2\/posts\/12588","targetHints":{"allow":["GET"]}}],"collection":[{"href":"https:\/\/www.ing.uc.cl\/transporte-y-logistica\/wp-json\/wp\/v2\/posts"}],"about":[{"href":"https:\/\/www.ing.uc.cl\/transporte-y-logistica\/wp-json\/wp\/v2\/types\/post"}],"author":[{"embeddable":true,"href":"https:\/\/www.ing.uc.cl\/transporte-y-logistica\/wp-json\/wp\/v2\/users\/8"}],"replies":[{"embeddable":true,"href":"https:\/\/www.ing.uc.cl\/transporte-y-logistica\/wp-json\/wp\/v2\/comments?post=12588"}],"version-history":[{"count":11,"href":"https:\/\/www.ing.uc.cl\/transporte-y-logistica\/wp-json\/wp\/v2\/posts\/12588\/revisions"}],"predecessor-version":[{"id":12605,"href":"https:\/\/www.ing.uc.cl\/transporte-y-logistica\/wp-json\/wp\/v2\/posts\/12588\/revisions\/12605"}],"wp:featuredmedia":[{"embeddable":true,"href":"https:\/\/www.ing.uc.cl\/transporte-y-logistica\/wp-json\/wp\/v2\/media\/12593"}],"wp:attachment":[{"href":"https:\/\/www.ing.uc.cl\/transporte-y-logistica\/wp-json\/wp\/v2\/media?parent=12588"}],"wp:term":[{"taxonomy":"category","embeddable":true,"href":"https:\/\/www.ing.uc.cl\/transporte-y-logistica\/wp-json\/wp\/v2\/categories?post=12588"},{"taxonomy":"post_tag","embeddable":true,"href":"https:\/\/www.ing.uc.cl\/transporte-y-logistica\/wp-json\/wp\/v2\/tags?post=12588"}],"curies":[{"name":"wp","href":"https:\/\/api.w.org\/{rel}","templated":true}]}}