{"id":12634,"date":"2024-11-07T11:42:00","date_gmt":"2024-11-07T14:42:00","guid":{"rendered":"https:\/\/www.ing.uc.cl\/transporte-y-logistica\/?p=12634"},"modified":"2024-11-08T16:32:02","modified_gmt":"2024-11-08T19:32:02","slug":"academicos-ditl-participan-en-la-conferencia-informs-annual-meeting-2024-en-seattle","status":"publish","type":"post","link":"https:\/\/www.ing.uc.cl\/transporte-y-logistica\/academicos-ditl-participan-en-la-conferencia-informs-annual-meeting-2024-en-seattle\/","title":{"rendered":"Acad\u00e9micos DITL participan en la conferencia INFORMS Annual Meeting 2024 en Seattle"},"content":{"rendered":"\t\t<div data-elementor-type=\"wp-post\" data-elementor-id=\"12634\" class=\"elementor elementor-12634\">\n\t\t\t\t\t\t<section class=\"elementor-section elementor-top-section elementor-element elementor-element-4d7e3233 elementor-section-boxed elementor-section-height-default elementor-section-height-default\" data-id=\"4d7e3233\" data-element_type=\"section\" data-e-type=\"section\">\n\t\t\t\t\t\t<div class=\"elementor-container elementor-column-gap-default\">\n\t\t\t\t\t<div class=\"elementor-column elementor-col-100 elementor-top-column elementor-element elementor-element-5a8c5078\" data-id=\"5a8c5078\" data-element_type=\"column\" data-e-type=\"column\">\n\t\t\t<div class=\"elementor-widget-wrap elementor-element-populated\">\n\t\t\t\t\t\t<div class=\"elementor-element elementor-element-b7ea3e0 elementor-widget elementor-widget-text-editor\" data-id=\"b7ea3e0\" data-element_type=\"widget\" data-e-type=\"widget\" data-widget_type=\"text-editor.default\">\n\t\t\t\t<div class=\"elementor-widget-container\">\n\t\t\t\t\t\t\t\t\t<h4>Del 20 al 23 de octubre, nuestros profesores<b>\u00a0<\/b>Mathias Klapp\u00a0y Felipe Delgado<b>\u00a0<\/b>representaron al DITL en la conferencia\u00a0<b>INFORMS Annual Meeting 2024<\/b>, celebrada en Seattle. INFORMS, la asociaci\u00f3n profesional m\u00e1s grande dedicada a las ciencias de decisi\u00f3n y datos, reuni\u00f3 a m\u00e1s de seis mil acad\u00e9micos, estudiantes y profesionales de la industria de todo el mundo, quienes compartieron y exploraron los \u00faltimos avances en investigaci\u00f3n y aplicaciones en estas \u00e1reas.<\/h4><p>Durante la conferencia, el profesor Felipe Delgado present\u00f3 la investigaci\u00f3n titulada \u00ab<i>Aircraft Maintenance Scheduling under Uncertain Task Processing Time<\/i>\u00ab, trabajo que aborda un aspecto crucial para las aerol\u00edneas: los imprevistos en los tiempos de mantenimiento de aeronaves, los cuales pueden causar disrupciones operativas y costos adicionales significativos.<\/p><p>Por su parte, el profesor Mathias Klapp present\u00f3 su investigaci\u00f3n \u00ab<i>Revenue Management of Customer Delivery Time Offers in On-Demand Delivery Systems<\/i>\u00ab. Este estudio aborda la gesti\u00f3n de ingresos en servicios de entrega a demanda, formulando y resolviendo el problema del Personal Shopper con Ofertas de Tiempo de Entrega.<\/p><div><div><span data-olk-copy-source=\"MessageBody\">Adem\u00e1s, el profesor Klapp destac\u00f3 en la conferencia al presidir el comit\u00e9 del INFORMS-TSL (Transportation Science and Logistics Society)\u00a0<i>Best Student Paper Award<\/i>, donde se reconoci\u00f3 al mejor art\u00edculo escrito por estudiantes en el \u00e1rea de ciencia y log\u00edstica del transporte<\/span><span data-olk-copy-source=\"MessageBody\">.<\/span><\/div><\/div><div>\u00a0<\/div><div><span data-olk-copy-source=\"MessageBody\">La participaci\u00f3n de nuestros profesores en eventos de esta envergadura no solo posiciona al DITL en el \u00e1mbito internacional, sino que tambi\u00e9n refuerza el compromiso de nuestro departamento con el avance de la investigaci\u00f3n aplicada en log\u00edstica y transporte.<\/span><\/div><div>\u00a0<\/div><div><p><a href=\"https:\/\/www.ing.uc.cl\/transporte-y-logistica\/wp-content\/uploads\/2024\/11\/WhatsApp-Image-2024-10-22-at-1.04.52-PM.jpeg\"><img fetchpriority=\"high\" decoding=\"async\" class=\"aligncenter wp-image-12636 size-large\" src=\"https:\/\/www.ing.uc.cl\/transporte-y-logistica\/wp-content\/uploads\/2024\/11\/WhatsApp-Image-2024-10-22-at-1.04.52-PM-1024x768.jpeg\" alt=\"\" width=\"720\" height=\"540\" srcset=\"https:\/\/www.ing.uc.cl\/transporte-y-logistica\/wp-content\/uploads\/2024\/11\/WhatsApp-Image-2024-10-22-at-1.04.52-PM-1024x768.jpeg 1024w, https:\/\/www.ing.uc.cl\/transporte-y-logistica\/wp-content\/uploads\/2024\/11\/WhatsApp-Image-2024-10-22-at-1.04.52-PM-300x225.jpeg 300w, https:\/\/www.ing.uc.cl\/transporte-y-logistica\/wp-content\/uploads\/2024\/11\/WhatsApp-Image-2024-10-22-at-1.04.52-PM-768x576.jpeg 768w, https:\/\/www.ing.uc.cl\/transporte-y-logistica\/wp-content\/uploads\/2024\/11\/WhatsApp-Image-2024-10-22-at-1.04.52-PM-1536x1152.jpeg 1536w, https:\/\/www.ing.uc.cl\/transporte-y-logistica\/wp-content\/uploads\/2024\/11\/WhatsApp-Image-2024-10-22-at-1.04.52-PM-400x300.jpeg 400w, https:\/\/www.ing.uc.cl\/transporte-y-logistica\/wp-content\/uploads\/2024\/11\/WhatsApp-Image-2024-10-22-at-1.04.52-PM.jpeg 1600w\" sizes=\"(max-width: 720px) 100vw, 720px\" \/><\/a><\/p><\/div>\t\t\t\t\t\t\t\t<\/div>\n\t\t\t\t<\/div>\n\t\t\t\t\t<\/div>\n\t\t<\/div>\n\t\t\t\t\t<\/div>\n\t\t<\/section>\n\t\t\t\t<section class=\"elementor-section elementor-top-section elementor-element elementor-element-667a9b2 elementor-section-boxed elementor-section-height-default elementor-section-height-default\" data-id=\"667a9b2\" data-element_type=\"section\" data-e-type=\"section\">\n\t\t\t\t\t\t<div class=\"elementor-container elementor-column-gap-default\">\n\t\t\t\t\t<div class=\"elementor-column elementor-col-100 elementor-top-column elementor-element elementor-element-b2e6c75\" data-id=\"b2e6c75\" data-element_type=\"column\" data-e-type=\"column\">\n\t\t\t<div class=\"elementor-widget-wrap\">\n\t\t\t\t\t\t\t<\/div>\n\t\t<\/div>\n\t\t\t\t\t<\/div>\n\t\t<\/section>\n\t\t\t\t<section class=\"elementor-section elementor-top-section elementor-element elementor-element-ecc1b8a elementor-section-boxed elementor-section-height-default elementor-section-height-default\" data-id=\"ecc1b8a\" data-element_type=\"section\" data-e-type=\"section\">\n\t\t\t\t\t\t<div class=\"elementor-container elementor-column-gap-default\">\n\t\t\t\t\t<div class=\"elementor-column elementor-col-100 elementor-top-column elementor-element elementor-element-683397d\" data-id=\"683397d\" data-element_type=\"column\" data-e-type=\"column\">\n\t\t\t<div class=\"elementor-widget-wrap elementor-element-populated\">\n\t\t\t\t\t\t<section class=\"elementor-section elementor-inner-section elementor-element elementor-element-6d01df3 elementor-section-boxed elementor-section-height-default elementor-section-height-default\" data-id=\"6d01df3\" data-element_type=\"section\" data-e-type=\"section\">\n\t\t\t\t\t\t<div class=\"elementor-container elementor-column-gap-default\">\n\t\t\t\t\t<div class=\"elementor-column elementor-col-50 elementor-inner-column elementor-element elementor-element-f969001\" data-id=\"f969001\" data-element_type=\"column\" data-e-type=\"column\">\n\t\t\t<div class=\"elementor-widget-wrap\">\n\t\t\t\t\t\t\t<\/div>\n\t\t<\/div>\n\t\t\t\t<div class=\"elementor-column elementor-col-50 elementor-inner-column elementor-element elementor-element-6dcca46\" data-id=\"6dcca46\" data-element_type=\"column\" data-e-type=\"column\">\n\t\t\t<div class=\"elementor-widget-wrap\">\n\t\t\t\t\t\t\t<\/div>\n\t\t<\/div>\n\t\t\t\t\t<\/div>\n\t\t<\/section>\n\t\t\t\t\t<\/div>\n\t\t<\/div>\n\t\t\t\t\t<\/div>\n\t\t<\/section>\n\t\t\t\t<\/div>\n\t\t","protected":false},"excerpt":{"rendered":"<p><\/p>\n<p><img src=https:\/\/www.ing.uc.cl\/transporte-y-logistica\/wp-content\/uploads\/2024\/11\/WhatsApp-Image-2024-10-22-at-1.04.52-PM-1024x768.jpeg\"> Acad\u00e9micos DITL participan en la conferencia INFORMS Annual Meeting 2024 en Seattle\u00bb<\/p>\n","protected":false},"author":8,"featured_media":12636,"comment_status":"closed","ping_status":"closed","sticky":false,"template":"","format":"standard","meta":{"_acf_changed":false,"footnotes":""},"categories":[4],"tags":[],"class_list":{"0":"post-12634","1":"post","2":"type-post","3":"status-publish","4":"format-standard","5":"has-post-thumbnail","6":"hentry","7":"category-noticia-destacada","9":"post-with-thumbnail","10":"post-with-thumbnail-large"},"acf":[],"yoast_head":"<!-- This site is optimized with the Yoast SEO plugin v27.5 - https:\/\/yoast.com\/product\/yoast-seo-wordpress\/ -->\n<title>Acad\u00e9micos DITL participan en la conferencia INFORMS Annual Meeting 2024 en Seattle - Departamento de Ingenier\u00eda de Transporte y Log\u00edstica<\/title>\n<meta name=\"robots\" content=\"index, follow, max-snippet:-1, max-image-preview:large, max-video-preview:-1\" \/>\n<link rel=\"canonical\" href=\"https:\/\/www.ing.uc.cl\/transporte-y-logistica\/academicos-ditl-participan-en-la-conferencia-informs-annual-meeting-2024-en-seattle\/\" \/>\n<meta property=\"og:locale\" content=\"es_ES\" \/>\n<meta property=\"og:type\" content=\"article\" \/>\n<meta property=\"og:title\" content=\"Acad\u00e9micos DITL participan en la conferencia INFORMS Annual Meeting 2024 en Seattle - Departamento de Ingenier\u00eda de Transporte y Log\u00edstica\" \/>\n<meta property=\"og:url\" content=\"https:\/\/www.ing.uc.cl\/transporte-y-logistica\/academicos-ditl-participan-en-la-conferencia-informs-annual-meeting-2024-en-seattle\/\" \/>\n<meta property=\"og:site_name\" content=\"Departamento de Ingenier\u00eda de Transporte y Log\u00edstica\" \/>\n<meta property=\"article:published_time\" content=\"2024-11-07T14:42:00+00:00\" \/>\n<meta property=\"article:modified_time\" content=\"2024-11-08T19:32:02+00:00\" \/>\n<meta property=\"og:image\" content=\"https:\/\/www.ing.uc.cl\/transporte-y-logistica\/wp-content\/uploads\/2024\/11\/WhatsApp-Image-2024-10-22-at-1.04.52-PM.jpeg\" \/>\n\t<meta property=\"og:image:width\" content=\"1600\" \/>\n\t<meta property=\"og:image:height\" content=\"1200\" \/>\n\t<meta property=\"og:image:type\" content=\"image\/jpeg\" \/>\n<meta name=\"author\" content=\"Keyra Tiape\" \/>\n<meta name=\"twitter:card\" content=\"summary_large_image\" \/>\n<meta name=\"twitter:label1\" content=\"Escrito por\" \/>\n\t<meta name=\"twitter:data1\" content=\"Keyra Tiape\" \/>\n\t<meta name=\"twitter:label2\" content=\"Tiempo de lectura\" \/>\n\t<meta name=\"twitter:data2\" content=\"2 minutos\" \/>\n<script type=\"application\/ld+json\" class=\"yoast-schema-graph\">{\"@context\":\"https:\\\/\\\/schema.org\",\"@graph\":[{\"@type\":\"Article\",\"@id\":\"https:\\\/\\\/www.ing.uc.cl\\\/transporte-y-logistica\\\/academicos-ditl-participan-en-la-conferencia-informs-annual-meeting-2024-en-seattle\\\/#article\",\"isPartOf\":{\"@id\":\"https:\\\/\\\/www.ing.uc.cl\\\/transporte-y-logistica\\\/academicos-ditl-participan-en-la-conferencia-informs-annual-meeting-2024-en-seattle\\\/\"},\"author\":{\"name\":\"Keyra Tiape\",\"@id\":\"https:\\\/\\\/www.ing.uc.cl\\\/transporte-y-logistica\\\/#\\\/schema\\\/person\\\/18b5c75a93aca6dfe42b216977b110a2\"},\"headline\":\"Acad\u00e9micos DITL participan en la conferencia INFORMS Annual Meeting 2024 en Seattle\",\"datePublished\":\"2024-11-07T14:42:00+00:00\",\"dateModified\":\"2024-11-08T19:32:02+00:00\",\"mainEntityOfPage\":{\"@id\":\"https:\\\/\\\/www.ing.uc.cl\\\/transporte-y-logistica\\\/academicos-ditl-participan-en-la-conferencia-informs-annual-meeting-2024-en-seattle\\\/\"},\"wordCount\":272,\"image\":{\"@id\":\"https:\\\/\\\/www.ing.uc.cl\\\/transporte-y-logistica\\\/academicos-ditl-participan-en-la-conferencia-informs-annual-meeting-2024-en-seattle\\\/#primaryimage\"},\"thumbnailUrl\":\"https:\\\/\\\/www.ing.uc.cl\\\/transporte-y-logistica\\\/wp-content\\\/uploads\\\/2024\\\/11\\\/WhatsApp-Image-2024-10-22-at-1.04.52-PM.jpeg\",\"articleSection\":[\"Noticia Destacada\"],\"inLanguage\":\"es\"},{\"@type\":\"WebPage\",\"@id\":\"https:\\\/\\\/www.ing.uc.cl\\\/transporte-y-logistica\\\/academicos-ditl-participan-en-la-conferencia-informs-annual-meeting-2024-en-seattle\\\/\",\"url\":\"https:\\\/\\\/www.ing.uc.cl\\\/transporte-y-logistica\\\/academicos-ditl-participan-en-la-conferencia-informs-annual-meeting-2024-en-seattle\\\/\",\"name\":\"Acad\u00e9micos DITL participan en la conferencia INFORMS Annual Meeting 2024 en Seattle - Departamento de Ingenier\u00eda de Transporte y Log\u00edstica\",\"isPartOf\":{\"@id\":\"https:\\\/\\\/www.ing.uc.cl\\\/transporte-y-logistica\\\/#website\"},\"primaryImageOfPage\":{\"@id\":\"https:\\\/\\\/www.ing.uc.cl\\\/transporte-y-logistica\\\/academicos-ditl-participan-en-la-conferencia-informs-annual-meeting-2024-en-seattle\\\/#primaryimage\"},\"image\":{\"@id\":\"https:\\\/\\\/www.ing.uc.cl\\\/transporte-y-logistica\\\/academicos-ditl-participan-en-la-conferencia-informs-annual-meeting-2024-en-seattle\\\/#primaryimage\"},\"thumbnailUrl\":\"https:\\\/\\\/www.ing.uc.cl\\\/transporte-y-logistica\\\/wp-content\\\/uploads\\\/2024\\\/11\\\/WhatsApp-Image-2024-10-22-at-1.04.52-PM.jpeg\",\"datePublished\":\"2024-11-07T14:42:00+00:00\",\"dateModified\":\"2024-11-08T19:32:02+00:00\",\"author\":{\"@id\":\"https:\\\/\\\/www.ing.uc.cl\\\/transporte-y-logistica\\\/#\\\/schema\\\/person\\\/18b5c75a93aca6dfe42b216977b110a2\"},\"breadcrumb\":{\"@id\":\"https:\\\/\\\/www.ing.uc.cl\\\/transporte-y-logistica\\\/academicos-ditl-participan-en-la-conferencia-informs-annual-meeting-2024-en-seattle\\\/#breadcrumb\"},\"inLanguage\":\"es\",\"potentialAction\":[{\"@type\":\"ReadAction\",\"target\":[\"https:\\\/\\\/www.ing.uc.cl\\\/transporte-y-logistica\\\/academicos-ditl-participan-en-la-conferencia-informs-annual-meeting-2024-en-seattle\\\/\"]}]},{\"@type\":\"ImageObject\",\"inLanguage\":\"es\",\"@id\":\"https:\\\/\\\/www.ing.uc.cl\\\/transporte-y-logistica\\\/academicos-ditl-participan-en-la-conferencia-informs-annual-meeting-2024-en-seattle\\\/#primaryimage\",\"url\":\"https:\\\/\\\/www.ing.uc.cl\\\/transporte-y-logistica\\\/wp-content\\\/uploads\\\/2024\\\/11\\\/WhatsApp-Image-2024-10-22-at-1.04.52-PM.jpeg\",\"contentUrl\":\"https:\\\/\\\/www.ing.uc.cl\\\/transporte-y-logistica\\\/wp-content\\\/uploads\\\/2024\\\/11\\\/WhatsApp-Image-2024-10-22-at-1.04.52-PM.jpeg\",\"width\":1600,\"height\":1200},{\"@type\":\"BreadcrumbList\",\"@id\":\"https:\\\/\\\/www.ing.uc.cl\\\/transporte-y-logistica\\\/academicos-ditl-participan-en-la-conferencia-informs-annual-meeting-2024-en-seattle\\\/#breadcrumb\",\"itemListElement\":[{\"@type\":\"ListItem\",\"position\":1,\"name\":\"Portada\",\"item\":\"https:\\\/\\\/www.ing.uc.cl\\\/transporte-y-logistica\\\/\"},{\"@type\":\"ListItem\",\"position\":2,\"name\":\"Acad\u00e9micos DITL participan en la conferencia INFORMS Annual Meeting 2024 en Seattle\"}]},{\"@type\":\"WebSite\",\"@id\":\"https:\\\/\\\/www.ing.uc.cl\\\/transporte-y-logistica\\\/#website\",\"url\":\"https:\\\/\\\/www.ing.uc.cl\\\/transporte-y-logistica\\\/\",\"name\":\"Departamento de Ingenier\u00eda de Transporte y Log\u00edstica\",\"description\":\"DITL\",\"potentialAction\":[{\"@type\":\"SearchAction\",\"target\":{\"@type\":\"EntryPoint\",\"urlTemplate\":\"https:\\\/\\\/www.ing.uc.cl\\\/transporte-y-logistica\\\/?s={search_term_string}\"},\"query-input\":{\"@type\":\"PropertyValueSpecification\",\"valueRequired\":true,\"valueName\":\"search_term_string\"}}],\"inLanguage\":\"es\"},{\"@type\":\"Person\",\"@id\":\"https:\\\/\\\/www.ing.uc.cl\\\/transporte-y-logistica\\\/#\\\/schema\\\/person\\\/18b5c75a93aca6dfe42b216977b110a2\",\"name\":\"Keyra Tiape\",\"image\":{\"@type\":\"ImageObject\",\"inLanguage\":\"es\",\"@id\":\"https:\\\/\\\/secure.gravatar.com\\\/avatar\\\/b9c60b714a61c8b70e7cf40e0d582f280e9f385ad6edd0c4704b97f5749bd36e?s=96&d=mm&r=g\",\"url\":\"https:\\\/\\\/secure.gravatar.com\\\/avatar\\\/b9c60b714a61c8b70e7cf40e0d582f280e9f385ad6edd0c4704b97f5749bd36e?s=96&d=mm&r=g\",\"contentUrl\":\"https:\\\/\\\/secure.gravatar.com\\\/avatar\\\/b9c60b714a61c8b70e7cf40e0d582f280e9f385ad6edd0c4704b97f5749bd36e?s=96&d=mm&r=g\",\"caption\":\"Keyra Tiape\"},\"url\":\"https:\\\/\\\/www.ing.uc.cl\\\/transporte-y-logistica\\\/author\\\/ktiape\\\/\"}]}<\/script>\n<!-- \/ Yoast SEO plugin. -->","yoast_head_json":{"title":"Acad\u00e9micos DITL participan en la conferencia INFORMS Annual Meeting 2024 en Seattle - Departamento de Ingenier\u00eda de Transporte y Log\u00edstica","robots":{"index":"index","follow":"follow","max-snippet":"max-snippet:-1","max-image-preview":"max-image-preview:large","max-video-preview":"max-video-preview:-1"},"canonical":"https:\/\/www.ing.uc.cl\/transporte-y-logistica\/academicos-ditl-participan-en-la-conferencia-informs-annual-meeting-2024-en-seattle\/","og_locale":"es_ES","og_type":"article","og_title":"Acad\u00e9micos DITL participan en la conferencia INFORMS Annual Meeting 2024 en Seattle - Departamento de Ingenier\u00eda de Transporte y Log\u00edstica","og_url":"https:\/\/www.ing.uc.cl\/transporte-y-logistica\/academicos-ditl-participan-en-la-conferencia-informs-annual-meeting-2024-en-seattle\/","og_site_name":"Departamento de Ingenier\u00eda de Transporte y Log\u00edstica","article_published_time":"2024-11-07T14:42:00+00:00","article_modified_time":"2024-11-08T19:32:02+00:00","og_image":[{"width":1600,"height":1200,"url":"https:\/\/www.ing.uc.cl\/transporte-y-logistica\/wp-content\/uploads\/2024\/11\/WhatsApp-Image-2024-10-22-at-1.04.52-PM.jpeg","type":"image\/jpeg"}],"author":"Keyra Tiape","twitter_card":"summary_large_image","twitter_misc":{"Escrito por":"Keyra Tiape","Tiempo de lectura":"2 minutos"},"schema":{"@context":"https:\/\/schema.org","@graph":[{"@type":"Article","@id":"https:\/\/www.ing.uc.cl\/transporte-y-logistica\/academicos-ditl-participan-en-la-conferencia-informs-annual-meeting-2024-en-seattle\/#article","isPartOf":{"@id":"https:\/\/www.ing.uc.cl\/transporte-y-logistica\/academicos-ditl-participan-en-la-conferencia-informs-annual-meeting-2024-en-seattle\/"},"author":{"name":"Keyra Tiape","@id":"https:\/\/www.ing.uc.cl\/transporte-y-logistica\/#\/schema\/person\/18b5c75a93aca6dfe42b216977b110a2"},"headline":"Acad\u00e9micos DITL participan en la conferencia INFORMS Annual Meeting 2024 en Seattle","datePublished":"2024-11-07T14:42:00+00:00","dateModified":"2024-11-08T19:32:02+00:00","mainEntityOfPage":{"@id":"https:\/\/www.ing.uc.cl\/transporte-y-logistica\/academicos-ditl-participan-en-la-conferencia-informs-annual-meeting-2024-en-seattle\/"},"wordCount":272,"image":{"@id":"https:\/\/www.ing.uc.cl\/transporte-y-logistica\/academicos-ditl-participan-en-la-conferencia-informs-annual-meeting-2024-en-seattle\/#primaryimage"},"thumbnailUrl":"https:\/\/www.ing.uc.cl\/transporte-y-logistica\/wp-content\/uploads\/2024\/11\/WhatsApp-Image-2024-10-22-at-1.04.52-PM.jpeg","articleSection":["Noticia Destacada"],"inLanguage":"es"},{"@type":"WebPage","@id":"https:\/\/www.ing.uc.cl\/transporte-y-logistica\/academicos-ditl-participan-en-la-conferencia-informs-annual-meeting-2024-en-seattle\/","url":"https:\/\/www.ing.uc.cl\/transporte-y-logistica\/academicos-ditl-participan-en-la-conferencia-informs-annual-meeting-2024-en-seattle\/","name":"Acad\u00e9micos DITL participan en la conferencia INFORMS Annual Meeting 2024 en Seattle - Departamento de Ingenier\u00eda de Transporte y Log\u00edstica","isPartOf":{"@id":"https:\/\/www.ing.uc.cl\/transporte-y-logistica\/#website"},"primaryImageOfPage":{"@id":"https:\/\/www.ing.uc.cl\/transporte-y-logistica\/academicos-ditl-participan-en-la-conferencia-informs-annual-meeting-2024-en-seattle\/#primaryimage"},"image":{"@id":"https:\/\/www.ing.uc.cl\/transporte-y-logistica\/academicos-ditl-participan-en-la-conferencia-informs-annual-meeting-2024-en-seattle\/#primaryimage"},"thumbnailUrl":"https:\/\/www.ing.uc.cl\/transporte-y-logistica\/wp-content\/uploads\/2024\/11\/WhatsApp-Image-2024-10-22-at-1.04.52-PM.jpeg","datePublished":"2024-11-07T14:42:00+00:00","dateModified":"2024-11-08T19:32:02+00:00","author":{"@id":"https:\/\/www.ing.uc.cl\/transporte-y-logistica\/#\/schema\/person\/18b5c75a93aca6dfe42b216977b110a2"},"breadcrumb":{"@id":"https:\/\/www.ing.uc.cl\/transporte-y-logistica\/academicos-ditl-participan-en-la-conferencia-informs-annual-meeting-2024-en-seattle\/#breadcrumb"},"inLanguage":"es","potentialAction":[{"@type":"ReadAction","target":["https:\/\/www.ing.uc.cl\/transporte-y-logistica\/academicos-ditl-participan-en-la-conferencia-informs-annual-meeting-2024-en-seattle\/"]}]},{"@type":"ImageObject","inLanguage":"es","@id":"https:\/\/www.ing.uc.cl\/transporte-y-logistica\/academicos-ditl-participan-en-la-conferencia-informs-annual-meeting-2024-en-seattle\/#primaryimage","url":"https:\/\/www.ing.uc.cl\/transporte-y-logistica\/wp-content\/uploads\/2024\/11\/WhatsApp-Image-2024-10-22-at-1.04.52-PM.jpeg","contentUrl":"https:\/\/www.ing.uc.cl\/transporte-y-logistica\/wp-content\/uploads\/2024\/11\/WhatsApp-Image-2024-10-22-at-1.04.52-PM.jpeg","width":1600,"height":1200},{"@type":"BreadcrumbList","@id":"https:\/\/www.ing.uc.cl\/transporte-y-logistica\/academicos-ditl-participan-en-la-conferencia-informs-annual-meeting-2024-en-seattle\/#breadcrumb","itemListElement":[{"@type":"ListItem","position":1,"name":"Portada","item":"https:\/\/www.ing.uc.cl\/transporte-y-logistica\/"},{"@type":"ListItem","position":2,"name":"Acad\u00e9micos DITL participan en la conferencia INFORMS Annual Meeting 2024 en Seattle"}]},{"@type":"WebSite","@id":"https:\/\/www.ing.uc.cl\/transporte-y-logistica\/#website","url":"https:\/\/www.ing.uc.cl\/transporte-y-logistica\/","name":"Departamento de Ingenier\u00eda de Transporte y Log\u00edstica","description":"DITL","potentialAction":[{"@type":"SearchAction","target":{"@type":"EntryPoint","urlTemplate":"https:\/\/www.ing.uc.cl\/transporte-y-logistica\/?s={search_term_string}"},"query-input":{"@type":"PropertyValueSpecification","valueRequired":true,"valueName":"search_term_string"}}],"inLanguage":"es"},{"@type":"Person","@id":"https:\/\/www.ing.uc.cl\/transporte-y-logistica\/#\/schema\/person\/18b5c75a93aca6dfe42b216977b110a2","name":"Keyra Tiape","image":{"@type":"ImageObject","inLanguage":"es","@id":"https:\/\/secure.gravatar.com\/avatar\/b9c60b714a61c8b70e7cf40e0d582f280e9f385ad6edd0c4704b97f5749bd36e?s=96&d=mm&r=g","url":"https:\/\/secure.gravatar.com\/avatar\/b9c60b714a61c8b70e7cf40e0d582f280e9f385ad6edd0c4704b97f5749bd36e?s=96&d=mm&r=g","contentUrl":"https:\/\/secure.gravatar.com\/avatar\/b9c60b714a61c8b70e7cf40e0d582f280e9f385ad6edd0c4704b97f5749bd36e?s=96&d=mm&r=g","caption":"Keyra Tiape"},"url":"https:\/\/www.ing.uc.cl\/transporte-y-logistica\/author\/ktiape\/"}]}},"_links":{"self":[{"href":"https:\/\/www.ing.uc.cl\/transporte-y-logistica\/wp-json\/wp\/v2\/posts\/12634","targetHints":{"allow":["GET"]}}],"collection":[{"href":"https:\/\/www.ing.uc.cl\/transporte-y-logistica\/wp-json\/wp\/v2\/posts"}],"about":[{"href":"https:\/\/www.ing.uc.cl\/transporte-y-logistica\/wp-json\/wp\/v2\/types\/post"}],"author":[{"embeddable":true,"href":"https:\/\/www.ing.uc.cl\/transporte-y-logistica\/wp-json\/wp\/v2\/users\/8"}],"replies":[{"embeddable":true,"href":"https:\/\/www.ing.uc.cl\/transporte-y-logistica\/wp-json\/wp\/v2\/comments?post=12634"}],"version-history":[{"count":5,"href":"https:\/\/www.ing.uc.cl\/transporte-y-logistica\/wp-json\/wp\/v2\/posts\/12634\/revisions"}],"predecessor-version":[{"id":12640,"href":"https:\/\/www.ing.uc.cl\/transporte-y-logistica\/wp-json\/wp\/v2\/posts\/12634\/revisions\/12640"}],"wp:featuredmedia":[{"embeddable":true,"href":"https:\/\/www.ing.uc.cl\/transporte-y-logistica\/wp-json\/wp\/v2\/media\/12636"}],"wp:attachment":[{"href":"https:\/\/www.ing.uc.cl\/transporte-y-logistica\/wp-json\/wp\/v2\/media?parent=12634"}],"wp:term":[{"taxonomy":"category","embeddable":true,"href":"https:\/\/www.ing.uc.cl\/transporte-y-logistica\/wp-json\/wp\/v2\/categories?post=12634"},{"taxonomy":"post_tag","embeddable":true,"href":"https:\/\/www.ing.uc.cl\/transporte-y-logistica\/wp-json\/wp\/v2\/tags?post=12634"}],"curies":[{"name":"wp","href":"https:\/\/api.w.org\/{rel}","templated":true}]}}