{"id":12724,"date":"2024-12-04T11:19:15","date_gmt":"2024-12-04T14:19:15","guid":{"rendered":"https:\/\/www.ing.uc.cl\/transporte-y-logistica\/?p=12724"},"modified":"2024-12-06T11:19:57","modified_gmt":"2024-12-06T14:19:57","slug":"profesor-ricardo-giesen-participa-en-la-celebracion-de-los-50-anos-del-sistema-brt","status":"publish","type":"post","link":"https:\/\/www.ing.uc.cl\/transporte-y-logistica\/profesor-ricardo-giesen-participa-en-la-celebracion-de-los-50-anos-del-sistema-brt\/","title":{"rendered":"Profesor Ricardo Giesen participa en la celebraci\u00f3n de los 50 a\u00f1os del sistema BRT"},"content":{"rendered":"\t\t<div data-elementor-type=\"wp-post\" data-elementor-id=\"12724\" class=\"elementor elementor-12724\">\n\t\t\t\t\t\t<section class=\"elementor-section elementor-top-section elementor-element elementor-element-4d7e3233 elementor-section-boxed elementor-section-height-default elementor-section-height-default\" data-id=\"4d7e3233\" data-element_type=\"section\" data-e-type=\"section\">\n\t\t\t\t\t\t<div class=\"elementor-container elementor-column-gap-default\">\n\t\t\t\t\t<div class=\"elementor-column elementor-col-100 elementor-top-column elementor-element elementor-element-5a8c5078\" data-id=\"5a8c5078\" data-element_type=\"column\" data-e-type=\"column\">\n\t\t\t<div class=\"elementor-widget-wrap elementor-element-populated\">\n\t\t\t\t\t\t<div class=\"elementor-element elementor-element-b7ea3e0 elementor-widget elementor-widget-text-editor\" data-id=\"b7ea3e0\" data-element_type=\"widget\" data-e-type=\"widget\" data-widget_type=\"text-editor.default\">\n\t\t\t\t<div class=\"elementor-widget-container\">\n\t\t\t\t\t\t\t\t\t<h4>Entre el 27 y el 29 de noviembre, el profesor Ricardo Giesen, acad\u00e9mico de nuestro departamento, particip\u00f3 en el seminario\u00a0<b>Celebrating the 50-year journey of Bus Rapid Transit<\/b> organizado por la Uni\u00f3n Internacional de Transporte P\u00fablico (UITP) en Curitiba, Brasil, para celebrar los 50 a\u00f1os del primer sistema de Bus Rapid Transit (BRT).<\/h4><p>El profesor Giesen particip\u00f3 como panelista en la sesi\u00f3n titulada\u00a0<i>\u00abEvolving Planning and Concept Design for Bus Rapid Transit Systems Worldwide\u00bb<\/i>. Esta instancia reuni\u00f3 a l\u00edderes internacionales en sistemas BRT para analizar los enfoques, desaf\u00edos y factores de \u00e9xito que han permitido la expansi\u00f3n y transformaci\u00f3n de este modelo de transporte en diversas regiones del mundo.<\/p><p><span data-olk-copy-source=\"MessageBody\">El seminario de la UITP destac\u00f3 c\u00f3mo los sistemas BRT, aunque var\u00edan significativamente entre continentes, reflejan las necesidades y particularidades urbanas de cada regi\u00f3n. Durante el panel, se abordaron temas clave como la planificaci\u00f3n eficiente, el dise\u00f1o conceptual y las estrategias necesarias para adaptar y mejorar los sistemas BRT en un contexto de constante evoluci\u00f3n<\/span>.<\/p><div><div><span data-olk-copy-source=\"MessageBody\">Curitiba, la ciudad anfitriona del evento, es reconocida internacionalmente como pionera en la implementaci\u00f3n del primer sistema BRT en 1974. Este modelo de transporte se ha replicado y adaptado en numerosas ciudades, destac\u00e1ndose por incorporar carriles exclusivos para autobuses, emisi\u00f3n eficiente de boletos y veh\u00edculos de alta capacidad, logrando reducir la congesti\u00f3n y promover el crecimiento urbano sostenible. Desde entonces, el modelo BRT ha sido implementado y adaptado en m\u00e1s de 190 ciudades en todo el mundo, convirti\u00e9ndose en un s\u00edmbolo global de innovaci\u00f3n en planificaci\u00f3n urbana y transporte p\u00fablico.<\/span><\/div><\/div><div>\u00a0<\/div><div><span data-olk-copy-source=\"MessageBody\">El evento tambi\u00e9n abord\u00f3 iniciativas clave como el proyecto<i>\u00a0eBRT2030<\/i>, coordinado por la UITP y financiado por la Uni\u00f3n Europea, que tiene como objetivo demostrar la aplicabilidad de una nueva generaci\u00f3n de sistemas eBRT en diferentes contextos urbanos, con soluciones innovadoras que sean econ\u00f3micamente viables y mejoradas con nuevas funcionalidades de automatizaci\u00f3n y conectividad.<\/span><\/div><div>\u00a0<\/div><div><span data-olk-copy-source=\"MessageBody\">La participaci\u00f3n de nuestro profesor en este prestigioso evento no solo posiciona al DITL como un referente en investigaci\u00f3n y desarrollo de transporte p\u00fablico, sino que tambi\u00e9n fomenta el intercambio de conocimientos y mejores pr\u00e1cticas a nivel global.<\/span><\/div><div>\u00a0<\/div><div><p><a href=\"https:\/\/www.ing.uc.cl\/transporte-y-logistica\/wp-content\/uploads\/2024\/12\/WhatsApp-Image-2024-11-28-at-15.22.56.jpeg\"><img fetchpriority=\"high\" decoding=\"async\" class=\"aligncenter wp-image-12726 size-large\" src=\"https:\/\/www.ing.uc.cl\/transporte-y-logistica\/wp-content\/uploads\/2024\/12\/WhatsApp-Image-2024-11-28-at-15.22.56-1024x587.jpeg\" alt=\"\" width=\"720\" height=\"413\" srcset=\"https:\/\/www.ing.uc.cl\/transporte-y-logistica\/wp-content\/uploads\/2024\/12\/WhatsApp-Image-2024-11-28-at-15.22.56-1024x587.jpeg 1024w, https:\/\/www.ing.uc.cl\/transporte-y-logistica\/wp-content\/uploads\/2024\/12\/WhatsApp-Image-2024-11-28-at-15.22.56-300x172.jpeg 300w, https:\/\/www.ing.uc.cl\/transporte-y-logistica\/wp-content\/uploads\/2024\/12\/WhatsApp-Image-2024-11-28-at-15.22.56-768x440.jpeg 768w, https:\/\/www.ing.uc.cl\/transporte-y-logistica\/wp-content\/uploads\/2024\/12\/WhatsApp-Image-2024-11-28-at-15.22.56-400x229.jpeg 400w, https:\/\/www.ing.uc.cl\/transporte-y-logistica\/wp-content\/uploads\/2024\/12\/WhatsApp-Image-2024-11-28-at-15.22.56.jpeg 1280w\" sizes=\"(max-width: 720px) 100vw, 720px\" \/><\/a><\/p><\/div>\t\t\t\t\t\t\t\t<\/div>\n\t\t\t\t<\/div>\n\t\t\t\t\t<\/div>\n\t\t<\/div>\n\t\t\t\t\t<\/div>\n\t\t<\/section>\n\t\t\t\t<section class=\"elementor-section elementor-top-section elementor-element elementor-element-667a9b2 elementor-section-boxed elementor-section-height-default elementor-section-height-default\" data-id=\"667a9b2\" data-element_type=\"section\" data-e-type=\"section\">\n\t\t\t\t\t\t<div class=\"elementor-container elementor-column-gap-default\">\n\t\t\t\t\t<div class=\"elementor-column elementor-col-100 elementor-top-column elementor-element elementor-element-b2e6c75\" data-id=\"b2e6c75\" data-element_type=\"column\" data-e-type=\"column\">\n\t\t\t<div class=\"elementor-widget-wrap\">\n\t\t\t\t\t\t\t<\/div>\n\t\t<\/div>\n\t\t\t\t\t<\/div>\n\t\t<\/section>\n\t\t\t\t<section class=\"elementor-section elementor-top-section elementor-element elementor-element-ecc1b8a elementor-section-boxed elementor-section-height-default elementor-section-height-default\" data-id=\"ecc1b8a\" data-element_type=\"section\" data-e-type=\"section\">\n\t\t\t\t\t\t<div class=\"elementor-container elementor-column-gap-default\">\n\t\t\t\t\t<div class=\"elementor-column elementor-col-100 elementor-top-column elementor-element elementor-element-683397d\" data-id=\"683397d\" data-element_type=\"column\" data-e-type=\"column\">\n\t\t\t<div class=\"elementor-widget-wrap elementor-element-populated\">\n\t\t\t\t\t\t<section class=\"elementor-section elementor-inner-section elementor-element elementor-element-6d01df3 elementor-section-boxed elementor-section-height-default elementor-section-height-default\" data-id=\"6d01df3\" data-element_type=\"section\" data-e-type=\"section\">\n\t\t\t\t\t\t<div class=\"elementor-container elementor-column-gap-default\">\n\t\t\t\t\t<div class=\"elementor-column elementor-col-50 elementor-inner-column elementor-element elementor-element-f969001\" data-id=\"f969001\" data-element_type=\"column\" data-e-type=\"column\">\n\t\t\t<div class=\"elementor-widget-wrap\">\n\t\t\t\t\t\t\t<\/div>\n\t\t<\/div>\n\t\t\t\t<div class=\"elementor-column elementor-col-50 elementor-inner-column elementor-element elementor-element-6dcca46\" data-id=\"6dcca46\" data-element_type=\"column\" data-e-type=\"column\">\n\t\t\t<div class=\"elementor-widget-wrap\">\n\t\t\t\t\t\t\t<\/div>\n\t\t<\/div>\n\t\t\t\t\t<\/div>\n\t\t<\/section>\n\t\t\t\t\t<\/div>\n\t\t<\/div>\n\t\t\t\t\t<\/div>\n\t\t<\/section>\n\t\t\t\t<\/div>\n\t\t","protected":false},"excerpt":{"rendered":"<p><\/p>\n<p><img src=https:\/\/www.ing.uc.cl\/transporte-y-logistica\/wp-content\/uploads\/2024\/12\/WhatsApp-Image-2024-11-28-at-15.22.56-1024x587.jpeg\"> Profesor Ricardo Giesen participa en la celebraci\u00f3n de los 50 a\u00f1os del sistema BRT\u00bb<\/p>\n","protected":false},"author":8,"featured_media":12726,"comment_status":"closed","ping_status":"closed","sticky":false,"template":"","format":"standard","meta":{"_acf_changed":false,"footnotes":""},"categories":[4],"tags":[],"class_list":{"0":"post-12724","1":"post","2":"type-post","3":"status-publish","4":"format-standard","5":"has-post-thumbnail","6":"hentry","7":"category-noticia-destacada","9":"post-with-thumbnail","10":"post-with-thumbnail-large"},"acf":[],"yoast_head":"<!-- This site is optimized with the Yoast SEO plugin v27.5 - https:\/\/yoast.com\/product\/yoast-seo-wordpress\/ -->\n<title>Profesor Ricardo Giesen participa en la celebraci\u00f3n de los 50 a\u00f1os del sistema BRT - Departamento de Ingenier\u00eda de Transporte y Log\u00edstica<\/title>\n<meta name=\"robots\" content=\"index, follow, max-snippet:-1, max-image-preview:large, max-video-preview:-1\" \/>\n<link rel=\"canonical\" href=\"https:\/\/www.ing.uc.cl\/transporte-y-logistica\/profesor-ricardo-giesen-participa-en-la-celebracion-de-los-50-anos-del-sistema-brt\/\" \/>\n<meta property=\"og:locale\" content=\"es_ES\" \/>\n<meta property=\"og:type\" content=\"article\" \/>\n<meta property=\"og:title\" content=\"Profesor Ricardo Giesen participa en la celebraci\u00f3n de los 50 a\u00f1os del sistema BRT - Departamento de Ingenier\u00eda de Transporte y Log\u00edstica\" \/>\n<meta property=\"og:url\" content=\"https:\/\/www.ing.uc.cl\/transporte-y-logistica\/profesor-ricardo-giesen-participa-en-la-celebracion-de-los-50-anos-del-sistema-brt\/\" \/>\n<meta property=\"og:site_name\" content=\"Departamento de Ingenier\u00eda de Transporte y Log\u00edstica\" \/>\n<meta property=\"article:published_time\" content=\"2024-12-04T14:19:15+00:00\" \/>\n<meta property=\"article:modified_time\" content=\"2024-12-06T14:19:57+00:00\" \/>\n<meta property=\"og:image\" content=\"https:\/\/www.ing.uc.cl\/transporte-y-logistica\/wp-content\/uploads\/2024\/12\/WhatsApp-Image-2024-11-28-at-15.22.56.jpeg\" \/>\n\t<meta property=\"og:image:width\" content=\"1280\" \/>\n\t<meta property=\"og:image:height\" content=\"734\" \/>\n\t<meta property=\"og:image:type\" content=\"image\/jpeg\" \/>\n<meta name=\"author\" content=\"Keyra Tiape\" \/>\n<meta name=\"twitter:card\" content=\"summary_large_image\" \/>\n<meta name=\"twitter:label1\" content=\"Escrito por\" \/>\n\t<meta name=\"twitter:data1\" content=\"Keyra Tiape\" \/>\n\t<meta name=\"twitter:label2\" content=\"Tiempo de lectura\" \/>\n\t<meta name=\"twitter:data2\" content=\"2 minutos\" \/>\n<script type=\"application\/ld+json\" class=\"yoast-schema-graph\">{\"@context\":\"https:\\\/\\\/schema.org\",\"@graph\":[{\"@type\":\"Article\",\"@id\":\"https:\\\/\\\/www.ing.uc.cl\\\/transporte-y-logistica\\\/profesor-ricardo-giesen-participa-en-la-celebracion-de-los-50-anos-del-sistema-brt\\\/#article\",\"isPartOf\":{\"@id\":\"https:\\\/\\\/www.ing.uc.cl\\\/transporte-y-logistica\\\/profesor-ricardo-giesen-participa-en-la-celebracion-de-los-50-anos-del-sistema-brt\\\/\"},\"author\":{\"name\":\"Keyra Tiape\",\"@id\":\"https:\\\/\\\/www.ing.uc.cl\\\/transporte-y-logistica\\\/#\\\/schema\\\/person\\\/18b5c75a93aca6dfe42b216977b110a2\"},\"headline\":\"Profesor Ricardo Giesen participa en la celebraci\u00f3n de los 50 a\u00f1os del sistema BRT\",\"datePublished\":\"2024-12-04T14:19:15+00:00\",\"dateModified\":\"2024-12-06T14:19:57+00:00\",\"mainEntityOfPage\":{\"@id\":\"https:\\\/\\\/www.ing.uc.cl\\\/transporte-y-logistica\\\/profesor-ricardo-giesen-participa-en-la-celebracion-de-los-50-anos-del-sistema-brt\\\/\"},\"wordCount\":392,\"image\":{\"@id\":\"https:\\\/\\\/www.ing.uc.cl\\\/transporte-y-logistica\\\/profesor-ricardo-giesen-participa-en-la-celebracion-de-los-50-anos-del-sistema-brt\\\/#primaryimage\"},\"thumbnailUrl\":\"https:\\\/\\\/www.ing.uc.cl\\\/transporte-y-logistica\\\/wp-content\\\/uploads\\\/2024\\\/12\\\/WhatsApp-Image-2024-11-28-at-15.22.56.jpeg\",\"articleSection\":[\"Noticia Destacada\"],\"inLanguage\":\"es\"},{\"@type\":\"WebPage\",\"@id\":\"https:\\\/\\\/www.ing.uc.cl\\\/transporte-y-logistica\\\/profesor-ricardo-giesen-participa-en-la-celebracion-de-los-50-anos-del-sistema-brt\\\/\",\"url\":\"https:\\\/\\\/www.ing.uc.cl\\\/transporte-y-logistica\\\/profesor-ricardo-giesen-participa-en-la-celebracion-de-los-50-anos-del-sistema-brt\\\/\",\"name\":\"Profesor Ricardo Giesen participa en la celebraci\u00f3n de los 50 a\u00f1os del sistema BRT - Departamento de Ingenier\u00eda de Transporte y Log\u00edstica\",\"isPartOf\":{\"@id\":\"https:\\\/\\\/www.ing.uc.cl\\\/transporte-y-logistica\\\/#website\"},\"primaryImageOfPage\":{\"@id\":\"https:\\\/\\\/www.ing.uc.cl\\\/transporte-y-logistica\\\/profesor-ricardo-giesen-participa-en-la-celebracion-de-los-50-anos-del-sistema-brt\\\/#primaryimage\"},\"image\":{\"@id\":\"https:\\\/\\\/www.ing.uc.cl\\\/transporte-y-logistica\\\/profesor-ricardo-giesen-participa-en-la-celebracion-de-los-50-anos-del-sistema-brt\\\/#primaryimage\"},\"thumbnailUrl\":\"https:\\\/\\\/www.ing.uc.cl\\\/transporte-y-logistica\\\/wp-content\\\/uploads\\\/2024\\\/12\\\/WhatsApp-Image-2024-11-28-at-15.22.56.jpeg\",\"datePublished\":\"2024-12-04T14:19:15+00:00\",\"dateModified\":\"2024-12-06T14:19:57+00:00\",\"author\":{\"@id\":\"https:\\\/\\\/www.ing.uc.cl\\\/transporte-y-logistica\\\/#\\\/schema\\\/person\\\/18b5c75a93aca6dfe42b216977b110a2\"},\"breadcrumb\":{\"@id\":\"https:\\\/\\\/www.ing.uc.cl\\\/transporte-y-logistica\\\/profesor-ricardo-giesen-participa-en-la-celebracion-de-los-50-anos-del-sistema-brt\\\/#breadcrumb\"},\"inLanguage\":\"es\",\"potentialAction\":[{\"@type\":\"ReadAction\",\"target\":[\"https:\\\/\\\/www.ing.uc.cl\\\/transporte-y-logistica\\\/profesor-ricardo-giesen-participa-en-la-celebracion-de-los-50-anos-del-sistema-brt\\\/\"]}]},{\"@type\":\"ImageObject\",\"inLanguage\":\"es\",\"@id\":\"https:\\\/\\\/www.ing.uc.cl\\\/transporte-y-logistica\\\/profesor-ricardo-giesen-participa-en-la-celebracion-de-los-50-anos-del-sistema-brt\\\/#primaryimage\",\"url\":\"https:\\\/\\\/www.ing.uc.cl\\\/transporte-y-logistica\\\/wp-content\\\/uploads\\\/2024\\\/12\\\/WhatsApp-Image-2024-11-28-at-15.22.56.jpeg\",\"contentUrl\":\"https:\\\/\\\/www.ing.uc.cl\\\/transporte-y-logistica\\\/wp-content\\\/uploads\\\/2024\\\/12\\\/WhatsApp-Image-2024-11-28-at-15.22.56.jpeg\",\"width\":1280,\"height\":734},{\"@type\":\"BreadcrumbList\",\"@id\":\"https:\\\/\\\/www.ing.uc.cl\\\/transporte-y-logistica\\\/profesor-ricardo-giesen-participa-en-la-celebracion-de-los-50-anos-del-sistema-brt\\\/#breadcrumb\",\"itemListElement\":[{\"@type\":\"ListItem\",\"position\":1,\"name\":\"Portada\",\"item\":\"https:\\\/\\\/www.ing.uc.cl\\\/transporte-y-logistica\\\/\"},{\"@type\":\"ListItem\",\"position\":2,\"name\":\"Profesor Ricardo Giesen participa en la celebraci\u00f3n de los 50 a\u00f1os del sistema BRT\"}]},{\"@type\":\"WebSite\",\"@id\":\"https:\\\/\\\/www.ing.uc.cl\\\/transporte-y-logistica\\\/#website\",\"url\":\"https:\\\/\\\/www.ing.uc.cl\\\/transporte-y-logistica\\\/\",\"name\":\"Departamento de Ingenier\u00eda de Transporte y Log\u00edstica\",\"description\":\"DITL\",\"potentialAction\":[{\"@type\":\"SearchAction\",\"target\":{\"@type\":\"EntryPoint\",\"urlTemplate\":\"https:\\\/\\\/www.ing.uc.cl\\\/transporte-y-logistica\\\/?s={search_term_string}\"},\"query-input\":{\"@type\":\"PropertyValueSpecification\",\"valueRequired\":true,\"valueName\":\"search_term_string\"}}],\"inLanguage\":\"es\"},{\"@type\":\"Person\",\"@id\":\"https:\\\/\\\/www.ing.uc.cl\\\/transporte-y-logistica\\\/#\\\/schema\\\/person\\\/18b5c75a93aca6dfe42b216977b110a2\",\"name\":\"Keyra Tiape\",\"image\":{\"@type\":\"ImageObject\",\"inLanguage\":\"es\",\"@id\":\"https:\\\/\\\/secure.gravatar.com\\\/avatar\\\/b9c60b714a61c8b70e7cf40e0d582f280e9f385ad6edd0c4704b97f5749bd36e?s=96&d=mm&r=g\",\"url\":\"https:\\\/\\\/secure.gravatar.com\\\/avatar\\\/b9c60b714a61c8b70e7cf40e0d582f280e9f385ad6edd0c4704b97f5749bd36e?s=96&d=mm&r=g\",\"contentUrl\":\"https:\\\/\\\/secure.gravatar.com\\\/avatar\\\/b9c60b714a61c8b70e7cf40e0d582f280e9f385ad6edd0c4704b97f5749bd36e?s=96&d=mm&r=g\",\"caption\":\"Keyra Tiape\"},\"url\":\"https:\\\/\\\/www.ing.uc.cl\\\/transporte-y-logistica\\\/author\\\/ktiape\\\/\"}]}<\/script>\n<!-- \/ Yoast SEO plugin. -->","yoast_head_json":{"title":"Profesor Ricardo Giesen participa en la celebraci\u00f3n de los 50 a\u00f1os del sistema BRT - Departamento de Ingenier\u00eda de Transporte y Log\u00edstica","robots":{"index":"index","follow":"follow","max-snippet":"max-snippet:-1","max-image-preview":"max-image-preview:large","max-video-preview":"max-video-preview:-1"},"canonical":"https:\/\/www.ing.uc.cl\/transporte-y-logistica\/profesor-ricardo-giesen-participa-en-la-celebracion-de-los-50-anos-del-sistema-brt\/","og_locale":"es_ES","og_type":"article","og_title":"Profesor Ricardo Giesen participa en la celebraci\u00f3n de los 50 a\u00f1os del sistema BRT - Departamento de Ingenier\u00eda de Transporte y Log\u00edstica","og_url":"https:\/\/www.ing.uc.cl\/transporte-y-logistica\/profesor-ricardo-giesen-participa-en-la-celebracion-de-los-50-anos-del-sistema-brt\/","og_site_name":"Departamento de Ingenier\u00eda de Transporte y Log\u00edstica","article_published_time":"2024-12-04T14:19:15+00:00","article_modified_time":"2024-12-06T14:19:57+00:00","og_image":[{"width":1280,"height":734,"url":"https:\/\/www.ing.uc.cl\/transporte-y-logistica\/wp-content\/uploads\/2024\/12\/WhatsApp-Image-2024-11-28-at-15.22.56.jpeg","type":"image\/jpeg"}],"author":"Keyra Tiape","twitter_card":"summary_large_image","twitter_misc":{"Escrito por":"Keyra Tiape","Tiempo de lectura":"2 minutos"},"schema":{"@context":"https:\/\/schema.org","@graph":[{"@type":"Article","@id":"https:\/\/www.ing.uc.cl\/transporte-y-logistica\/profesor-ricardo-giesen-participa-en-la-celebracion-de-los-50-anos-del-sistema-brt\/#article","isPartOf":{"@id":"https:\/\/www.ing.uc.cl\/transporte-y-logistica\/profesor-ricardo-giesen-participa-en-la-celebracion-de-los-50-anos-del-sistema-brt\/"},"author":{"name":"Keyra Tiape","@id":"https:\/\/www.ing.uc.cl\/transporte-y-logistica\/#\/schema\/person\/18b5c75a93aca6dfe42b216977b110a2"},"headline":"Profesor Ricardo Giesen participa en la celebraci\u00f3n de los 50 a\u00f1os del sistema BRT","datePublished":"2024-12-04T14:19:15+00:00","dateModified":"2024-12-06T14:19:57+00:00","mainEntityOfPage":{"@id":"https:\/\/www.ing.uc.cl\/transporte-y-logistica\/profesor-ricardo-giesen-participa-en-la-celebracion-de-los-50-anos-del-sistema-brt\/"},"wordCount":392,"image":{"@id":"https:\/\/www.ing.uc.cl\/transporte-y-logistica\/profesor-ricardo-giesen-participa-en-la-celebracion-de-los-50-anos-del-sistema-brt\/#primaryimage"},"thumbnailUrl":"https:\/\/www.ing.uc.cl\/transporte-y-logistica\/wp-content\/uploads\/2024\/12\/WhatsApp-Image-2024-11-28-at-15.22.56.jpeg","articleSection":["Noticia Destacada"],"inLanguage":"es"},{"@type":"WebPage","@id":"https:\/\/www.ing.uc.cl\/transporte-y-logistica\/profesor-ricardo-giesen-participa-en-la-celebracion-de-los-50-anos-del-sistema-brt\/","url":"https:\/\/www.ing.uc.cl\/transporte-y-logistica\/profesor-ricardo-giesen-participa-en-la-celebracion-de-los-50-anos-del-sistema-brt\/","name":"Profesor Ricardo Giesen participa en la celebraci\u00f3n de los 50 a\u00f1os del sistema BRT - Departamento de Ingenier\u00eda de Transporte y Log\u00edstica","isPartOf":{"@id":"https:\/\/www.ing.uc.cl\/transporte-y-logistica\/#website"},"primaryImageOfPage":{"@id":"https:\/\/www.ing.uc.cl\/transporte-y-logistica\/profesor-ricardo-giesen-participa-en-la-celebracion-de-los-50-anos-del-sistema-brt\/#primaryimage"},"image":{"@id":"https:\/\/www.ing.uc.cl\/transporte-y-logistica\/profesor-ricardo-giesen-participa-en-la-celebracion-de-los-50-anos-del-sistema-brt\/#primaryimage"},"thumbnailUrl":"https:\/\/www.ing.uc.cl\/transporte-y-logistica\/wp-content\/uploads\/2024\/12\/WhatsApp-Image-2024-11-28-at-15.22.56.jpeg","datePublished":"2024-12-04T14:19:15+00:00","dateModified":"2024-12-06T14:19:57+00:00","author":{"@id":"https:\/\/www.ing.uc.cl\/transporte-y-logistica\/#\/schema\/person\/18b5c75a93aca6dfe42b216977b110a2"},"breadcrumb":{"@id":"https:\/\/www.ing.uc.cl\/transporte-y-logistica\/profesor-ricardo-giesen-participa-en-la-celebracion-de-los-50-anos-del-sistema-brt\/#breadcrumb"},"inLanguage":"es","potentialAction":[{"@type":"ReadAction","target":["https:\/\/www.ing.uc.cl\/transporte-y-logistica\/profesor-ricardo-giesen-participa-en-la-celebracion-de-los-50-anos-del-sistema-brt\/"]}]},{"@type":"ImageObject","inLanguage":"es","@id":"https:\/\/www.ing.uc.cl\/transporte-y-logistica\/profesor-ricardo-giesen-participa-en-la-celebracion-de-los-50-anos-del-sistema-brt\/#primaryimage","url":"https:\/\/www.ing.uc.cl\/transporte-y-logistica\/wp-content\/uploads\/2024\/12\/WhatsApp-Image-2024-11-28-at-15.22.56.jpeg","contentUrl":"https:\/\/www.ing.uc.cl\/transporte-y-logistica\/wp-content\/uploads\/2024\/12\/WhatsApp-Image-2024-11-28-at-15.22.56.jpeg","width":1280,"height":734},{"@type":"BreadcrumbList","@id":"https:\/\/www.ing.uc.cl\/transporte-y-logistica\/profesor-ricardo-giesen-participa-en-la-celebracion-de-los-50-anos-del-sistema-brt\/#breadcrumb","itemListElement":[{"@type":"ListItem","position":1,"name":"Portada","item":"https:\/\/www.ing.uc.cl\/transporte-y-logistica\/"},{"@type":"ListItem","position":2,"name":"Profesor Ricardo Giesen participa en la celebraci\u00f3n de los 50 a\u00f1os del sistema BRT"}]},{"@type":"WebSite","@id":"https:\/\/www.ing.uc.cl\/transporte-y-logistica\/#website","url":"https:\/\/www.ing.uc.cl\/transporte-y-logistica\/","name":"Departamento de Ingenier\u00eda de Transporte y Log\u00edstica","description":"DITL","potentialAction":[{"@type":"SearchAction","target":{"@type":"EntryPoint","urlTemplate":"https:\/\/www.ing.uc.cl\/transporte-y-logistica\/?s={search_term_string}"},"query-input":{"@type":"PropertyValueSpecification","valueRequired":true,"valueName":"search_term_string"}}],"inLanguage":"es"},{"@type":"Person","@id":"https:\/\/www.ing.uc.cl\/transporte-y-logistica\/#\/schema\/person\/18b5c75a93aca6dfe42b216977b110a2","name":"Keyra Tiape","image":{"@type":"ImageObject","inLanguage":"es","@id":"https:\/\/secure.gravatar.com\/avatar\/b9c60b714a61c8b70e7cf40e0d582f280e9f385ad6edd0c4704b97f5749bd36e?s=96&d=mm&r=g","url":"https:\/\/secure.gravatar.com\/avatar\/b9c60b714a61c8b70e7cf40e0d582f280e9f385ad6edd0c4704b97f5749bd36e?s=96&d=mm&r=g","contentUrl":"https:\/\/secure.gravatar.com\/avatar\/b9c60b714a61c8b70e7cf40e0d582f280e9f385ad6edd0c4704b97f5749bd36e?s=96&d=mm&r=g","caption":"Keyra Tiape"},"url":"https:\/\/www.ing.uc.cl\/transporte-y-logistica\/author\/ktiape\/"}]}},"_links":{"self":[{"href":"https:\/\/www.ing.uc.cl\/transporte-y-logistica\/wp-json\/wp\/v2\/posts\/12724","targetHints":{"allow":["GET"]}}],"collection":[{"href":"https:\/\/www.ing.uc.cl\/transporte-y-logistica\/wp-json\/wp\/v2\/posts"}],"about":[{"href":"https:\/\/www.ing.uc.cl\/transporte-y-logistica\/wp-json\/wp\/v2\/types\/post"}],"author":[{"embeddable":true,"href":"https:\/\/www.ing.uc.cl\/transporte-y-logistica\/wp-json\/wp\/v2\/users\/8"}],"replies":[{"embeddable":true,"href":"https:\/\/www.ing.uc.cl\/transporte-y-logistica\/wp-json\/wp\/v2\/comments?post=12724"}],"version-history":[{"count":5,"href":"https:\/\/www.ing.uc.cl\/transporte-y-logistica\/wp-json\/wp\/v2\/posts\/12724\/revisions"}],"predecessor-version":[{"id":12730,"href":"https:\/\/www.ing.uc.cl\/transporte-y-logistica\/wp-json\/wp\/v2\/posts\/12724\/revisions\/12730"}],"wp:featuredmedia":[{"embeddable":true,"href":"https:\/\/www.ing.uc.cl\/transporte-y-logistica\/wp-json\/wp\/v2\/media\/12726"}],"wp:attachment":[{"href":"https:\/\/www.ing.uc.cl\/transporte-y-logistica\/wp-json\/wp\/v2\/media?parent=12724"}],"wp:term":[{"taxonomy":"category","embeddable":true,"href":"https:\/\/www.ing.uc.cl\/transporte-y-logistica\/wp-json\/wp\/v2\/categories?post=12724"},{"taxonomy":"post_tag","embeddable":true,"href":"https:\/\/www.ing.uc.cl\/transporte-y-logistica\/wp-json\/wp\/v2\/tags?post=12724"}],"curies":[{"name":"wp","href":"https:\/\/api.w.org\/{rel}","templated":true}]}}