{"id":12755,"date":"2024-12-10T12:02:55","date_gmt":"2024-12-10T15:02:55","guid":{"rendered":"https:\/\/www.ing.uc.cl\/transporte-y-logistica\/?p=12755"},"modified":"2024-12-13T12:05:48","modified_gmt":"2024-12-13T15:05:48","slug":"academicos-del-ditl-participan-en-seminario-infra-chile-2024-logistica","status":"publish","type":"post","link":"https:\/\/www.ing.uc.cl\/transporte-y-logistica\/academicos-del-ditl-participan-en-seminario-infra-chile-2024-logistica\/","title":{"rendered":"Acad\u00e9micos del DITL participan en seminario Infra Chile 2024 Log\u00edstica"},"content":{"rendered":"\t\t<div data-elementor-type=\"wp-post\" data-elementor-id=\"12755\" class=\"elementor elementor-12755\">\n\t\t\t\t\t\t<section class=\"elementor-section elementor-top-section elementor-element elementor-element-4d7e3233 elementor-section-boxed elementor-section-height-default elementor-section-height-default\" data-id=\"4d7e3233\" data-element_type=\"section\" data-e-type=\"section\">\n\t\t\t\t\t\t<div class=\"elementor-container elementor-column-gap-default\">\n\t\t\t\t\t<div class=\"elementor-column elementor-col-100 elementor-top-column elementor-element elementor-element-5a8c5078\" data-id=\"5a8c5078\" data-element_type=\"column\" data-e-type=\"column\">\n\t\t\t<div class=\"elementor-widget-wrap elementor-element-populated\">\n\t\t\t\t\t\t<div class=\"elementor-element elementor-element-b7ea3e0 elementor-widget elementor-widget-text-editor\" data-id=\"b7ea3e0\" data-element_type=\"widget\" data-e-type=\"widget\" data-widget_type=\"text-editor.default\">\n\t\t\t\t<div class=\"elementor-widget-container\">\n\t\t\t\t\t\t\t\t\t<div class=\"x_x_elementToProof\" data-olk-copy-source=\"MessageBody\">El pasado 6 de diciembre, los acad\u00e9micos\u00a0<b>Camila Balbontin, Ricardo Giesen, Homero Larrain<\/b>\u00a0y\u00a0<b>Mathias Klapp<\/b>\u00a0participaron en el seminario<b>\u00a0Infra Chile 2024 Log\u00edstica<\/b>, un evento clave en el \u00e1mbito del transporte y la infraestructura log\u00edstica en Chile. Adem\u00e1s, el seminario cont\u00f3 con la participaci\u00f3n de nuestro profesor y actual Ministro de Transportes y Telecomunicaciones,\u00a0<b>Juan Carlos Mu\u00f1oz<\/b>, y nuestra exalumna\u00a0<b>Mabel Leva<\/b>, quien actualmente se desempe\u00f1a como directora ejecutiva de Conecta Log\u00edstica.<\/div><div data-olk-copy-source=\"MessageBody\">\u00a0<\/div><p>Organizado por el Consejo de Pol\u00edticas de Infraestructura (CPI), el Ministerio de Transportes y Telecomunicaciones (MTT), el Ministerio de Obras P\u00fablicas (MOP) y Conecta Log\u00edstica, este evento reuni\u00f3 a m\u00e1s de 500 asistentes, incluyendo representantes del sector p\u00fablico y privado, acad\u00e9micos, y autoridades nacionales. Bajo el lema\u00a0<i>\u00abInfraestructura para una log\u00edstica sustentable al 2050\u00bb<\/i>,\u00a0se abord\u00f3 la necesidad de aumentar las inversiones en infraestructura log\u00edstica de manera de potenciar la econom\u00eda, impulsada por el comercio exterior.<\/p><p><span data-olk-copy-source=\"MessageBody\">Durante el evento, el ministro Juan Carlos Mu\u00f1oz destac\u00f3 la importancia de una log\u00edstica colaborativa que asegure un funcionamiento portuario eficiente, fluido y seguro. Subray\u00f3, adem\u00e1s, la necesidad de reducir costos mediante colaboraci\u00f3n p\u00fablico-privada y planificaci\u00f3n a largo plazo<\/span>.<\/p><div><div><span data-olk-copy-source=\"MessageBody\">La participaci\u00f3n activa de nuestros acad\u00e9micos en este evento reafirma el compromiso del DITL con la generaci\u00f3n de conocimiento que contribuya al desarrollo del transporte y la log\u00edstica en Chile y el mundo.<\/span><\/div><\/div><div>\u00a0<\/div><div><p><a href=\"https:\/\/www.ing.uc.cl\/transporte-y-logistica\/wp-content\/uploads\/2024\/12\/WhatsApp-Image-2024-12-04-at-11.47.06.jpeg\"><img fetchpriority=\"high\" decoding=\"async\" class=\"aligncenter wp-image-12757 size-large\" src=\"https:\/\/www.ing.uc.cl\/transporte-y-logistica\/wp-content\/uploads\/2024\/12\/WhatsApp-Image-2024-12-04-at-11.47.06-768x1024.jpeg\" alt=\"\" width=\"720\" height=\"960\" srcset=\"https:\/\/www.ing.uc.cl\/transporte-y-logistica\/wp-content\/uploads\/2024\/12\/WhatsApp-Image-2024-12-04-at-11.47.06-768x1024.jpeg 768w, https:\/\/www.ing.uc.cl\/transporte-y-logistica\/wp-content\/uploads\/2024\/12\/WhatsApp-Image-2024-12-04-at-11.47.06-225x300.jpeg 225w, https:\/\/www.ing.uc.cl\/transporte-y-logistica\/wp-content\/uploads\/2024\/12\/WhatsApp-Image-2024-12-04-at-11.47.06-400x533.jpeg 400w, https:\/\/www.ing.uc.cl\/transporte-y-logistica\/wp-content\/uploads\/2024\/12\/WhatsApp-Image-2024-12-04-at-11.47.06.jpeg 960w\" sizes=\"(max-width: 720px) 100vw, 720px\" \/><\/a><\/p><\/div>\t\t\t\t\t\t\t\t<\/div>\n\t\t\t\t<\/div>\n\t\t\t\t\t<\/div>\n\t\t<\/div>\n\t\t\t\t\t<\/div>\n\t\t<\/section>\n\t\t\t\t<section class=\"elementor-section elementor-top-section elementor-element elementor-element-667a9b2 elementor-section-boxed elementor-section-height-default elementor-section-height-default\" data-id=\"667a9b2\" data-element_type=\"section\" data-e-type=\"section\">\n\t\t\t\t\t\t<div class=\"elementor-container elementor-column-gap-default\">\n\t\t\t\t\t<div class=\"elementor-column elementor-col-100 elementor-top-column elementor-element elementor-element-b2e6c75\" data-id=\"b2e6c75\" data-element_type=\"column\" data-e-type=\"column\">\n\t\t\t<div class=\"elementor-widget-wrap\">\n\t\t\t\t\t\t\t<\/div>\n\t\t<\/div>\n\t\t\t\t\t<\/div>\n\t\t<\/section>\n\t\t\t\t<section class=\"elementor-section elementor-top-section elementor-element elementor-element-ecc1b8a elementor-section-boxed elementor-section-height-default elementor-section-height-default\" data-id=\"ecc1b8a\" data-element_type=\"section\" data-e-type=\"section\">\n\t\t\t\t\t\t<div class=\"elementor-container elementor-column-gap-default\">\n\t\t\t\t\t<div class=\"elementor-column elementor-col-100 elementor-top-column elementor-element elementor-element-683397d\" data-id=\"683397d\" data-element_type=\"column\" data-e-type=\"column\">\n\t\t\t<div class=\"elementor-widget-wrap elementor-element-populated\">\n\t\t\t\t\t\t<section class=\"elementor-section elementor-inner-section elementor-element elementor-element-6d01df3 elementor-section-boxed elementor-section-height-default elementor-section-height-default\" data-id=\"6d01df3\" data-element_type=\"section\" data-e-type=\"section\">\n\t\t\t\t\t\t<div class=\"elementor-container elementor-column-gap-default\">\n\t\t\t\t\t<div class=\"elementor-column elementor-col-50 elementor-inner-column elementor-element elementor-element-f969001\" data-id=\"f969001\" data-element_type=\"column\" data-e-type=\"column\">\n\t\t\t<div class=\"elementor-widget-wrap\">\n\t\t\t\t\t\t\t<\/div>\n\t\t<\/div>\n\t\t\t\t<div class=\"elementor-column elementor-col-50 elementor-inner-column elementor-element elementor-element-6dcca46\" data-id=\"6dcca46\" data-element_type=\"column\" data-e-type=\"column\">\n\t\t\t<div class=\"elementor-widget-wrap\">\n\t\t\t\t\t\t\t<\/div>\n\t\t<\/div>\n\t\t\t\t\t<\/div>\n\t\t<\/section>\n\t\t\t\t\t<\/div>\n\t\t<\/div>\n\t\t\t\t\t<\/div>\n\t\t<\/section>\n\t\t\t\t<\/div>\n\t\t","protected":false},"excerpt":{"rendered":"<p><\/p>\n<p><img src=https:\/\/www.ing.uc.cl\/transporte-y-logistica\/wp-content\/uploads\/2024\/12\/WhatsApp-Image-2024-12-04-at-11.47.06-768x1024.jpeg\"> Acad\u00e9micos del DITL participan en seminario Infra Chile 2024 Log\u00edstica\u00bb<\/p>\n","protected":false},"author":8,"featured_media":12757,"comment_status":"closed","ping_status":"closed","sticky":false,"template":"","format":"standard","meta":{"_acf_changed":false,"footnotes":""},"categories":[4],"tags":[],"class_list":{"0":"post-12755","1":"post","2":"type-post","3":"status-publish","4":"format-standard","5":"has-post-thumbnail","6":"hentry","7":"category-noticia-destacada","9":"post-with-thumbnail","10":"post-with-thumbnail-large"},"acf":[],"yoast_head":"<!-- This site is optimized with the Yoast SEO plugin v27.5 - https:\/\/yoast.com\/product\/yoast-seo-wordpress\/ -->\n<title>Acad\u00e9micos del DITL participan en seminario Infra Chile 2024 Log\u00edstica - Departamento de Ingenier\u00eda de Transporte y Log\u00edstica<\/title>\n<meta name=\"robots\" content=\"index, follow, max-snippet:-1, max-image-preview:large, max-video-preview:-1\" \/>\n<link rel=\"canonical\" href=\"https:\/\/www.ing.uc.cl\/transporte-y-logistica\/academicos-del-ditl-participan-en-seminario-infra-chile-2024-logistica\/\" \/>\n<meta property=\"og:locale\" content=\"es_ES\" \/>\n<meta property=\"og:type\" content=\"article\" \/>\n<meta property=\"og:title\" content=\"Acad\u00e9micos del DITL participan en seminario Infra Chile 2024 Log\u00edstica - Departamento de Ingenier\u00eda de Transporte y Log\u00edstica\" \/>\n<meta property=\"og:url\" content=\"https:\/\/www.ing.uc.cl\/transporte-y-logistica\/academicos-del-ditl-participan-en-seminario-infra-chile-2024-logistica\/\" \/>\n<meta property=\"og:site_name\" content=\"Departamento de Ingenier\u00eda de Transporte y Log\u00edstica\" \/>\n<meta property=\"article:published_time\" content=\"2024-12-10T15:02:55+00:00\" \/>\n<meta property=\"article:modified_time\" content=\"2024-12-13T15:05:48+00:00\" \/>\n<meta property=\"og:image\" content=\"https:\/\/www.ing.uc.cl\/transporte-y-logistica\/wp-content\/uploads\/2024\/12\/WhatsApp-Image-2024-12-04-at-11.47.06.jpeg\" \/>\n\t<meta property=\"og:image:width\" content=\"960\" \/>\n\t<meta property=\"og:image:height\" content=\"1280\" \/>\n\t<meta property=\"og:image:type\" content=\"image\/jpeg\" \/>\n<meta name=\"author\" content=\"Keyra Tiape\" \/>\n<meta name=\"twitter:card\" content=\"summary_large_image\" \/>\n<meta name=\"twitter:label1\" content=\"Escrito por\" \/>\n\t<meta name=\"twitter:data1\" content=\"Keyra Tiape\" \/>\n\t<meta name=\"twitter:label2\" content=\"Tiempo de lectura\" \/>\n\t<meta name=\"twitter:data2\" content=\"2 minutos\" \/>\n<script type=\"application\/ld+json\" class=\"yoast-schema-graph\">{\"@context\":\"https:\\\/\\\/schema.org\",\"@graph\":[{\"@type\":\"Article\",\"@id\":\"https:\\\/\\\/www.ing.uc.cl\\\/transporte-y-logistica\\\/academicos-del-ditl-participan-en-seminario-infra-chile-2024-logistica\\\/#article\",\"isPartOf\":{\"@id\":\"https:\\\/\\\/www.ing.uc.cl\\\/transporte-y-logistica\\\/academicos-del-ditl-participan-en-seminario-infra-chile-2024-logistica\\\/\"},\"author\":{\"name\":\"Keyra Tiape\",\"@id\":\"https:\\\/\\\/www.ing.uc.cl\\\/transporte-y-logistica\\\/#\\\/schema\\\/person\\\/18b5c75a93aca6dfe42b216977b110a2\"},\"headline\":\"Acad\u00e9micos del DITL participan en seminario Infra Chile 2024 Log\u00edstica\",\"datePublished\":\"2024-12-10T15:02:55+00:00\",\"dateModified\":\"2024-12-13T15:05:48+00:00\",\"mainEntityOfPage\":{\"@id\":\"https:\\\/\\\/www.ing.uc.cl\\\/transporte-y-logistica\\\/academicos-del-ditl-participan-en-seminario-infra-chile-2024-logistica\\\/\"},\"wordCount\":255,\"image\":{\"@id\":\"https:\\\/\\\/www.ing.uc.cl\\\/transporte-y-logistica\\\/academicos-del-ditl-participan-en-seminario-infra-chile-2024-logistica\\\/#primaryimage\"},\"thumbnailUrl\":\"https:\\\/\\\/www.ing.uc.cl\\\/transporte-y-logistica\\\/wp-content\\\/uploads\\\/2024\\\/12\\\/WhatsApp-Image-2024-12-04-at-11.47.06.jpeg\",\"articleSection\":[\"Noticia Destacada\"],\"inLanguage\":\"es\"},{\"@type\":\"WebPage\",\"@id\":\"https:\\\/\\\/www.ing.uc.cl\\\/transporte-y-logistica\\\/academicos-del-ditl-participan-en-seminario-infra-chile-2024-logistica\\\/\",\"url\":\"https:\\\/\\\/www.ing.uc.cl\\\/transporte-y-logistica\\\/academicos-del-ditl-participan-en-seminario-infra-chile-2024-logistica\\\/\",\"name\":\"Acad\u00e9micos del DITL participan en seminario Infra Chile 2024 Log\u00edstica - Departamento de Ingenier\u00eda de Transporte y Log\u00edstica\",\"isPartOf\":{\"@id\":\"https:\\\/\\\/www.ing.uc.cl\\\/transporte-y-logistica\\\/#website\"},\"primaryImageOfPage\":{\"@id\":\"https:\\\/\\\/www.ing.uc.cl\\\/transporte-y-logistica\\\/academicos-del-ditl-participan-en-seminario-infra-chile-2024-logistica\\\/#primaryimage\"},\"image\":{\"@id\":\"https:\\\/\\\/www.ing.uc.cl\\\/transporte-y-logistica\\\/academicos-del-ditl-participan-en-seminario-infra-chile-2024-logistica\\\/#primaryimage\"},\"thumbnailUrl\":\"https:\\\/\\\/www.ing.uc.cl\\\/transporte-y-logistica\\\/wp-content\\\/uploads\\\/2024\\\/12\\\/WhatsApp-Image-2024-12-04-at-11.47.06.jpeg\",\"datePublished\":\"2024-12-10T15:02:55+00:00\",\"dateModified\":\"2024-12-13T15:05:48+00:00\",\"author\":{\"@id\":\"https:\\\/\\\/www.ing.uc.cl\\\/transporte-y-logistica\\\/#\\\/schema\\\/person\\\/18b5c75a93aca6dfe42b216977b110a2\"},\"breadcrumb\":{\"@id\":\"https:\\\/\\\/www.ing.uc.cl\\\/transporte-y-logistica\\\/academicos-del-ditl-participan-en-seminario-infra-chile-2024-logistica\\\/#breadcrumb\"},\"inLanguage\":\"es\",\"potentialAction\":[{\"@type\":\"ReadAction\",\"target\":[\"https:\\\/\\\/www.ing.uc.cl\\\/transporte-y-logistica\\\/academicos-del-ditl-participan-en-seminario-infra-chile-2024-logistica\\\/\"]}]},{\"@type\":\"ImageObject\",\"inLanguage\":\"es\",\"@id\":\"https:\\\/\\\/www.ing.uc.cl\\\/transporte-y-logistica\\\/academicos-del-ditl-participan-en-seminario-infra-chile-2024-logistica\\\/#primaryimage\",\"url\":\"https:\\\/\\\/www.ing.uc.cl\\\/transporte-y-logistica\\\/wp-content\\\/uploads\\\/2024\\\/12\\\/WhatsApp-Image-2024-12-04-at-11.47.06.jpeg\",\"contentUrl\":\"https:\\\/\\\/www.ing.uc.cl\\\/transporte-y-logistica\\\/wp-content\\\/uploads\\\/2024\\\/12\\\/WhatsApp-Image-2024-12-04-at-11.47.06.jpeg\",\"width\":960,\"height\":1280},{\"@type\":\"BreadcrumbList\",\"@id\":\"https:\\\/\\\/www.ing.uc.cl\\\/transporte-y-logistica\\\/academicos-del-ditl-participan-en-seminario-infra-chile-2024-logistica\\\/#breadcrumb\",\"itemListElement\":[{\"@type\":\"ListItem\",\"position\":1,\"name\":\"Portada\",\"item\":\"https:\\\/\\\/www.ing.uc.cl\\\/transporte-y-logistica\\\/\"},{\"@type\":\"ListItem\",\"position\":2,\"name\":\"Acad\u00e9micos del DITL participan en seminario Infra Chile 2024 Log\u00edstica\"}]},{\"@type\":\"WebSite\",\"@id\":\"https:\\\/\\\/www.ing.uc.cl\\\/transporte-y-logistica\\\/#website\",\"url\":\"https:\\\/\\\/www.ing.uc.cl\\\/transporte-y-logistica\\\/\",\"name\":\"Departamento de Ingenier\u00eda de Transporte y Log\u00edstica\",\"description\":\"DITL\",\"potentialAction\":[{\"@type\":\"SearchAction\",\"target\":{\"@type\":\"EntryPoint\",\"urlTemplate\":\"https:\\\/\\\/www.ing.uc.cl\\\/transporte-y-logistica\\\/?s={search_term_string}\"},\"query-input\":{\"@type\":\"PropertyValueSpecification\",\"valueRequired\":true,\"valueName\":\"search_term_string\"}}],\"inLanguage\":\"es\"},{\"@type\":\"Person\",\"@id\":\"https:\\\/\\\/www.ing.uc.cl\\\/transporte-y-logistica\\\/#\\\/schema\\\/person\\\/18b5c75a93aca6dfe42b216977b110a2\",\"name\":\"Keyra Tiape\",\"image\":{\"@type\":\"ImageObject\",\"inLanguage\":\"es\",\"@id\":\"https:\\\/\\\/secure.gravatar.com\\\/avatar\\\/b9c60b714a61c8b70e7cf40e0d582f280e9f385ad6edd0c4704b97f5749bd36e?s=96&d=mm&r=g\",\"url\":\"https:\\\/\\\/secure.gravatar.com\\\/avatar\\\/b9c60b714a61c8b70e7cf40e0d582f280e9f385ad6edd0c4704b97f5749bd36e?s=96&d=mm&r=g\",\"contentUrl\":\"https:\\\/\\\/secure.gravatar.com\\\/avatar\\\/b9c60b714a61c8b70e7cf40e0d582f280e9f385ad6edd0c4704b97f5749bd36e?s=96&d=mm&r=g\",\"caption\":\"Keyra Tiape\"},\"url\":\"https:\\\/\\\/www.ing.uc.cl\\\/transporte-y-logistica\\\/author\\\/ktiape\\\/\"}]}<\/script>\n<!-- \/ Yoast SEO plugin. -->","yoast_head_json":{"title":"Acad\u00e9micos del DITL participan en seminario Infra Chile 2024 Log\u00edstica - Departamento de Ingenier\u00eda de Transporte y Log\u00edstica","robots":{"index":"index","follow":"follow","max-snippet":"max-snippet:-1","max-image-preview":"max-image-preview:large","max-video-preview":"max-video-preview:-1"},"canonical":"https:\/\/www.ing.uc.cl\/transporte-y-logistica\/academicos-del-ditl-participan-en-seminario-infra-chile-2024-logistica\/","og_locale":"es_ES","og_type":"article","og_title":"Acad\u00e9micos del DITL participan en seminario Infra Chile 2024 Log\u00edstica - Departamento de Ingenier\u00eda de Transporte y Log\u00edstica","og_url":"https:\/\/www.ing.uc.cl\/transporte-y-logistica\/academicos-del-ditl-participan-en-seminario-infra-chile-2024-logistica\/","og_site_name":"Departamento de Ingenier\u00eda de Transporte y Log\u00edstica","article_published_time":"2024-12-10T15:02:55+00:00","article_modified_time":"2024-12-13T15:05:48+00:00","og_image":[{"width":960,"height":1280,"url":"https:\/\/www.ing.uc.cl\/transporte-y-logistica\/wp-content\/uploads\/2024\/12\/WhatsApp-Image-2024-12-04-at-11.47.06.jpeg","type":"image\/jpeg"}],"author":"Keyra Tiape","twitter_card":"summary_large_image","twitter_misc":{"Escrito por":"Keyra Tiape","Tiempo de lectura":"2 minutos"},"schema":{"@context":"https:\/\/schema.org","@graph":[{"@type":"Article","@id":"https:\/\/www.ing.uc.cl\/transporte-y-logistica\/academicos-del-ditl-participan-en-seminario-infra-chile-2024-logistica\/#article","isPartOf":{"@id":"https:\/\/www.ing.uc.cl\/transporte-y-logistica\/academicos-del-ditl-participan-en-seminario-infra-chile-2024-logistica\/"},"author":{"name":"Keyra Tiape","@id":"https:\/\/www.ing.uc.cl\/transporte-y-logistica\/#\/schema\/person\/18b5c75a93aca6dfe42b216977b110a2"},"headline":"Acad\u00e9micos del DITL participan en seminario Infra Chile 2024 Log\u00edstica","datePublished":"2024-12-10T15:02:55+00:00","dateModified":"2024-12-13T15:05:48+00:00","mainEntityOfPage":{"@id":"https:\/\/www.ing.uc.cl\/transporte-y-logistica\/academicos-del-ditl-participan-en-seminario-infra-chile-2024-logistica\/"},"wordCount":255,"image":{"@id":"https:\/\/www.ing.uc.cl\/transporte-y-logistica\/academicos-del-ditl-participan-en-seminario-infra-chile-2024-logistica\/#primaryimage"},"thumbnailUrl":"https:\/\/www.ing.uc.cl\/transporte-y-logistica\/wp-content\/uploads\/2024\/12\/WhatsApp-Image-2024-12-04-at-11.47.06.jpeg","articleSection":["Noticia Destacada"],"inLanguage":"es"},{"@type":"WebPage","@id":"https:\/\/www.ing.uc.cl\/transporte-y-logistica\/academicos-del-ditl-participan-en-seminario-infra-chile-2024-logistica\/","url":"https:\/\/www.ing.uc.cl\/transporte-y-logistica\/academicos-del-ditl-participan-en-seminario-infra-chile-2024-logistica\/","name":"Acad\u00e9micos del DITL participan en seminario Infra Chile 2024 Log\u00edstica - Departamento de Ingenier\u00eda de Transporte y Log\u00edstica","isPartOf":{"@id":"https:\/\/www.ing.uc.cl\/transporte-y-logistica\/#website"},"primaryImageOfPage":{"@id":"https:\/\/www.ing.uc.cl\/transporte-y-logistica\/academicos-del-ditl-participan-en-seminario-infra-chile-2024-logistica\/#primaryimage"},"image":{"@id":"https:\/\/www.ing.uc.cl\/transporte-y-logistica\/academicos-del-ditl-participan-en-seminario-infra-chile-2024-logistica\/#primaryimage"},"thumbnailUrl":"https:\/\/www.ing.uc.cl\/transporte-y-logistica\/wp-content\/uploads\/2024\/12\/WhatsApp-Image-2024-12-04-at-11.47.06.jpeg","datePublished":"2024-12-10T15:02:55+00:00","dateModified":"2024-12-13T15:05:48+00:00","author":{"@id":"https:\/\/www.ing.uc.cl\/transporte-y-logistica\/#\/schema\/person\/18b5c75a93aca6dfe42b216977b110a2"},"breadcrumb":{"@id":"https:\/\/www.ing.uc.cl\/transporte-y-logistica\/academicos-del-ditl-participan-en-seminario-infra-chile-2024-logistica\/#breadcrumb"},"inLanguage":"es","potentialAction":[{"@type":"ReadAction","target":["https:\/\/www.ing.uc.cl\/transporte-y-logistica\/academicos-del-ditl-participan-en-seminario-infra-chile-2024-logistica\/"]}]},{"@type":"ImageObject","inLanguage":"es","@id":"https:\/\/www.ing.uc.cl\/transporte-y-logistica\/academicos-del-ditl-participan-en-seminario-infra-chile-2024-logistica\/#primaryimage","url":"https:\/\/www.ing.uc.cl\/transporte-y-logistica\/wp-content\/uploads\/2024\/12\/WhatsApp-Image-2024-12-04-at-11.47.06.jpeg","contentUrl":"https:\/\/www.ing.uc.cl\/transporte-y-logistica\/wp-content\/uploads\/2024\/12\/WhatsApp-Image-2024-12-04-at-11.47.06.jpeg","width":960,"height":1280},{"@type":"BreadcrumbList","@id":"https:\/\/www.ing.uc.cl\/transporte-y-logistica\/academicos-del-ditl-participan-en-seminario-infra-chile-2024-logistica\/#breadcrumb","itemListElement":[{"@type":"ListItem","position":1,"name":"Portada","item":"https:\/\/www.ing.uc.cl\/transporte-y-logistica\/"},{"@type":"ListItem","position":2,"name":"Acad\u00e9micos del DITL participan en seminario Infra Chile 2024 Log\u00edstica"}]},{"@type":"WebSite","@id":"https:\/\/www.ing.uc.cl\/transporte-y-logistica\/#website","url":"https:\/\/www.ing.uc.cl\/transporte-y-logistica\/","name":"Departamento de Ingenier\u00eda de Transporte y Log\u00edstica","description":"DITL","potentialAction":[{"@type":"SearchAction","target":{"@type":"EntryPoint","urlTemplate":"https:\/\/www.ing.uc.cl\/transporte-y-logistica\/?s={search_term_string}"},"query-input":{"@type":"PropertyValueSpecification","valueRequired":true,"valueName":"search_term_string"}}],"inLanguage":"es"},{"@type":"Person","@id":"https:\/\/www.ing.uc.cl\/transporte-y-logistica\/#\/schema\/person\/18b5c75a93aca6dfe42b216977b110a2","name":"Keyra Tiape","image":{"@type":"ImageObject","inLanguage":"es","@id":"https:\/\/secure.gravatar.com\/avatar\/b9c60b714a61c8b70e7cf40e0d582f280e9f385ad6edd0c4704b97f5749bd36e?s=96&d=mm&r=g","url":"https:\/\/secure.gravatar.com\/avatar\/b9c60b714a61c8b70e7cf40e0d582f280e9f385ad6edd0c4704b97f5749bd36e?s=96&d=mm&r=g","contentUrl":"https:\/\/secure.gravatar.com\/avatar\/b9c60b714a61c8b70e7cf40e0d582f280e9f385ad6edd0c4704b97f5749bd36e?s=96&d=mm&r=g","caption":"Keyra Tiape"},"url":"https:\/\/www.ing.uc.cl\/transporte-y-logistica\/author\/ktiape\/"}]}},"_links":{"self":[{"href":"https:\/\/www.ing.uc.cl\/transporte-y-logistica\/wp-json\/wp\/v2\/posts\/12755","targetHints":{"allow":["GET"]}}],"collection":[{"href":"https:\/\/www.ing.uc.cl\/transporte-y-logistica\/wp-json\/wp\/v2\/posts"}],"about":[{"href":"https:\/\/www.ing.uc.cl\/transporte-y-logistica\/wp-json\/wp\/v2\/types\/post"}],"author":[{"embeddable":true,"href":"https:\/\/www.ing.uc.cl\/transporte-y-logistica\/wp-json\/wp\/v2\/users\/8"}],"replies":[{"embeddable":true,"href":"https:\/\/www.ing.uc.cl\/transporte-y-logistica\/wp-json\/wp\/v2\/comments?post=12755"}],"version-history":[{"count":8,"href":"https:\/\/www.ing.uc.cl\/transporte-y-logistica\/wp-json\/wp\/v2\/posts\/12755\/revisions"}],"predecessor-version":[{"id":12764,"href":"https:\/\/www.ing.uc.cl\/transporte-y-logistica\/wp-json\/wp\/v2\/posts\/12755\/revisions\/12764"}],"wp:featuredmedia":[{"embeddable":true,"href":"https:\/\/www.ing.uc.cl\/transporte-y-logistica\/wp-json\/wp\/v2\/media\/12757"}],"wp:attachment":[{"href":"https:\/\/www.ing.uc.cl\/transporte-y-logistica\/wp-json\/wp\/v2\/media?parent=12755"}],"wp:term":[{"taxonomy":"category","embeddable":true,"href":"https:\/\/www.ing.uc.cl\/transporte-y-logistica\/wp-json\/wp\/v2\/categories?post=12755"},{"taxonomy":"post_tag","embeddable":true,"href":"https:\/\/www.ing.uc.cl\/transporte-y-logistica\/wp-json\/wp\/v2\/tags?post=12755"}],"curies":[{"name":"wp","href":"https:\/\/api.w.org\/{rel}","templated":true}]}}