{"id":12920,"date":"2025-03-21T17:40:00","date_gmt":"2025-03-21T20:40:00","guid":{"rendered":"https:\/\/www.ing.uc.cl\/transporte-y-logistica\/?p=12920"},"modified":"2025-04-25T16:27:57","modified_gmt":"2025-04-25T19:27:57","slug":"comunidad-del-ditl-se-reune-para-dar-inicio-al-ano-academico-2025","status":"publish","type":"post","link":"https:\/\/www.ing.uc.cl\/transporte-y-logistica\/comunidad-del-ditl-se-reune-para-dar-inicio-al-ano-academico-2025\/","title":{"rendered":"Comunidad del DITL se re\u00fane para dar inicio al A\u00f1o Acad\u00e9mico 2025"},"content":{"rendered":"\t\t<div data-elementor-type=\"wp-post\" data-elementor-id=\"12920\" class=\"elementor elementor-12920\">\n\t\t\t\t\t\t<section class=\"elementor-section elementor-top-section elementor-element elementor-element-2ca50cf0 elementor-section-boxed elementor-section-height-default elementor-section-height-default\" data-id=\"2ca50cf0\" data-element_type=\"section\" data-e-type=\"section\">\n\t\t\t\t\t\t<div class=\"elementor-container elementor-column-gap-default\">\n\t\t\t\t\t<div class=\"elementor-column elementor-col-100 elementor-top-column elementor-element elementor-element-234b9da7\" data-id=\"234b9da7\" data-element_type=\"column\" data-e-type=\"column\">\n\t\t\t<div class=\"elementor-widget-wrap elementor-element-populated\">\n\t\t\t\t\t\t<div class=\"elementor-element elementor-element-636c2779 elementor-widget elementor-widget-text-editor\" data-id=\"636c2779\" data-element_type=\"widget\" data-e-type=\"widget\" data-widget_type=\"text-editor.default\">\n\t\t\t\t<div class=\"elementor-widget-container\">\n\t\t\t\t\t\t\t\t\t<h5>\u00a0<\/h5><h4><strong>El pasado lunes 31 de marzo, a las 13:40 hrs, se realiz\u00f3 en el Auditorio San Agust\u00edn de la Escuela de Ingenier\u00eda nuestro tradicional\u00a0<b><span class=\"markrjbmhhjax\" data-markjs=\"true\" data-ogac=\"\" data-ogab=\"\" data-ogsc=\"\" data-ogsb=\"\">Lanzamiento<\/span>\u00a0del A\u00f1o Acad\u00e9mico<\/b> para este 2025.<\/strong><\/h4><div><span style=\"color: #ffffff;\">.<\/span><\/div><div><p><span data-olk-copy-source=\"MessageBody\">El evento fue encabezado por el director del departamento, profesor Felipe Delgado, quien dio la bienvenida a los asistentes y comparti\u00f3 palabras de motivaci\u00f3n para este nuevo ciclo acad\u00e9mico. En la ocasi\u00f3n, se reunieron cerca de 50 personas, incluyendo acad\u00e9micos, estudiantes de pregrado y postgrado<\/span>.<\/p><p>Durante la instancia, el profesor Delgado realiz\u00f3 adem\u00e1s el\u00a0<span class=\"markrjbmhhjax\" data-markjs=\"true\" data-ogac=\"\" data-ogab=\"\" data-ogsc=\"\" data-ogsb=\"\">lanzamiento<\/span>\u00a0oficial de nuestra\u00a0<b><a id=\"OWAb5e882c7-8172-76a0-aadd-ac54912c5631\" class=\"x_OWAAutoLink\" title=\"https:\/\/drive.google.com\/file\/d\/1AOwQ7LcD7NOtMG3n_pUwF9Pj3koaURN0\/view\" href=\"https:\/\/drive.google.com\/file\/d\/1AOwQ7LcD7NOtMG3n_pUwF9Pj3koaURN0\/view\" data-auth=\"NotApplicable\" data-linkindex=\"0\">Memoria Anual 2024<\/a><\/b>, documento que re\u00fane las principales actividades desarrolladas por el departamento durante el a\u00f1o pasado. Esta publicaci\u00f3n da cuenta del quehacer acad\u00e9mico y profesional del DITL, incluyendo publicaciones cient\u00edficas, participaci\u00f3n en conferencias nacionales e internacionales, incorporaci\u00f3n de nuevos estudiantes de postgrado y una completa recopilaci\u00f3n de cifras y logros alcanzados durante 2024.<\/p><p><a href=\"https:\/\/www.ing.uc.cl\/transporte-y-logistica\/wp-content\/uploads\/2025\/04\/IMG_9974-scaled.jpg\"><img fetchpriority=\"high\" decoding=\"async\" class=\"aligncenter wp-image-12923 size-large\" src=\"https:\/\/www.ing.uc.cl\/transporte-y-logistica\/wp-content\/uploads\/2025\/04\/IMG_9974-1024x768.jpg\" alt=\"\" width=\"720\" height=\"540\" srcset=\"https:\/\/www.ing.uc.cl\/transporte-y-logistica\/wp-content\/uploads\/2025\/04\/IMG_9974-1024x768.jpg 1024w, https:\/\/www.ing.uc.cl\/transporte-y-logistica\/wp-content\/uploads\/2025\/04\/IMG_9974-300x225.jpg 300w, https:\/\/www.ing.uc.cl\/transporte-y-logistica\/wp-content\/uploads\/2025\/04\/IMG_9974-768x576.jpg 768w, https:\/\/www.ing.uc.cl\/transporte-y-logistica\/wp-content\/uploads\/2025\/04\/IMG_9974-1536x1152.jpg 1536w, https:\/\/www.ing.uc.cl\/transporte-y-logistica\/wp-content\/uploads\/2025\/04\/IMG_9974-2048x1536.jpg 2048w, https:\/\/www.ing.uc.cl\/transporte-y-logistica\/wp-content\/uploads\/2025\/04\/IMG_9974-400x300.jpg 400w\" sizes=\"(max-width: 720px) 100vw, 720px\" \/><\/a><\/p><p><span style=\"color: #ffffff;\">.<\/span><\/p><p>El evento cont\u00f3 tambi\u00e9n con la participaci\u00f3n especial del profesor\u00a0<b>Andr\u00e9s G\u00f3mez-Lobos<\/b>, acad\u00e9mico de la Facultad de Econom\u00eda y Negocios de la Universidad de Chile y exministro de Transportes y Telecomunicaciones, quien comparti\u00f3 una inspiradora reflexi\u00f3n sobre su trayectoria profesional y sus expectativas para la nueva generaci\u00f3n de ingenieros e ingenieras de transporte.<\/p><p><a href=\"https:\/\/www.ing.uc.cl\/transporte-y-logistica\/wp-content\/uploads\/2025\/04\/IMG_9978-scaled.jpg\"><img decoding=\"async\" class=\"aligncenter wp-image-12922 size-large\" src=\"https:\/\/www.ing.uc.cl\/transporte-y-logistica\/wp-content\/uploads\/2025\/04\/IMG_9978-1024x768.jpg\" alt=\"\" width=\"720\" height=\"540\" srcset=\"https:\/\/www.ing.uc.cl\/transporte-y-logistica\/wp-content\/uploads\/2025\/04\/IMG_9978-1024x768.jpg 1024w, https:\/\/www.ing.uc.cl\/transporte-y-logistica\/wp-content\/uploads\/2025\/04\/IMG_9978-300x225.jpg 300w, https:\/\/www.ing.uc.cl\/transporte-y-logistica\/wp-content\/uploads\/2025\/04\/IMG_9978-768x576.jpg 768w, https:\/\/www.ing.uc.cl\/transporte-y-logistica\/wp-content\/uploads\/2025\/04\/IMG_9978-1536x1152.jpg 1536w, https:\/\/www.ing.uc.cl\/transporte-y-logistica\/wp-content\/uploads\/2025\/04\/IMG_9978-2048x1536.jpg 2048w, https:\/\/www.ing.uc.cl\/transporte-y-logistica\/wp-content\/uploads\/2025\/04\/IMG_9978-400x300.jpg 400w\" sizes=\"(max-width: 720px) 100vw, 720px\" \/><\/a><\/p><p><span data-olk-copy-source=\"MessageBody\">Con este significativo encuentro, el DITL da la partida oficial a un nuevo ciclo acad\u00e9mico. \u00a1Le deseamos a toda nuestra comunidad un excelente a\u00f1o acad\u00e9mico 2025!<\/span><\/p><\/div>\t\t\t\t\t\t\t\t<\/div>\n\t\t\t\t<\/div>\n\t\t\t\t\t<\/div>\n\t\t<\/div>\n\t\t\t\t\t<\/div>\n\t\t<\/section>\n\t\t\t\t<\/div>\n\t\t","protected":false},"excerpt":{"rendered":"<p><\/p>\n<p><img src=https:\/\/www.ing.uc.cl\/transporte-y-logistica\/wp-content\/uploads\/2025\/04\/IMG_9974-1024x768.jpg\" style=\"all: unset;margin-top:0px; width: 60px; float:left; display: inline;margin-right:9px\"> Comunidad del DITL se re\u00fane para dar inicio al A\u00f1o Acad\u00e9mico 2025.<\/p>\n","protected":false},"author":8,"featured_media":12923,"comment_status":"closed","ping_status":"closed","sticky":false,"template":"","format":"standard","meta":{"_acf_changed":false,"footnotes":""},"categories":[4],"tags":[],"class_list":{"0":"post-12920","1":"post","2":"type-post","3":"status-publish","4":"format-standard","5":"has-post-thumbnail","6":"hentry","7":"category-noticia-destacada","9":"post-with-thumbnail","10":"post-with-thumbnail-large"},"acf":[],"yoast_head":"<!-- This site is optimized with the Yoast SEO plugin v27.4 - https:\/\/yoast.com\/product\/yoast-seo-wordpress\/ -->\n<title>Comunidad del DITL se re\u00fane para dar inicio al A\u00f1o Acad\u00e9mico 2025 - Departamento de Ingenier\u00eda de Transporte y Log\u00edstica<\/title>\n<meta name=\"robots\" content=\"index, follow, max-snippet:-1, max-image-preview:large, max-video-preview:-1\" \/>\n<link rel=\"canonical\" href=\"https:\/\/www.ing.uc.cl\/transporte-y-logistica\/comunidad-del-ditl-se-reune-para-dar-inicio-al-ano-academico-2025\/\" \/>\n<meta property=\"og:locale\" content=\"es_ES\" \/>\n<meta property=\"og:type\" content=\"article\" \/>\n<meta property=\"og:title\" content=\"Comunidad del DITL se re\u00fane para dar inicio al A\u00f1o Acad\u00e9mico 2025 - Departamento de Ingenier\u00eda de Transporte y Log\u00edstica\" \/>\n<meta property=\"og:url\" content=\"https:\/\/www.ing.uc.cl\/transporte-y-logistica\/comunidad-del-ditl-se-reune-para-dar-inicio-al-ano-academico-2025\/\" \/>\n<meta property=\"og:site_name\" content=\"Departamento de Ingenier\u00eda de Transporte y Log\u00edstica\" \/>\n<meta property=\"article:published_time\" content=\"2025-03-21T20:40:00+00:00\" \/>\n<meta property=\"article:modified_time\" content=\"2025-04-25T19:27:57+00:00\" \/>\n<meta property=\"og:image\" content=\"https:\/\/www.ing.uc.cl\/transporte-y-logistica\/wp-content\/uploads\/2025\/04\/IMG_9974-scaled.jpg\" \/>\n\t<meta property=\"og:image:width\" content=\"2560\" \/>\n\t<meta property=\"og:image:height\" content=\"1920\" \/>\n\t<meta property=\"og:image:type\" content=\"image\/jpeg\" \/>\n<meta name=\"author\" content=\"Keyra Tiape\" \/>\n<meta name=\"twitter:card\" content=\"summary_large_image\" \/>\n<meta name=\"twitter:label1\" content=\"Escrito por\" \/>\n\t<meta name=\"twitter:data1\" content=\"Keyra Tiape\" \/>\n\t<meta name=\"twitter:label2\" content=\"Tiempo de lectura\" \/>\n\t<meta name=\"twitter:data2\" content=\"2 minutos\" \/>\n<script type=\"application\/ld+json\" class=\"yoast-schema-graph\">{\"@context\":\"https:\\\/\\\/schema.org\",\"@graph\":[{\"@type\":\"Article\",\"@id\":\"https:\\\/\\\/www.ing.uc.cl\\\/transporte-y-logistica\\\/comunidad-del-ditl-se-reune-para-dar-inicio-al-ano-academico-2025\\\/#article\",\"isPartOf\":{\"@id\":\"https:\\\/\\\/www.ing.uc.cl\\\/transporte-y-logistica\\\/comunidad-del-ditl-se-reune-para-dar-inicio-al-ano-academico-2025\\\/\"},\"author\":{\"name\":\"Keyra Tiape\",\"@id\":\"https:\\\/\\\/www.ing.uc.cl\\\/transporte-y-logistica\\\/#\\\/schema\\\/person\\\/18b5c75a93aca6dfe42b216977b110a2\"},\"headline\":\"Comunidad del DITL se re\u00fane para dar inicio al A\u00f1o Acad\u00e9mico 2025\",\"datePublished\":\"2025-03-21T20:40:00+00:00\",\"dateModified\":\"2025-04-25T19:27:57+00:00\",\"mainEntityOfPage\":{\"@id\":\"https:\\\/\\\/www.ing.uc.cl\\\/transporte-y-logistica\\\/comunidad-del-ditl-se-reune-para-dar-inicio-al-ano-academico-2025\\\/\"},\"wordCount\":257,\"image\":{\"@id\":\"https:\\\/\\\/www.ing.uc.cl\\\/transporte-y-logistica\\\/comunidad-del-ditl-se-reune-para-dar-inicio-al-ano-academico-2025\\\/#primaryimage\"},\"thumbnailUrl\":\"https:\\\/\\\/www.ing.uc.cl\\\/transporte-y-logistica\\\/wp-content\\\/uploads\\\/2025\\\/04\\\/IMG_9974-scaled.jpg\",\"articleSection\":[\"Noticia Destacada\"],\"inLanguage\":\"es\"},{\"@type\":\"WebPage\",\"@id\":\"https:\\\/\\\/www.ing.uc.cl\\\/transporte-y-logistica\\\/comunidad-del-ditl-se-reune-para-dar-inicio-al-ano-academico-2025\\\/\",\"url\":\"https:\\\/\\\/www.ing.uc.cl\\\/transporte-y-logistica\\\/comunidad-del-ditl-se-reune-para-dar-inicio-al-ano-academico-2025\\\/\",\"name\":\"Comunidad del DITL se re\u00fane para dar inicio al A\u00f1o Acad\u00e9mico 2025 - Departamento de Ingenier\u00eda de Transporte y Log\u00edstica\",\"isPartOf\":{\"@id\":\"https:\\\/\\\/www.ing.uc.cl\\\/transporte-y-logistica\\\/#website\"},\"primaryImageOfPage\":{\"@id\":\"https:\\\/\\\/www.ing.uc.cl\\\/transporte-y-logistica\\\/comunidad-del-ditl-se-reune-para-dar-inicio-al-ano-academico-2025\\\/#primaryimage\"},\"image\":{\"@id\":\"https:\\\/\\\/www.ing.uc.cl\\\/transporte-y-logistica\\\/comunidad-del-ditl-se-reune-para-dar-inicio-al-ano-academico-2025\\\/#primaryimage\"},\"thumbnailUrl\":\"https:\\\/\\\/www.ing.uc.cl\\\/transporte-y-logistica\\\/wp-content\\\/uploads\\\/2025\\\/04\\\/IMG_9974-scaled.jpg\",\"datePublished\":\"2025-03-21T20:40:00+00:00\",\"dateModified\":\"2025-04-25T19:27:57+00:00\",\"author\":{\"@id\":\"https:\\\/\\\/www.ing.uc.cl\\\/transporte-y-logistica\\\/#\\\/schema\\\/person\\\/18b5c75a93aca6dfe42b216977b110a2\"},\"breadcrumb\":{\"@id\":\"https:\\\/\\\/www.ing.uc.cl\\\/transporte-y-logistica\\\/comunidad-del-ditl-se-reune-para-dar-inicio-al-ano-academico-2025\\\/#breadcrumb\"},\"inLanguage\":\"es\",\"potentialAction\":[{\"@type\":\"ReadAction\",\"target\":[\"https:\\\/\\\/www.ing.uc.cl\\\/transporte-y-logistica\\\/comunidad-del-ditl-se-reune-para-dar-inicio-al-ano-academico-2025\\\/\"]}]},{\"@type\":\"ImageObject\",\"inLanguage\":\"es\",\"@id\":\"https:\\\/\\\/www.ing.uc.cl\\\/transporte-y-logistica\\\/comunidad-del-ditl-se-reune-para-dar-inicio-al-ano-academico-2025\\\/#primaryimage\",\"url\":\"https:\\\/\\\/www.ing.uc.cl\\\/transporte-y-logistica\\\/wp-content\\\/uploads\\\/2025\\\/04\\\/IMG_9974-scaled.jpg\",\"contentUrl\":\"https:\\\/\\\/www.ing.uc.cl\\\/transporte-y-logistica\\\/wp-content\\\/uploads\\\/2025\\\/04\\\/IMG_9974-scaled.jpg\",\"width\":2560,\"height\":1920},{\"@type\":\"BreadcrumbList\",\"@id\":\"https:\\\/\\\/www.ing.uc.cl\\\/transporte-y-logistica\\\/comunidad-del-ditl-se-reune-para-dar-inicio-al-ano-academico-2025\\\/#breadcrumb\",\"itemListElement\":[{\"@type\":\"ListItem\",\"position\":1,\"name\":\"Portada\",\"item\":\"https:\\\/\\\/www.ing.uc.cl\\\/transporte-y-logistica\\\/\"},{\"@type\":\"ListItem\",\"position\":2,\"name\":\"Comunidad del DITL se re\u00fane para dar inicio al A\u00f1o Acad\u00e9mico 2025\"}]},{\"@type\":\"WebSite\",\"@id\":\"https:\\\/\\\/www.ing.uc.cl\\\/transporte-y-logistica\\\/#website\",\"url\":\"https:\\\/\\\/www.ing.uc.cl\\\/transporte-y-logistica\\\/\",\"name\":\"Departamento de Ingenier\u00eda de Transporte y Log\u00edstica\",\"description\":\"DITL\",\"potentialAction\":[{\"@type\":\"SearchAction\",\"target\":{\"@type\":\"EntryPoint\",\"urlTemplate\":\"https:\\\/\\\/www.ing.uc.cl\\\/transporte-y-logistica\\\/?s={search_term_string}\"},\"query-input\":{\"@type\":\"PropertyValueSpecification\",\"valueRequired\":true,\"valueName\":\"search_term_string\"}}],\"inLanguage\":\"es\"},{\"@type\":\"Person\",\"@id\":\"https:\\\/\\\/www.ing.uc.cl\\\/transporte-y-logistica\\\/#\\\/schema\\\/person\\\/18b5c75a93aca6dfe42b216977b110a2\",\"name\":\"Keyra Tiape\",\"image\":{\"@type\":\"ImageObject\",\"inLanguage\":\"es\",\"@id\":\"https:\\\/\\\/secure.gravatar.com\\\/avatar\\\/b9c60b714a61c8b70e7cf40e0d582f280e9f385ad6edd0c4704b97f5749bd36e?s=96&d=mm&r=g\",\"url\":\"https:\\\/\\\/secure.gravatar.com\\\/avatar\\\/b9c60b714a61c8b70e7cf40e0d582f280e9f385ad6edd0c4704b97f5749bd36e?s=96&d=mm&r=g\",\"contentUrl\":\"https:\\\/\\\/secure.gravatar.com\\\/avatar\\\/b9c60b714a61c8b70e7cf40e0d582f280e9f385ad6edd0c4704b97f5749bd36e?s=96&d=mm&r=g\",\"caption\":\"Keyra Tiape\"},\"url\":\"https:\\\/\\\/www.ing.uc.cl\\\/transporte-y-logistica\\\/author\\\/ktiape\\\/\"}]}<\/script>\n<!-- \/ Yoast SEO plugin. -->","yoast_head_json":{"title":"Comunidad del DITL se re\u00fane para dar inicio al A\u00f1o Acad\u00e9mico 2025 - Departamento de Ingenier\u00eda de Transporte y Log\u00edstica","robots":{"index":"index","follow":"follow","max-snippet":"max-snippet:-1","max-image-preview":"max-image-preview:large","max-video-preview":"max-video-preview:-1"},"canonical":"https:\/\/www.ing.uc.cl\/transporte-y-logistica\/comunidad-del-ditl-se-reune-para-dar-inicio-al-ano-academico-2025\/","og_locale":"es_ES","og_type":"article","og_title":"Comunidad del DITL se re\u00fane para dar inicio al A\u00f1o Acad\u00e9mico 2025 - Departamento de Ingenier\u00eda de Transporte y Log\u00edstica","og_url":"https:\/\/www.ing.uc.cl\/transporte-y-logistica\/comunidad-del-ditl-se-reune-para-dar-inicio-al-ano-academico-2025\/","og_site_name":"Departamento de Ingenier\u00eda de Transporte y Log\u00edstica","article_published_time":"2025-03-21T20:40:00+00:00","article_modified_time":"2025-04-25T19:27:57+00:00","og_image":[{"width":2560,"height":1920,"url":"https:\/\/www.ing.uc.cl\/transporte-y-logistica\/wp-content\/uploads\/2025\/04\/IMG_9974-scaled.jpg","type":"image\/jpeg"}],"author":"Keyra Tiape","twitter_card":"summary_large_image","twitter_misc":{"Escrito por":"Keyra Tiape","Tiempo de lectura":"2 minutos"},"schema":{"@context":"https:\/\/schema.org","@graph":[{"@type":"Article","@id":"https:\/\/www.ing.uc.cl\/transporte-y-logistica\/comunidad-del-ditl-se-reune-para-dar-inicio-al-ano-academico-2025\/#article","isPartOf":{"@id":"https:\/\/www.ing.uc.cl\/transporte-y-logistica\/comunidad-del-ditl-se-reune-para-dar-inicio-al-ano-academico-2025\/"},"author":{"name":"Keyra Tiape","@id":"https:\/\/www.ing.uc.cl\/transporte-y-logistica\/#\/schema\/person\/18b5c75a93aca6dfe42b216977b110a2"},"headline":"Comunidad del DITL se re\u00fane para dar inicio al A\u00f1o Acad\u00e9mico 2025","datePublished":"2025-03-21T20:40:00+00:00","dateModified":"2025-04-25T19:27:57+00:00","mainEntityOfPage":{"@id":"https:\/\/www.ing.uc.cl\/transporte-y-logistica\/comunidad-del-ditl-se-reune-para-dar-inicio-al-ano-academico-2025\/"},"wordCount":257,"image":{"@id":"https:\/\/www.ing.uc.cl\/transporte-y-logistica\/comunidad-del-ditl-se-reune-para-dar-inicio-al-ano-academico-2025\/#primaryimage"},"thumbnailUrl":"https:\/\/www.ing.uc.cl\/transporte-y-logistica\/wp-content\/uploads\/2025\/04\/IMG_9974-scaled.jpg","articleSection":["Noticia Destacada"],"inLanguage":"es"},{"@type":"WebPage","@id":"https:\/\/www.ing.uc.cl\/transporte-y-logistica\/comunidad-del-ditl-se-reune-para-dar-inicio-al-ano-academico-2025\/","url":"https:\/\/www.ing.uc.cl\/transporte-y-logistica\/comunidad-del-ditl-se-reune-para-dar-inicio-al-ano-academico-2025\/","name":"Comunidad del DITL se re\u00fane para dar inicio al A\u00f1o Acad\u00e9mico 2025 - Departamento de Ingenier\u00eda de Transporte y Log\u00edstica","isPartOf":{"@id":"https:\/\/www.ing.uc.cl\/transporte-y-logistica\/#website"},"primaryImageOfPage":{"@id":"https:\/\/www.ing.uc.cl\/transporte-y-logistica\/comunidad-del-ditl-se-reune-para-dar-inicio-al-ano-academico-2025\/#primaryimage"},"image":{"@id":"https:\/\/www.ing.uc.cl\/transporte-y-logistica\/comunidad-del-ditl-se-reune-para-dar-inicio-al-ano-academico-2025\/#primaryimage"},"thumbnailUrl":"https:\/\/www.ing.uc.cl\/transporte-y-logistica\/wp-content\/uploads\/2025\/04\/IMG_9974-scaled.jpg","datePublished":"2025-03-21T20:40:00+00:00","dateModified":"2025-04-25T19:27:57+00:00","author":{"@id":"https:\/\/www.ing.uc.cl\/transporte-y-logistica\/#\/schema\/person\/18b5c75a93aca6dfe42b216977b110a2"},"breadcrumb":{"@id":"https:\/\/www.ing.uc.cl\/transporte-y-logistica\/comunidad-del-ditl-se-reune-para-dar-inicio-al-ano-academico-2025\/#breadcrumb"},"inLanguage":"es","potentialAction":[{"@type":"ReadAction","target":["https:\/\/www.ing.uc.cl\/transporte-y-logistica\/comunidad-del-ditl-se-reune-para-dar-inicio-al-ano-academico-2025\/"]}]},{"@type":"ImageObject","inLanguage":"es","@id":"https:\/\/www.ing.uc.cl\/transporte-y-logistica\/comunidad-del-ditl-se-reune-para-dar-inicio-al-ano-academico-2025\/#primaryimage","url":"https:\/\/www.ing.uc.cl\/transporte-y-logistica\/wp-content\/uploads\/2025\/04\/IMG_9974-scaled.jpg","contentUrl":"https:\/\/www.ing.uc.cl\/transporte-y-logistica\/wp-content\/uploads\/2025\/04\/IMG_9974-scaled.jpg","width":2560,"height":1920},{"@type":"BreadcrumbList","@id":"https:\/\/www.ing.uc.cl\/transporte-y-logistica\/comunidad-del-ditl-se-reune-para-dar-inicio-al-ano-academico-2025\/#breadcrumb","itemListElement":[{"@type":"ListItem","position":1,"name":"Portada","item":"https:\/\/www.ing.uc.cl\/transporte-y-logistica\/"},{"@type":"ListItem","position":2,"name":"Comunidad del DITL se re\u00fane para dar inicio al A\u00f1o Acad\u00e9mico 2025"}]},{"@type":"WebSite","@id":"https:\/\/www.ing.uc.cl\/transporte-y-logistica\/#website","url":"https:\/\/www.ing.uc.cl\/transporte-y-logistica\/","name":"Departamento de Ingenier\u00eda de Transporte y Log\u00edstica","description":"DITL","potentialAction":[{"@type":"SearchAction","target":{"@type":"EntryPoint","urlTemplate":"https:\/\/www.ing.uc.cl\/transporte-y-logistica\/?s={search_term_string}"},"query-input":{"@type":"PropertyValueSpecification","valueRequired":true,"valueName":"search_term_string"}}],"inLanguage":"es"},{"@type":"Person","@id":"https:\/\/www.ing.uc.cl\/transporte-y-logistica\/#\/schema\/person\/18b5c75a93aca6dfe42b216977b110a2","name":"Keyra Tiape","image":{"@type":"ImageObject","inLanguage":"es","@id":"https:\/\/secure.gravatar.com\/avatar\/b9c60b714a61c8b70e7cf40e0d582f280e9f385ad6edd0c4704b97f5749bd36e?s=96&d=mm&r=g","url":"https:\/\/secure.gravatar.com\/avatar\/b9c60b714a61c8b70e7cf40e0d582f280e9f385ad6edd0c4704b97f5749bd36e?s=96&d=mm&r=g","contentUrl":"https:\/\/secure.gravatar.com\/avatar\/b9c60b714a61c8b70e7cf40e0d582f280e9f385ad6edd0c4704b97f5749bd36e?s=96&d=mm&r=g","caption":"Keyra Tiape"},"url":"https:\/\/www.ing.uc.cl\/transporte-y-logistica\/author\/ktiape\/"}]}},"_links":{"self":[{"href":"https:\/\/www.ing.uc.cl\/transporte-y-logistica\/wp-json\/wp\/v2\/posts\/12920","targetHints":{"allow":["GET"]}}],"collection":[{"href":"https:\/\/www.ing.uc.cl\/transporte-y-logistica\/wp-json\/wp\/v2\/posts"}],"about":[{"href":"https:\/\/www.ing.uc.cl\/transporte-y-logistica\/wp-json\/wp\/v2\/types\/post"}],"author":[{"embeddable":true,"href":"https:\/\/www.ing.uc.cl\/transporte-y-logistica\/wp-json\/wp\/v2\/users\/8"}],"replies":[{"embeddable":true,"href":"https:\/\/www.ing.uc.cl\/transporte-y-logistica\/wp-json\/wp\/v2\/comments?post=12920"}],"version-history":[{"count":5,"href":"https:\/\/www.ing.uc.cl\/transporte-y-logistica\/wp-json\/wp\/v2\/posts\/12920\/revisions"}],"predecessor-version":[{"id":12927,"href":"https:\/\/www.ing.uc.cl\/transporte-y-logistica\/wp-json\/wp\/v2\/posts\/12920\/revisions\/12927"}],"wp:featuredmedia":[{"embeddable":true,"href":"https:\/\/www.ing.uc.cl\/transporte-y-logistica\/wp-json\/wp\/v2\/media\/12923"}],"wp:attachment":[{"href":"https:\/\/www.ing.uc.cl\/transporte-y-logistica\/wp-json\/wp\/v2\/media?parent=12920"}],"wp:term":[{"taxonomy":"category","embeddable":true,"href":"https:\/\/www.ing.uc.cl\/transporte-y-logistica\/wp-json\/wp\/v2\/categories?post=12920"},{"taxonomy":"post_tag","embeddable":true,"href":"https:\/\/www.ing.uc.cl\/transporte-y-logistica\/wp-json\/wp\/v2\/tags?post=12920"}],"curies":[{"name":"wp","href":"https:\/\/api.w.org\/{rel}","templated":true}]}}