{"id":12939,"date":"2025-05-09T17:26:00","date_gmt":"2025-05-09T20:26:00","guid":{"rendered":"https:\/\/www.ing.uc.cl\/transporte-y-logistica\/?p=12939"},"modified":"2025-05-09T17:26:01","modified_gmt":"2025-05-09T20:26:01","slug":"nuestra-profesora-patricia-galilea-ha-sido-reconocida-entre-las-30-mujeres-que-inspiran-en-la-quinta-edicion-del-programa-del-banco-de-chile","status":"publish","type":"post","link":"https:\/\/www.ing.uc.cl\/transporte-y-logistica\/nuestra-profesora-patricia-galilea-ha-sido-reconocida-entre-las-30-mujeres-que-inspiran-en-la-quinta-edicion-del-programa-del-banco-de-chile\/","title":{"rendered":"Nuestra profesora Patricia Galilea ha sido reconocida entre las 30 mujeres que inspiran en la quinta edici\u00f3n del programa del Banco de Chile."},"content":{"rendered":"\t\t<div data-elementor-type=\"wp-post\" data-elementor-id=\"12939\" class=\"elementor elementor-12939\">\n\t\t\t\t\t\t<section class=\"elementor-section elementor-top-section elementor-element elementor-element-4d7e3233 elementor-section-boxed elementor-section-height-default elementor-section-height-default\" data-id=\"4d7e3233\" data-element_type=\"section\" data-e-type=\"section\">\n\t\t\t\t\t\t<div class=\"elementor-container elementor-column-gap-default\">\n\t\t\t\t\t<div class=\"elementor-column elementor-col-100 elementor-top-column elementor-element elementor-element-5a8c5078\" data-id=\"5a8c5078\" data-element_type=\"column\" data-e-type=\"column\">\n\t\t\t<div class=\"elementor-widget-wrap elementor-element-populated\">\n\t\t\t\t\t\t<div class=\"elementor-element elementor-element-b7ea3e0 elementor-widget elementor-widget-text-editor\" data-id=\"b7ea3e0\" data-element_type=\"widget\" data-e-type=\"widget\" data-widget_type=\"text-editor.default\">\n\t\t\t\t<div class=\"elementor-widget-container\">\n\t\t\t\t\t\t\t\t\t<h4><span data-olk-copy-source=\"MessageBody\">En esta edici\u00f3n el programa recibi\u00f3 unas 1500 postulaciones de mujeres de diferentes disciplinas del pa\u00eds. Resultando nuestra profesora una de las 30 galardonadas<\/span>.<\/h4><p><span data-olk-copy-source=\"MessageBody\">Con respecto a este reconocimiento, la profesora\u00a0nos comenta\u00a0<i>\u201cPara m\u00ed es un honor este reconocimiento a mi investigaci\u00f3n en torno a la movilidad reducida y accesibilidad universal, como tambi\u00e9n a mi labor como docente y el v\u00ednculo que he ido logrando armar con mis estudiantes\u201d\u00a0<\/i><\/span>El premio adem\u00e1s incluye un trabajo de mentor\u00edas, que de acuerdo a lo declarado por ella. espera aprovechar en su vida profesional.<\/p><p><span data-olk-copy-source=\"MessageBody\">La postulaci\u00f3n para el programa mujeres que inspiran incluy\u00f3 investigaciones realizadas en torno a la movilidad reducida, los cuales han sido trabajos colaborativos con otros profesores del Departamento, como Sebasti\u00e1n Raveau y Juan de Dios Ort\u00fazar, adem\u00e1s de\u00a0varios estudiantes de mag\u00edster, permitiendo a trav\u00e9s de estas investigaciones entregar evidencia en torno a art\u00edculos cient\u00edficos ya publicados<\/span>.<\/p><div><div><span data-olk-copy-source=\"MessageBody\">Esta distinci\u00f3n no solo valida su arduo trabajo, sino que tambi\u00e9n destaca su capacidad para impactar positivamente en la sociedad. Sin duda, su contribuci\u00f3n a la educaci\u00f3n y su influencia contin\u00faan dejando una huella profunda.<\/span><\/div><\/div><div>\u00a0<\/div><div><span data-olk-copy-source=\"MessageBody\">Como Departamento consideramos este logro como un reflejo de su dedicaci\u00f3n, pasi\u00f3n y compromiso con la educaci\u00f3n y el desarrollo de nuevas generaciones.<\/span><\/div><div>\u00a0<\/div><div><span data-olk-copy-source=\"MessageBody\">Le deseamos muchos m\u00e1s \u00e9xitos en su carrera y que siga cosechando frutos de su esfuerzo y dedicaci\u00f3n.<\/span><\/div><div>\u00a0<\/div><div><p><a href=\"https:\/\/www.ing.uc.cl\/transporte-y-logistica\/wp-content\/uploads\/2025\/05\/Extension-secundaria-con-foto-3.jpg\"><img fetchpriority=\"high\" decoding=\"async\" class=\"aligncenter wp-image-12944 size-large\" src=\"https:\/\/www.ing.uc.cl\/transporte-y-logistica\/wp-content\/uploads\/2025\/05\/Extension-secundaria-con-foto-3-1024x1024.jpg\" alt=\"\" width=\"720\" height=\"720\" srcset=\"https:\/\/www.ing.uc.cl\/transporte-y-logistica\/wp-content\/uploads\/2025\/05\/Extension-secundaria-con-foto-3-1024x1024.jpg 1024w, https:\/\/www.ing.uc.cl\/transporte-y-logistica\/wp-content\/uploads\/2025\/05\/Extension-secundaria-con-foto-3-300x300.jpg 300w, https:\/\/www.ing.uc.cl\/transporte-y-logistica\/wp-content\/uploads\/2025\/05\/Extension-secundaria-con-foto-3-150x150.jpg 150w, https:\/\/www.ing.uc.cl\/transporte-y-logistica\/wp-content\/uploads\/2025\/05\/Extension-secundaria-con-foto-3-768x768.jpg 768w, https:\/\/www.ing.uc.cl\/transporte-y-logistica\/wp-content\/uploads\/2025\/05\/Extension-secundaria-con-foto-3-400x400.jpg 400w, https:\/\/www.ing.uc.cl\/transporte-y-logistica\/wp-content\/uploads\/2025\/05\/Extension-secundaria-con-foto-3-200x200.jpg 200w, https:\/\/www.ing.uc.cl\/transporte-y-logistica\/wp-content\/uploads\/2025\/05\/Extension-secundaria-con-foto-3.jpg 1080w\" sizes=\"(max-width: 720px) 100vw, 720px\" \/><\/a><\/p><\/div>\t\t\t\t\t\t\t\t<\/div>\n\t\t\t\t<\/div>\n\t\t\t\t\t<\/div>\n\t\t<\/div>\n\t\t\t\t\t<\/div>\n\t\t<\/section>\n\t\t\t\t<section class=\"elementor-section elementor-top-section elementor-element elementor-element-667a9b2 elementor-section-boxed elementor-section-height-default elementor-section-height-default\" data-id=\"667a9b2\" data-element_type=\"section\" data-e-type=\"section\">\n\t\t\t\t\t\t<div class=\"elementor-container elementor-column-gap-default\">\n\t\t\t\t\t<div class=\"elementor-column elementor-col-100 elementor-top-column elementor-element elementor-element-b2e6c75\" data-id=\"b2e6c75\" data-element_type=\"column\" data-e-type=\"column\">\n\t\t\t<div class=\"elementor-widget-wrap\">\n\t\t\t\t\t\t\t<\/div>\n\t\t<\/div>\n\t\t\t\t\t<\/div>\n\t\t<\/section>\n\t\t\t\t<section class=\"elementor-section elementor-top-section elementor-element elementor-element-ecc1b8a elementor-section-boxed elementor-section-height-default elementor-section-height-default\" data-id=\"ecc1b8a\" data-element_type=\"section\" data-e-type=\"section\">\n\t\t\t\t\t\t<div class=\"elementor-container elementor-column-gap-default\">\n\t\t\t\t\t<div class=\"elementor-column elementor-col-100 elementor-top-column elementor-element elementor-element-683397d\" data-id=\"683397d\" data-element_type=\"column\" data-e-type=\"column\">\n\t\t\t<div class=\"elementor-widget-wrap elementor-element-populated\">\n\t\t\t\t\t\t<section class=\"elementor-section elementor-inner-section elementor-element elementor-element-6d01df3 elementor-section-boxed elementor-section-height-default elementor-section-height-default\" data-id=\"6d01df3\" data-element_type=\"section\" data-e-type=\"section\">\n\t\t\t\t\t\t<div class=\"elementor-container elementor-column-gap-default\">\n\t\t\t\t\t<div class=\"elementor-column elementor-col-50 elementor-inner-column elementor-element elementor-element-f969001\" data-id=\"f969001\" data-element_type=\"column\" data-e-type=\"column\">\n\t\t\t<div class=\"elementor-widget-wrap\">\n\t\t\t\t\t\t\t<\/div>\n\t\t<\/div>\n\t\t\t\t<div class=\"elementor-column elementor-col-50 elementor-inner-column elementor-element elementor-element-6dcca46\" data-id=\"6dcca46\" data-element_type=\"column\" data-e-type=\"column\">\n\t\t\t<div class=\"elementor-widget-wrap\">\n\t\t\t\t\t\t\t<\/div>\n\t\t<\/div>\n\t\t\t\t\t<\/div>\n\t\t<\/section>\n\t\t\t\t\t<\/div>\n\t\t<\/div>\n\t\t\t\t\t<\/div>\n\t\t<\/section>\n\t\t\t\t<\/div>\n\t\t","protected":false},"excerpt":{"rendered":"<p><\/p>\n<p><img src=https:\/\/www.ing.uc.cl\/transporte-y-logistica\/wp-content\/uploads\/2025\/05\/Extension-secundaria-con-foto-3-1024x1024.jpg\"> Nuestra profesora Patricia Galilea ha sido reconocida entre las 30 mujeres que inspiran en la quinta edici\u00f3n del programa del Banco de Chile.\u00bb<\/p>\n","protected":false},"author":8,"featured_media":12944,"comment_status":"closed","ping_status":"closed","sticky":false,"template":"","format":"standard","meta":{"_acf_changed":false,"footnotes":""},"categories":[4],"tags":[],"class_list":{"0":"post-12939","1":"post","2":"type-post","3":"status-publish","4":"format-standard","5":"has-post-thumbnail","6":"hentry","7":"category-noticia-destacada","9":"post-with-thumbnail","10":"post-with-thumbnail-large"},"acf":[],"yoast_head":"<!-- This site is optimized with the Yoast SEO plugin v27.5 - https:\/\/yoast.com\/product\/yoast-seo-wordpress\/ -->\n<title>Nuestra profesora Patricia Galilea ha sido reconocida entre las 30 mujeres que inspiran en la quinta edici\u00f3n del programa del Banco de Chile. - Departamento de Ingenier\u00eda de Transporte y Log\u00edstica<\/title>\n<meta name=\"robots\" content=\"index, follow, max-snippet:-1, max-image-preview:large, max-video-preview:-1\" \/>\n<link rel=\"canonical\" href=\"https:\/\/www.ing.uc.cl\/transporte-y-logistica\/nuestra-profesora-patricia-galilea-ha-sido-reconocida-entre-las-30-mujeres-que-inspiran-en-la-quinta-edicion-del-programa-del-banco-de-chile\/\" \/>\n<meta property=\"og:locale\" content=\"es_ES\" \/>\n<meta property=\"og:type\" content=\"article\" \/>\n<meta property=\"og:title\" content=\"Nuestra profesora Patricia Galilea ha sido reconocida entre las 30 mujeres que inspiran en la quinta edici\u00f3n del programa del Banco de Chile. - Departamento de Ingenier\u00eda de Transporte y Log\u00edstica\" \/>\n<meta property=\"og:url\" content=\"https:\/\/www.ing.uc.cl\/transporte-y-logistica\/nuestra-profesora-patricia-galilea-ha-sido-reconocida-entre-las-30-mujeres-que-inspiran-en-la-quinta-edicion-del-programa-del-banco-de-chile\/\" \/>\n<meta property=\"og:site_name\" content=\"Departamento de Ingenier\u00eda de Transporte y Log\u00edstica\" \/>\n<meta property=\"article:published_time\" content=\"2025-05-09T20:26:00+00:00\" \/>\n<meta property=\"article:modified_time\" content=\"2025-05-09T20:26:01+00:00\" \/>\n<meta property=\"og:image\" content=\"https:\/\/www.ing.uc.cl\/transporte-y-logistica\/wp-content\/uploads\/2025\/05\/Extension-secundaria-con-foto-3.jpg\" \/>\n\t<meta property=\"og:image:width\" content=\"1080\" \/>\n\t<meta property=\"og:image:height\" content=\"1080\" \/>\n\t<meta property=\"og:image:type\" content=\"image\/jpeg\" \/>\n<meta name=\"author\" content=\"Keyra Tiape\" \/>\n<meta name=\"twitter:card\" content=\"summary_large_image\" \/>\n<meta name=\"twitter:label1\" content=\"Escrito por\" \/>\n\t<meta name=\"twitter:data1\" content=\"Keyra Tiape\" \/>\n\t<meta name=\"twitter:label2\" content=\"Tiempo de lectura\" \/>\n\t<meta name=\"twitter:data2\" content=\"2 minutos\" \/>\n<script type=\"application\/ld+json\" class=\"yoast-schema-graph\">{\"@context\":\"https:\\\/\\\/schema.org\",\"@graph\":[{\"@type\":\"Article\",\"@id\":\"https:\\\/\\\/www.ing.uc.cl\\\/transporte-y-logistica\\\/nuestra-profesora-patricia-galilea-ha-sido-reconocida-entre-las-30-mujeres-que-inspiran-en-la-quinta-edicion-del-programa-del-banco-de-chile\\\/#article\",\"isPartOf\":{\"@id\":\"https:\\\/\\\/www.ing.uc.cl\\\/transporte-y-logistica\\\/nuestra-profesora-patricia-galilea-ha-sido-reconocida-entre-las-30-mujeres-que-inspiran-en-la-quinta-edicion-del-programa-del-banco-de-chile\\\/\"},\"author\":{\"name\":\"Keyra Tiape\",\"@id\":\"https:\\\/\\\/www.ing.uc.cl\\\/transporte-y-logistica\\\/#\\\/schema\\\/person\\\/18b5c75a93aca6dfe42b216977b110a2\"},\"headline\":\"Nuestra profesora Patricia Galilea ha sido reconocida entre las 30 mujeres que inspiran en la quinta edici\u00f3n del programa del Banco de Chile.\",\"datePublished\":\"2025-05-09T20:26:00+00:00\",\"dateModified\":\"2025-05-09T20:26:01+00:00\",\"mainEntityOfPage\":{\"@id\":\"https:\\\/\\\/www.ing.uc.cl\\\/transporte-y-logistica\\\/nuestra-profesora-patricia-galilea-ha-sido-reconocida-entre-las-30-mujeres-que-inspiran-en-la-quinta-edicion-del-programa-del-banco-de-chile\\\/\"},\"wordCount\":271,\"image\":{\"@id\":\"https:\\\/\\\/www.ing.uc.cl\\\/transporte-y-logistica\\\/nuestra-profesora-patricia-galilea-ha-sido-reconocida-entre-las-30-mujeres-que-inspiran-en-la-quinta-edicion-del-programa-del-banco-de-chile\\\/#primaryimage\"},\"thumbnailUrl\":\"https:\\\/\\\/www.ing.uc.cl\\\/transporte-y-logistica\\\/wp-content\\\/uploads\\\/2025\\\/05\\\/Extension-secundaria-con-foto-3.jpg\",\"articleSection\":[\"Noticia Destacada\"],\"inLanguage\":\"es\"},{\"@type\":\"WebPage\",\"@id\":\"https:\\\/\\\/www.ing.uc.cl\\\/transporte-y-logistica\\\/nuestra-profesora-patricia-galilea-ha-sido-reconocida-entre-las-30-mujeres-que-inspiran-en-la-quinta-edicion-del-programa-del-banco-de-chile\\\/\",\"url\":\"https:\\\/\\\/www.ing.uc.cl\\\/transporte-y-logistica\\\/nuestra-profesora-patricia-galilea-ha-sido-reconocida-entre-las-30-mujeres-que-inspiran-en-la-quinta-edicion-del-programa-del-banco-de-chile\\\/\",\"name\":\"Nuestra profesora Patricia Galilea ha sido reconocida entre las 30 mujeres que inspiran en la quinta edici\u00f3n del programa del Banco de Chile. - Departamento de Ingenier\u00eda de Transporte y Log\u00edstica\",\"isPartOf\":{\"@id\":\"https:\\\/\\\/www.ing.uc.cl\\\/transporte-y-logistica\\\/#website\"},\"primaryImageOfPage\":{\"@id\":\"https:\\\/\\\/www.ing.uc.cl\\\/transporte-y-logistica\\\/nuestra-profesora-patricia-galilea-ha-sido-reconocida-entre-las-30-mujeres-que-inspiran-en-la-quinta-edicion-del-programa-del-banco-de-chile\\\/#primaryimage\"},\"image\":{\"@id\":\"https:\\\/\\\/www.ing.uc.cl\\\/transporte-y-logistica\\\/nuestra-profesora-patricia-galilea-ha-sido-reconocida-entre-las-30-mujeres-que-inspiran-en-la-quinta-edicion-del-programa-del-banco-de-chile\\\/#primaryimage\"},\"thumbnailUrl\":\"https:\\\/\\\/www.ing.uc.cl\\\/transporte-y-logistica\\\/wp-content\\\/uploads\\\/2025\\\/05\\\/Extension-secundaria-con-foto-3.jpg\",\"datePublished\":\"2025-05-09T20:26:00+00:00\",\"dateModified\":\"2025-05-09T20:26:01+00:00\",\"author\":{\"@id\":\"https:\\\/\\\/www.ing.uc.cl\\\/transporte-y-logistica\\\/#\\\/schema\\\/person\\\/18b5c75a93aca6dfe42b216977b110a2\"},\"breadcrumb\":{\"@id\":\"https:\\\/\\\/www.ing.uc.cl\\\/transporte-y-logistica\\\/nuestra-profesora-patricia-galilea-ha-sido-reconocida-entre-las-30-mujeres-que-inspiran-en-la-quinta-edicion-del-programa-del-banco-de-chile\\\/#breadcrumb\"},\"inLanguage\":\"es\",\"potentialAction\":[{\"@type\":\"ReadAction\",\"target\":[\"https:\\\/\\\/www.ing.uc.cl\\\/transporte-y-logistica\\\/nuestra-profesora-patricia-galilea-ha-sido-reconocida-entre-las-30-mujeres-que-inspiran-en-la-quinta-edicion-del-programa-del-banco-de-chile\\\/\"]}]},{\"@type\":\"ImageObject\",\"inLanguage\":\"es\",\"@id\":\"https:\\\/\\\/www.ing.uc.cl\\\/transporte-y-logistica\\\/nuestra-profesora-patricia-galilea-ha-sido-reconocida-entre-las-30-mujeres-que-inspiran-en-la-quinta-edicion-del-programa-del-banco-de-chile\\\/#primaryimage\",\"url\":\"https:\\\/\\\/www.ing.uc.cl\\\/transporte-y-logistica\\\/wp-content\\\/uploads\\\/2025\\\/05\\\/Extension-secundaria-con-foto-3.jpg\",\"contentUrl\":\"https:\\\/\\\/www.ing.uc.cl\\\/transporte-y-logistica\\\/wp-content\\\/uploads\\\/2025\\\/05\\\/Extension-secundaria-con-foto-3.jpg\",\"width\":1080,\"height\":1080},{\"@type\":\"BreadcrumbList\",\"@id\":\"https:\\\/\\\/www.ing.uc.cl\\\/transporte-y-logistica\\\/nuestra-profesora-patricia-galilea-ha-sido-reconocida-entre-las-30-mujeres-que-inspiran-en-la-quinta-edicion-del-programa-del-banco-de-chile\\\/#breadcrumb\",\"itemListElement\":[{\"@type\":\"ListItem\",\"position\":1,\"name\":\"Portada\",\"item\":\"https:\\\/\\\/www.ing.uc.cl\\\/transporte-y-logistica\\\/\"},{\"@type\":\"ListItem\",\"position\":2,\"name\":\"Nuestra profesora Patricia Galilea ha sido reconocida entre las 30 mujeres que inspiran en la quinta edici\u00f3n del programa del Banco de Chile.\"}]},{\"@type\":\"WebSite\",\"@id\":\"https:\\\/\\\/www.ing.uc.cl\\\/transporte-y-logistica\\\/#website\",\"url\":\"https:\\\/\\\/www.ing.uc.cl\\\/transporte-y-logistica\\\/\",\"name\":\"Departamento de Ingenier\u00eda de Transporte y Log\u00edstica\",\"description\":\"DITL\",\"potentialAction\":[{\"@type\":\"SearchAction\",\"target\":{\"@type\":\"EntryPoint\",\"urlTemplate\":\"https:\\\/\\\/www.ing.uc.cl\\\/transporte-y-logistica\\\/?s={search_term_string}\"},\"query-input\":{\"@type\":\"PropertyValueSpecification\",\"valueRequired\":true,\"valueName\":\"search_term_string\"}}],\"inLanguage\":\"es\"},{\"@type\":\"Person\",\"@id\":\"https:\\\/\\\/www.ing.uc.cl\\\/transporte-y-logistica\\\/#\\\/schema\\\/person\\\/18b5c75a93aca6dfe42b216977b110a2\",\"name\":\"Keyra Tiape\",\"image\":{\"@type\":\"ImageObject\",\"inLanguage\":\"es\",\"@id\":\"https:\\\/\\\/secure.gravatar.com\\\/avatar\\\/b9c60b714a61c8b70e7cf40e0d582f280e9f385ad6edd0c4704b97f5749bd36e?s=96&d=mm&r=g\",\"url\":\"https:\\\/\\\/secure.gravatar.com\\\/avatar\\\/b9c60b714a61c8b70e7cf40e0d582f280e9f385ad6edd0c4704b97f5749bd36e?s=96&d=mm&r=g\",\"contentUrl\":\"https:\\\/\\\/secure.gravatar.com\\\/avatar\\\/b9c60b714a61c8b70e7cf40e0d582f280e9f385ad6edd0c4704b97f5749bd36e?s=96&d=mm&r=g\",\"caption\":\"Keyra Tiape\"},\"url\":\"https:\\\/\\\/www.ing.uc.cl\\\/transporte-y-logistica\\\/author\\\/ktiape\\\/\"}]}<\/script>\n<!-- \/ Yoast SEO plugin. -->","yoast_head_json":{"title":"Nuestra profesora Patricia Galilea ha sido reconocida entre las 30 mujeres que inspiran en la quinta edici\u00f3n del programa del Banco de Chile. - Departamento de Ingenier\u00eda de Transporte y Log\u00edstica","robots":{"index":"index","follow":"follow","max-snippet":"max-snippet:-1","max-image-preview":"max-image-preview:large","max-video-preview":"max-video-preview:-1"},"canonical":"https:\/\/www.ing.uc.cl\/transporte-y-logistica\/nuestra-profesora-patricia-galilea-ha-sido-reconocida-entre-las-30-mujeres-que-inspiran-en-la-quinta-edicion-del-programa-del-banco-de-chile\/","og_locale":"es_ES","og_type":"article","og_title":"Nuestra profesora Patricia Galilea ha sido reconocida entre las 30 mujeres que inspiran en la quinta edici\u00f3n del programa del Banco de Chile. - Departamento de Ingenier\u00eda de Transporte y Log\u00edstica","og_url":"https:\/\/www.ing.uc.cl\/transporte-y-logistica\/nuestra-profesora-patricia-galilea-ha-sido-reconocida-entre-las-30-mujeres-que-inspiran-en-la-quinta-edicion-del-programa-del-banco-de-chile\/","og_site_name":"Departamento de Ingenier\u00eda de Transporte y Log\u00edstica","article_published_time":"2025-05-09T20:26:00+00:00","article_modified_time":"2025-05-09T20:26:01+00:00","og_image":[{"width":1080,"height":1080,"url":"https:\/\/www.ing.uc.cl\/transporte-y-logistica\/wp-content\/uploads\/2025\/05\/Extension-secundaria-con-foto-3.jpg","type":"image\/jpeg"}],"author":"Keyra Tiape","twitter_card":"summary_large_image","twitter_misc":{"Escrito por":"Keyra Tiape","Tiempo de lectura":"2 minutos"},"schema":{"@context":"https:\/\/schema.org","@graph":[{"@type":"Article","@id":"https:\/\/www.ing.uc.cl\/transporte-y-logistica\/nuestra-profesora-patricia-galilea-ha-sido-reconocida-entre-las-30-mujeres-que-inspiran-en-la-quinta-edicion-del-programa-del-banco-de-chile\/#article","isPartOf":{"@id":"https:\/\/www.ing.uc.cl\/transporte-y-logistica\/nuestra-profesora-patricia-galilea-ha-sido-reconocida-entre-las-30-mujeres-que-inspiran-en-la-quinta-edicion-del-programa-del-banco-de-chile\/"},"author":{"name":"Keyra Tiape","@id":"https:\/\/www.ing.uc.cl\/transporte-y-logistica\/#\/schema\/person\/18b5c75a93aca6dfe42b216977b110a2"},"headline":"Nuestra profesora Patricia Galilea ha sido reconocida entre las 30 mujeres que inspiran en la quinta edici\u00f3n del programa del Banco de Chile.","datePublished":"2025-05-09T20:26:00+00:00","dateModified":"2025-05-09T20:26:01+00:00","mainEntityOfPage":{"@id":"https:\/\/www.ing.uc.cl\/transporte-y-logistica\/nuestra-profesora-patricia-galilea-ha-sido-reconocida-entre-las-30-mujeres-que-inspiran-en-la-quinta-edicion-del-programa-del-banco-de-chile\/"},"wordCount":271,"image":{"@id":"https:\/\/www.ing.uc.cl\/transporte-y-logistica\/nuestra-profesora-patricia-galilea-ha-sido-reconocida-entre-las-30-mujeres-que-inspiran-en-la-quinta-edicion-del-programa-del-banco-de-chile\/#primaryimage"},"thumbnailUrl":"https:\/\/www.ing.uc.cl\/transporte-y-logistica\/wp-content\/uploads\/2025\/05\/Extension-secundaria-con-foto-3.jpg","articleSection":["Noticia Destacada"],"inLanguage":"es"},{"@type":"WebPage","@id":"https:\/\/www.ing.uc.cl\/transporte-y-logistica\/nuestra-profesora-patricia-galilea-ha-sido-reconocida-entre-las-30-mujeres-que-inspiran-en-la-quinta-edicion-del-programa-del-banco-de-chile\/","url":"https:\/\/www.ing.uc.cl\/transporte-y-logistica\/nuestra-profesora-patricia-galilea-ha-sido-reconocida-entre-las-30-mujeres-que-inspiran-en-la-quinta-edicion-del-programa-del-banco-de-chile\/","name":"Nuestra profesora Patricia Galilea ha sido reconocida entre las 30 mujeres que inspiran en la quinta edici\u00f3n del programa del Banco de Chile. - Departamento de Ingenier\u00eda de Transporte y Log\u00edstica","isPartOf":{"@id":"https:\/\/www.ing.uc.cl\/transporte-y-logistica\/#website"},"primaryImageOfPage":{"@id":"https:\/\/www.ing.uc.cl\/transporte-y-logistica\/nuestra-profesora-patricia-galilea-ha-sido-reconocida-entre-las-30-mujeres-que-inspiran-en-la-quinta-edicion-del-programa-del-banco-de-chile\/#primaryimage"},"image":{"@id":"https:\/\/www.ing.uc.cl\/transporte-y-logistica\/nuestra-profesora-patricia-galilea-ha-sido-reconocida-entre-las-30-mujeres-que-inspiran-en-la-quinta-edicion-del-programa-del-banco-de-chile\/#primaryimage"},"thumbnailUrl":"https:\/\/www.ing.uc.cl\/transporte-y-logistica\/wp-content\/uploads\/2025\/05\/Extension-secundaria-con-foto-3.jpg","datePublished":"2025-05-09T20:26:00+00:00","dateModified":"2025-05-09T20:26:01+00:00","author":{"@id":"https:\/\/www.ing.uc.cl\/transporte-y-logistica\/#\/schema\/person\/18b5c75a93aca6dfe42b216977b110a2"},"breadcrumb":{"@id":"https:\/\/www.ing.uc.cl\/transporte-y-logistica\/nuestra-profesora-patricia-galilea-ha-sido-reconocida-entre-las-30-mujeres-que-inspiran-en-la-quinta-edicion-del-programa-del-banco-de-chile\/#breadcrumb"},"inLanguage":"es","potentialAction":[{"@type":"ReadAction","target":["https:\/\/www.ing.uc.cl\/transporte-y-logistica\/nuestra-profesora-patricia-galilea-ha-sido-reconocida-entre-las-30-mujeres-que-inspiran-en-la-quinta-edicion-del-programa-del-banco-de-chile\/"]}]},{"@type":"ImageObject","inLanguage":"es","@id":"https:\/\/www.ing.uc.cl\/transporte-y-logistica\/nuestra-profesora-patricia-galilea-ha-sido-reconocida-entre-las-30-mujeres-que-inspiran-en-la-quinta-edicion-del-programa-del-banco-de-chile\/#primaryimage","url":"https:\/\/www.ing.uc.cl\/transporte-y-logistica\/wp-content\/uploads\/2025\/05\/Extension-secundaria-con-foto-3.jpg","contentUrl":"https:\/\/www.ing.uc.cl\/transporte-y-logistica\/wp-content\/uploads\/2025\/05\/Extension-secundaria-con-foto-3.jpg","width":1080,"height":1080},{"@type":"BreadcrumbList","@id":"https:\/\/www.ing.uc.cl\/transporte-y-logistica\/nuestra-profesora-patricia-galilea-ha-sido-reconocida-entre-las-30-mujeres-que-inspiran-en-la-quinta-edicion-del-programa-del-banco-de-chile\/#breadcrumb","itemListElement":[{"@type":"ListItem","position":1,"name":"Portada","item":"https:\/\/www.ing.uc.cl\/transporte-y-logistica\/"},{"@type":"ListItem","position":2,"name":"Nuestra profesora Patricia Galilea ha sido reconocida entre las 30 mujeres que inspiran en la quinta edici\u00f3n del programa del Banco de Chile."}]},{"@type":"WebSite","@id":"https:\/\/www.ing.uc.cl\/transporte-y-logistica\/#website","url":"https:\/\/www.ing.uc.cl\/transporte-y-logistica\/","name":"Departamento de Ingenier\u00eda de Transporte y Log\u00edstica","description":"DITL","potentialAction":[{"@type":"SearchAction","target":{"@type":"EntryPoint","urlTemplate":"https:\/\/www.ing.uc.cl\/transporte-y-logistica\/?s={search_term_string}"},"query-input":{"@type":"PropertyValueSpecification","valueRequired":true,"valueName":"search_term_string"}}],"inLanguage":"es"},{"@type":"Person","@id":"https:\/\/www.ing.uc.cl\/transporte-y-logistica\/#\/schema\/person\/18b5c75a93aca6dfe42b216977b110a2","name":"Keyra Tiape","image":{"@type":"ImageObject","inLanguage":"es","@id":"https:\/\/secure.gravatar.com\/avatar\/b9c60b714a61c8b70e7cf40e0d582f280e9f385ad6edd0c4704b97f5749bd36e?s=96&d=mm&r=g","url":"https:\/\/secure.gravatar.com\/avatar\/b9c60b714a61c8b70e7cf40e0d582f280e9f385ad6edd0c4704b97f5749bd36e?s=96&d=mm&r=g","contentUrl":"https:\/\/secure.gravatar.com\/avatar\/b9c60b714a61c8b70e7cf40e0d582f280e9f385ad6edd0c4704b97f5749bd36e?s=96&d=mm&r=g","caption":"Keyra Tiape"},"url":"https:\/\/www.ing.uc.cl\/transporte-y-logistica\/author\/ktiape\/"}]}},"_links":{"self":[{"href":"https:\/\/www.ing.uc.cl\/transporte-y-logistica\/wp-json\/wp\/v2\/posts\/12939","targetHints":{"allow":["GET"]}}],"collection":[{"href":"https:\/\/www.ing.uc.cl\/transporte-y-logistica\/wp-json\/wp\/v2\/posts"}],"about":[{"href":"https:\/\/www.ing.uc.cl\/transporte-y-logistica\/wp-json\/wp\/v2\/types\/post"}],"author":[{"embeddable":true,"href":"https:\/\/www.ing.uc.cl\/transporte-y-logistica\/wp-json\/wp\/v2\/users\/8"}],"replies":[{"embeddable":true,"href":"https:\/\/www.ing.uc.cl\/transporte-y-logistica\/wp-json\/wp\/v2\/comments?post=12939"}],"version-history":[{"count":7,"href":"https:\/\/www.ing.uc.cl\/transporte-y-logistica\/wp-json\/wp\/v2\/posts\/12939\/revisions"}],"predecessor-version":[{"id":12948,"href":"https:\/\/www.ing.uc.cl\/transporte-y-logistica\/wp-json\/wp\/v2\/posts\/12939\/revisions\/12948"}],"wp:featuredmedia":[{"embeddable":true,"href":"https:\/\/www.ing.uc.cl\/transporte-y-logistica\/wp-json\/wp\/v2\/media\/12944"}],"wp:attachment":[{"href":"https:\/\/www.ing.uc.cl\/transporte-y-logistica\/wp-json\/wp\/v2\/media?parent=12939"}],"wp:term":[{"taxonomy":"category","embeddable":true,"href":"https:\/\/www.ing.uc.cl\/transporte-y-logistica\/wp-json\/wp\/v2\/categories?post=12939"},{"taxonomy":"post_tag","embeddable":true,"href":"https:\/\/www.ing.uc.cl\/transporte-y-logistica\/wp-json\/wp\/v2\/tags?post=12939"}],"curies":[{"name":"wp","href":"https:\/\/api.w.org\/{rel}","templated":true}]}}