{"id":13454,"date":"2025-08-27T16:15:47","date_gmt":"2025-08-27T19:15:47","guid":{"rendered":"https:\/\/www.ing.uc.cl\/transporte-y-logistica\/?p=13454"},"modified":"2025-08-27T16:15:49","modified_gmt":"2025-08-27T19:15:49","slug":"magister-en-ciencias-de-la-ingenieria-area-ingenieria-de-transporte-y-logistica-uc-obtiene-8-anos-de-acreditacion","status":"publish","type":"post","link":"https:\/\/www.ing.uc.cl\/transporte-y-logistica\/magister-en-ciencias-de-la-ingenieria-area-ingenieria-de-transporte-y-logistica-uc-obtiene-8-anos-de-acreditacion\/","title":{"rendered":"Mag\u00edster en Ciencias de la Ingenier\u00eda, \u00e1rea Ingenier\u00eda de Transporte y Log\u00edstica UC, obtiene 8 a\u00f1os de acreditaci\u00f3n."},"content":{"rendered":"\t\t<div data-elementor-type=\"wp-post\" data-elementor-id=\"13454\" class=\"elementor elementor-13454\">\n\t\t\t\t\t\t<section class=\"elementor-section elementor-top-section elementor-element elementor-element-4d7e3233 elementor-section-boxed elementor-section-height-default elementor-section-height-default\" data-id=\"4d7e3233\" data-element_type=\"section\" data-e-type=\"section\">\n\t\t\t\t\t\t<div class=\"elementor-container elementor-column-gap-default\">\n\t\t\t\t\t<div class=\"elementor-column elementor-col-100 elementor-top-column elementor-element elementor-element-5a8c5078\" data-id=\"5a8c5078\" data-element_type=\"column\" data-e-type=\"column\">\n\t\t\t<div class=\"elementor-widget-wrap elementor-element-populated\">\n\t\t\t\t\t\t<div class=\"elementor-element elementor-element-b7ea3e0 elementor-widget__width-initial elementor-widget elementor-widget-text-editor\" data-id=\"b7ea3e0\" data-element_type=\"widget\" data-e-type=\"widget\" data-widget_type=\"text-editor.default\">\n\t\t\t\t<div class=\"elementor-widget-container\">\n\t\t\t\t\t\t\t\t\t<div class=\"x_elementToProof\" data-olk-copy-source=\"MessageBody\">El\u00a0<b>Mag\u00edster en Ciencias de la Ingenier\u00eda, \u00e1rea Ingenier\u00eda de Transporte y Log\u00edstica<\/b>\u00a0de la Pontificia Universidad Cat\u00f3lica de Chile recibi\u00f3 recientemente\u00a0<b>8 a\u00f1os de acreditaci\u00f3n (2025\u20132033)<\/b>, otorgados por la Comisi\u00f3n Nacional de Acreditaci\u00f3n (CNA-Chile). Este resultado es especialmente significativo, ya que corresponde a uno de los m\u00e1s altos que puede obtener un programa de postgrado en el pa\u00eds, considerando que el m\u00e1ximo posible es de 10 a\u00f1os.<\/div><div data-olk-copy-source=\"MessageBody\">\u00a0<\/div><div data-olk-copy-source=\"MessageBody\"><div><div class=\"x_x_elementToProof\"><div class=\"x_elementToProof\" data-olk-copy-source=\"MessageBody\"><div class=\"x_elementToProof\" data-olk-copy-source=\"MessageBody\">Este logro constituye un reconocimiento al trabajo sostenido de la unidad acad\u00e9mica, reflejando:<\/div><ul data-start=\"894\" data-end=\"1468\"><li><div role=\"presentation\">\u2705 La excelencia de su cuerpo acad\u00e9mico, conformado por destacados investigadores y profesores con trayectoria internacional.<\/div><\/li><li><span data-olk-copy-source=\"MessageBody\">\u2705 La solidez de su formaci\u00f3n interdisciplinaria, que integra conocimientos de ingenier\u00eda, transporte y log\u00edstica para enfrentar desaf\u00edos complejos.<\/span><\/li><li><span data-olk-copy-source=\"MessageBody\">\u2705 Su constante contribuci\u00f3n a la investigaci\u00f3n y al desarrollo del pa\u00eds, generando conocimiento y soluciones innovadoras con impacto real.<\/span><\/li><li><span data-olk-copy-source=\"MessageBody\">\u2705 El compromiso con la calidad y la mejora continua, que garantiza un entorno formativo de primer nivel para estudiantes nacionales y extranjeros.<\/span><\/li><\/ul><\/div><p>El programa forma profesionales capaces de\u00a0<b>analizar, modelar y resolver problemas de transporte y log\u00edstica<\/b>, aportando tanto a la academia como al sector p\u00fablico y privado. Adem\u00e1s, promueve la innovaci\u00f3n y el emprendimiento, preparando a sus egresados para liderar proyectos estrat\u00e9gicos y contribuir al desarrollo sustentable del sistema de transporte y la gesti\u00f3n log\u00edstica en Chile y el mundo.<\/p><\/div><\/div><\/div><div><div>La acreditaci\u00f3n obtenida es tambi\u00e9n un reconocimiento al esfuerzo colectivo. Un agradecimiento especial se extiende a todas las personas que participaron directamente en el\u00a0<b>proceso de acreditaci\u00f3n<\/b>, cuyo trabajo riguroso, compromiso y dedicaci\u00f3n hicieron posible alcanzar este importante logro institucional.<\/div><div>\u00a0<\/div><\/div><div><div class=\"x_elementToProof\" data-olk-copy-source=\"MessageBody\">Con este resultado, nuestro Departamento y la Facultad de Ingenier\u00eda UC reafirma su compromiso con la excelencia acad\u00e9mica y la formaci\u00f3n de capital humano avanzado que contribuya al progreso del pa\u00eds.<\/div><\/div><div><div>\u00a0<\/div><\/div><div>\u00a0<\/div>\t\t\t\t\t\t\t\t<\/div>\n\t\t\t\t<\/div>\n\t\t\t\t\t<\/div>\n\t\t<\/div>\n\t\t\t\t\t<\/div>\n\t\t<\/section>\n\t\t\t\t<section class=\"elementor-section elementor-top-section elementor-element elementor-element-667a9b2 elementor-section-boxed elementor-section-height-default elementor-section-height-default\" data-id=\"667a9b2\" data-element_type=\"section\" data-e-type=\"section\">\n\t\t\t\t\t\t<div class=\"elementor-container elementor-column-gap-default\">\n\t\t\t\t\t<div class=\"elementor-column elementor-col-100 elementor-top-column elementor-element elementor-element-b2e6c75\" data-id=\"b2e6c75\" data-element_type=\"column\" data-e-type=\"column\">\n\t\t\t<div class=\"elementor-widget-wrap\">\n\t\t\t\t\t\t\t<\/div>\n\t\t<\/div>\n\t\t\t\t\t<\/div>\n\t\t<\/section>\n\t\t\t\t<section class=\"elementor-section elementor-top-section elementor-element elementor-element-ecc1b8a elementor-section-boxed elementor-section-height-default elementor-section-height-default\" data-id=\"ecc1b8a\" data-element_type=\"section\" data-e-type=\"section\">\n\t\t\t\t\t\t<div class=\"elementor-container elementor-column-gap-default\">\n\t\t\t\t\t<div class=\"elementor-column elementor-col-100 elementor-top-column elementor-element elementor-element-683397d\" data-id=\"683397d\" data-element_type=\"column\" data-e-type=\"column\">\n\t\t\t<div class=\"elementor-widget-wrap elementor-element-populated\">\n\t\t\t\t\t\t<section class=\"elementor-section elementor-inner-section elementor-element elementor-element-6d01df3 elementor-section-boxed elementor-section-height-default elementor-section-height-default\" data-id=\"6d01df3\" data-element_type=\"section\" data-e-type=\"section\">\n\t\t\t\t\t\t<div class=\"elementor-container elementor-column-gap-default\">\n\t\t\t\t\t<div class=\"elementor-column elementor-col-50 elementor-inner-column elementor-element elementor-element-f969001\" data-id=\"f969001\" data-element_type=\"column\" data-e-type=\"column\">\n\t\t\t<div class=\"elementor-widget-wrap\">\n\t\t\t\t\t\t\t<\/div>\n\t\t<\/div>\n\t\t\t\t<div class=\"elementor-column elementor-col-50 elementor-inner-column elementor-element elementor-element-6dcca46\" data-id=\"6dcca46\" data-element_type=\"column\" data-e-type=\"column\">\n\t\t\t<div class=\"elementor-widget-wrap\">\n\t\t\t\t\t\t\t<\/div>\n\t\t<\/div>\n\t\t\t\t\t<\/div>\n\t\t<\/section>\n\t\t\t\t\t<\/div>\n\t\t<\/div>\n\t\t\t\t\t<\/div>\n\t\t<\/section>\n\t\t\t\t<\/div>\n\t\t","protected":false},"excerpt":{"rendered":"<p><\/p>\n<p><img src=https:\/\/www.ing.uc.cl\/transporte-y-logistica\/wp-content\/uploads\/2025\/08\/PORTADA-1-1024x617.jpg\" style=\"all: unset;margin-top:0px; width: 60px; float:left; display: inline;margin-right:9px\"> Mag\u00edster en Ciencias de la Ingenier\u00eda, \u00e1rea Ingenier\u00eda de Transporte y Log\u00edstica UC, obtiene 8 a\u00f1os de acreditaci\u00f3n\u00bb<\/p>\n","protected":false},"author":8,"featured_media":13464,"comment_status":"closed","ping_status":"closed","sticky":false,"template":"","format":"standard","meta":{"_acf_changed":false,"footnotes":""},"categories":[4],"tags":[],"class_list":{"0":"post-13454","1":"post","2":"type-post","3":"status-publish","4":"format-standard","5":"has-post-thumbnail","6":"hentry","7":"category-noticia-destacada","9":"post-with-thumbnail","10":"post-with-thumbnail-large"},"acf":[],"yoast_head":"<!-- This site is optimized with the Yoast SEO plugin v27.5 - https:\/\/yoast.com\/product\/yoast-seo-wordpress\/ -->\n<title>Mag\u00edster en Ciencias de la Ingenier\u00eda, \u00e1rea Ingenier\u00eda de Transporte y Log\u00edstica UC, obtiene 8 a\u00f1os de acreditaci\u00f3n. - Departamento de Ingenier\u00eda de Transporte y Log\u00edstica<\/title>\n<meta name=\"robots\" content=\"index, follow, max-snippet:-1, max-image-preview:large, max-video-preview:-1\" \/>\n<link rel=\"canonical\" href=\"https:\/\/www.ing.uc.cl\/transporte-y-logistica\/magister-en-ciencias-de-la-ingenieria-area-ingenieria-de-transporte-y-logistica-uc-obtiene-8-anos-de-acreditacion\/\" \/>\n<meta property=\"og:locale\" content=\"es_ES\" \/>\n<meta property=\"og:type\" content=\"article\" \/>\n<meta property=\"og:title\" content=\"Mag\u00edster en Ciencias de la Ingenier\u00eda, \u00e1rea Ingenier\u00eda de Transporte y Log\u00edstica UC, obtiene 8 a\u00f1os de acreditaci\u00f3n. - Departamento de Ingenier\u00eda de Transporte y Log\u00edstica\" \/>\n<meta property=\"og:url\" content=\"https:\/\/www.ing.uc.cl\/transporte-y-logistica\/magister-en-ciencias-de-la-ingenieria-area-ingenieria-de-transporte-y-logistica-uc-obtiene-8-anos-de-acreditacion\/\" \/>\n<meta property=\"og:site_name\" content=\"Departamento de Ingenier\u00eda de Transporte y Log\u00edstica\" \/>\n<meta property=\"article:published_time\" content=\"2025-08-27T19:15:47+00:00\" \/>\n<meta property=\"article:modified_time\" content=\"2025-08-27T19:15:49+00:00\" \/>\n<meta property=\"og:image\" content=\"https:\/\/www.ing.uc.cl\/transporte-y-logistica\/wp-content\/uploads\/2025\/08\/PORTADA-1.jpg\" \/>\n\t<meta property=\"og:image:width\" content=\"1032\" \/>\n\t<meta property=\"og:image:height\" content=\"622\" \/>\n\t<meta property=\"og:image:type\" content=\"image\/jpeg\" \/>\n<meta name=\"author\" content=\"Keyra Tiape\" \/>\n<meta name=\"twitter:card\" content=\"summary_large_image\" \/>\n<meta name=\"twitter:label1\" content=\"Escrito por\" \/>\n\t<meta name=\"twitter:data1\" content=\"Keyra Tiape\" \/>\n\t<meta name=\"twitter:label2\" content=\"Tiempo de lectura\" \/>\n\t<meta name=\"twitter:data2\" content=\"2 minutos\" \/>\n<script type=\"application\/ld+json\" class=\"yoast-schema-graph\">{\"@context\":\"https:\\\/\\\/schema.org\",\"@graph\":[{\"@type\":\"Article\",\"@id\":\"https:\\\/\\\/www.ing.uc.cl\\\/transporte-y-logistica\\\/magister-en-ciencias-de-la-ingenieria-area-ingenieria-de-transporte-y-logistica-uc-obtiene-8-anos-de-acreditacion\\\/#article\",\"isPartOf\":{\"@id\":\"https:\\\/\\\/www.ing.uc.cl\\\/transporte-y-logistica\\\/magister-en-ciencias-de-la-ingenieria-area-ingenieria-de-transporte-y-logistica-uc-obtiene-8-anos-de-acreditacion\\\/\"},\"author\":{\"name\":\"Keyra Tiape\",\"@id\":\"https:\\\/\\\/www.ing.uc.cl\\\/transporte-y-logistica\\\/#\\\/schema\\\/person\\\/18b5c75a93aca6dfe42b216977b110a2\"},\"headline\":\"Mag\u00edster en Ciencias de la Ingenier\u00eda, \u00e1rea Ingenier\u00eda de Transporte y Log\u00edstica UC, obtiene 8 a\u00f1os de acreditaci\u00f3n.\",\"datePublished\":\"2025-08-27T19:15:47+00:00\",\"dateModified\":\"2025-08-27T19:15:49+00:00\",\"mainEntityOfPage\":{\"@id\":\"https:\\\/\\\/www.ing.uc.cl\\\/transporte-y-logistica\\\/magister-en-ciencias-de-la-ingenieria-area-ingenieria-de-transporte-y-logistica-uc-obtiene-8-anos-de-acreditacion\\\/\"},\"wordCount\":342,\"image\":{\"@id\":\"https:\\\/\\\/www.ing.uc.cl\\\/transporte-y-logistica\\\/magister-en-ciencias-de-la-ingenieria-area-ingenieria-de-transporte-y-logistica-uc-obtiene-8-anos-de-acreditacion\\\/#primaryimage\"},\"thumbnailUrl\":\"https:\\\/\\\/www.ing.uc.cl\\\/transporte-y-logistica\\\/wp-content\\\/uploads\\\/2025\\\/08\\\/PORTADA-1.jpg\",\"articleSection\":[\"Noticia Destacada\"],\"inLanguage\":\"es\"},{\"@type\":\"WebPage\",\"@id\":\"https:\\\/\\\/www.ing.uc.cl\\\/transporte-y-logistica\\\/magister-en-ciencias-de-la-ingenieria-area-ingenieria-de-transporte-y-logistica-uc-obtiene-8-anos-de-acreditacion\\\/\",\"url\":\"https:\\\/\\\/www.ing.uc.cl\\\/transporte-y-logistica\\\/magister-en-ciencias-de-la-ingenieria-area-ingenieria-de-transporte-y-logistica-uc-obtiene-8-anos-de-acreditacion\\\/\",\"name\":\"Mag\u00edster en Ciencias de la Ingenier\u00eda, \u00e1rea Ingenier\u00eda de Transporte y Log\u00edstica UC, obtiene 8 a\u00f1os de acreditaci\u00f3n. - Departamento de Ingenier\u00eda de Transporte y Log\u00edstica\",\"isPartOf\":{\"@id\":\"https:\\\/\\\/www.ing.uc.cl\\\/transporte-y-logistica\\\/#website\"},\"primaryImageOfPage\":{\"@id\":\"https:\\\/\\\/www.ing.uc.cl\\\/transporte-y-logistica\\\/magister-en-ciencias-de-la-ingenieria-area-ingenieria-de-transporte-y-logistica-uc-obtiene-8-anos-de-acreditacion\\\/#primaryimage\"},\"image\":{\"@id\":\"https:\\\/\\\/www.ing.uc.cl\\\/transporte-y-logistica\\\/magister-en-ciencias-de-la-ingenieria-area-ingenieria-de-transporte-y-logistica-uc-obtiene-8-anos-de-acreditacion\\\/#primaryimage\"},\"thumbnailUrl\":\"https:\\\/\\\/www.ing.uc.cl\\\/transporte-y-logistica\\\/wp-content\\\/uploads\\\/2025\\\/08\\\/PORTADA-1.jpg\",\"datePublished\":\"2025-08-27T19:15:47+00:00\",\"dateModified\":\"2025-08-27T19:15:49+00:00\",\"author\":{\"@id\":\"https:\\\/\\\/www.ing.uc.cl\\\/transporte-y-logistica\\\/#\\\/schema\\\/person\\\/18b5c75a93aca6dfe42b216977b110a2\"},\"breadcrumb\":{\"@id\":\"https:\\\/\\\/www.ing.uc.cl\\\/transporte-y-logistica\\\/magister-en-ciencias-de-la-ingenieria-area-ingenieria-de-transporte-y-logistica-uc-obtiene-8-anos-de-acreditacion\\\/#breadcrumb\"},\"inLanguage\":\"es\",\"potentialAction\":[{\"@type\":\"ReadAction\",\"target\":[\"https:\\\/\\\/www.ing.uc.cl\\\/transporte-y-logistica\\\/magister-en-ciencias-de-la-ingenieria-area-ingenieria-de-transporte-y-logistica-uc-obtiene-8-anos-de-acreditacion\\\/\"]}]},{\"@type\":\"ImageObject\",\"inLanguage\":\"es\",\"@id\":\"https:\\\/\\\/www.ing.uc.cl\\\/transporte-y-logistica\\\/magister-en-ciencias-de-la-ingenieria-area-ingenieria-de-transporte-y-logistica-uc-obtiene-8-anos-de-acreditacion\\\/#primaryimage\",\"url\":\"https:\\\/\\\/www.ing.uc.cl\\\/transporte-y-logistica\\\/wp-content\\\/uploads\\\/2025\\\/08\\\/PORTADA-1.jpg\",\"contentUrl\":\"https:\\\/\\\/www.ing.uc.cl\\\/transporte-y-logistica\\\/wp-content\\\/uploads\\\/2025\\\/08\\\/PORTADA-1.jpg\",\"width\":1032,\"height\":622},{\"@type\":\"BreadcrumbList\",\"@id\":\"https:\\\/\\\/www.ing.uc.cl\\\/transporte-y-logistica\\\/magister-en-ciencias-de-la-ingenieria-area-ingenieria-de-transporte-y-logistica-uc-obtiene-8-anos-de-acreditacion\\\/#breadcrumb\",\"itemListElement\":[{\"@type\":\"ListItem\",\"position\":1,\"name\":\"Portada\",\"item\":\"https:\\\/\\\/www.ing.uc.cl\\\/transporte-y-logistica\\\/\"},{\"@type\":\"ListItem\",\"position\":2,\"name\":\"Mag\u00edster en Ciencias de la Ingenier\u00eda, \u00e1rea Ingenier\u00eda de Transporte y Log\u00edstica UC, obtiene 8 a\u00f1os de acreditaci\u00f3n.\"}]},{\"@type\":\"WebSite\",\"@id\":\"https:\\\/\\\/www.ing.uc.cl\\\/transporte-y-logistica\\\/#website\",\"url\":\"https:\\\/\\\/www.ing.uc.cl\\\/transporte-y-logistica\\\/\",\"name\":\"Departamento de Ingenier\u00eda de Transporte y Log\u00edstica\",\"description\":\"DITL\",\"potentialAction\":[{\"@type\":\"SearchAction\",\"target\":{\"@type\":\"EntryPoint\",\"urlTemplate\":\"https:\\\/\\\/www.ing.uc.cl\\\/transporte-y-logistica\\\/?s={search_term_string}\"},\"query-input\":{\"@type\":\"PropertyValueSpecification\",\"valueRequired\":true,\"valueName\":\"search_term_string\"}}],\"inLanguage\":\"es\"},{\"@type\":\"Person\",\"@id\":\"https:\\\/\\\/www.ing.uc.cl\\\/transporte-y-logistica\\\/#\\\/schema\\\/person\\\/18b5c75a93aca6dfe42b216977b110a2\",\"name\":\"Keyra Tiape\",\"image\":{\"@type\":\"ImageObject\",\"inLanguage\":\"es\",\"@id\":\"https:\\\/\\\/secure.gravatar.com\\\/avatar\\\/b9c60b714a61c8b70e7cf40e0d582f280e9f385ad6edd0c4704b97f5749bd36e?s=96&d=mm&r=g\",\"url\":\"https:\\\/\\\/secure.gravatar.com\\\/avatar\\\/b9c60b714a61c8b70e7cf40e0d582f280e9f385ad6edd0c4704b97f5749bd36e?s=96&d=mm&r=g\",\"contentUrl\":\"https:\\\/\\\/secure.gravatar.com\\\/avatar\\\/b9c60b714a61c8b70e7cf40e0d582f280e9f385ad6edd0c4704b97f5749bd36e?s=96&d=mm&r=g\",\"caption\":\"Keyra Tiape\"},\"url\":\"https:\\\/\\\/www.ing.uc.cl\\\/transporte-y-logistica\\\/author\\\/ktiape\\\/\"}]}<\/script>\n<!-- \/ Yoast SEO plugin. -->","yoast_head_json":{"title":"Mag\u00edster en Ciencias de la Ingenier\u00eda, \u00e1rea Ingenier\u00eda de Transporte y Log\u00edstica UC, obtiene 8 a\u00f1os de acreditaci\u00f3n. - Departamento de Ingenier\u00eda de Transporte y Log\u00edstica","robots":{"index":"index","follow":"follow","max-snippet":"max-snippet:-1","max-image-preview":"max-image-preview:large","max-video-preview":"max-video-preview:-1"},"canonical":"https:\/\/www.ing.uc.cl\/transporte-y-logistica\/magister-en-ciencias-de-la-ingenieria-area-ingenieria-de-transporte-y-logistica-uc-obtiene-8-anos-de-acreditacion\/","og_locale":"es_ES","og_type":"article","og_title":"Mag\u00edster en Ciencias de la Ingenier\u00eda, \u00e1rea Ingenier\u00eda de Transporte y Log\u00edstica UC, obtiene 8 a\u00f1os de acreditaci\u00f3n. - Departamento de Ingenier\u00eda de Transporte y Log\u00edstica","og_url":"https:\/\/www.ing.uc.cl\/transporte-y-logistica\/magister-en-ciencias-de-la-ingenieria-area-ingenieria-de-transporte-y-logistica-uc-obtiene-8-anos-de-acreditacion\/","og_site_name":"Departamento de Ingenier\u00eda de Transporte y Log\u00edstica","article_published_time":"2025-08-27T19:15:47+00:00","article_modified_time":"2025-08-27T19:15:49+00:00","og_image":[{"width":1032,"height":622,"url":"https:\/\/www.ing.uc.cl\/transporte-y-logistica\/wp-content\/uploads\/2025\/08\/PORTADA-1.jpg","type":"image\/jpeg"}],"author":"Keyra Tiape","twitter_card":"summary_large_image","twitter_misc":{"Escrito por":"Keyra Tiape","Tiempo de lectura":"2 minutos"},"schema":{"@context":"https:\/\/schema.org","@graph":[{"@type":"Article","@id":"https:\/\/www.ing.uc.cl\/transporte-y-logistica\/magister-en-ciencias-de-la-ingenieria-area-ingenieria-de-transporte-y-logistica-uc-obtiene-8-anos-de-acreditacion\/#article","isPartOf":{"@id":"https:\/\/www.ing.uc.cl\/transporte-y-logistica\/magister-en-ciencias-de-la-ingenieria-area-ingenieria-de-transporte-y-logistica-uc-obtiene-8-anos-de-acreditacion\/"},"author":{"name":"Keyra Tiape","@id":"https:\/\/www.ing.uc.cl\/transporte-y-logistica\/#\/schema\/person\/18b5c75a93aca6dfe42b216977b110a2"},"headline":"Mag\u00edster en Ciencias de la Ingenier\u00eda, \u00e1rea Ingenier\u00eda de Transporte y Log\u00edstica UC, obtiene 8 a\u00f1os de acreditaci\u00f3n.","datePublished":"2025-08-27T19:15:47+00:00","dateModified":"2025-08-27T19:15:49+00:00","mainEntityOfPage":{"@id":"https:\/\/www.ing.uc.cl\/transporte-y-logistica\/magister-en-ciencias-de-la-ingenieria-area-ingenieria-de-transporte-y-logistica-uc-obtiene-8-anos-de-acreditacion\/"},"wordCount":342,"image":{"@id":"https:\/\/www.ing.uc.cl\/transporte-y-logistica\/magister-en-ciencias-de-la-ingenieria-area-ingenieria-de-transporte-y-logistica-uc-obtiene-8-anos-de-acreditacion\/#primaryimage"},"thumbnailUrl":"https:\/\/www.ing.uc.cl\/transporte-y-logistica\/wp-content\/uploads\/2025\/08\/PORTADA-1.jpg","articleSection":["Noticia Destacada"],"inLanguage":"es"},{"@type":"WebPage","@id":"https:\/\/www.ing.uc.cl\/transporte-y-logistica\/magister-en-ciencias-de-la-ingenieria-area-ingenieria-de-transporte-y-logistica-uc-obtiene-8-anos-de-acreditacion\/","url":"https:\/\/www.ing.uc.cl\/transporte-y-logistica\/magister-en-ciencias-de-la-ingenieria-area-ingenieria-de-transporte-y-logistica-uc-obtiene-8-anos-de-acreditacion\/","name":"Mag\u00edster en Ciencias de la Ingenier\u00eda, \u00e1rea Ingenier\u00eda de Transporte y Log\u00edstica UC, obtiene 8 a\u00f1os de acreditaci\u00f3n. - Departamento de Ingenier\u00eda de Transporte y Log\u00edstica","isPartOf":{"@id":"https:\/\/www.ing.uc.cl\/transporte-y-logistica\/#website"},"primaryImageOfPage":{"@id":"https:\/\/www.ing.uc.cl\/transporte-y-logistica\/magister-en-ciencias-de-la-ingenieria-area-ingenieria-de-transporte-y-logistica-uc-obtiene-8-anos-de-acreditacion\/#primaryimage"},"image":{"@id":"https:\/\/www.ing.uc.cl\/transporte-y-logistica\/magister-en-ciencias-de-la-ingenieria-area-ingenieria-de-transporte-y-logistica-uc-obtiene-8-anos-de-acreditacion\/#primaryimage"},"thumbnailUrl":"https:\/\/www.ing.uc.cl\/transporte-y-logistica\/wp-content\/uploads\/2025\/08\/PORTADA-1.jpg","datePublished":"2025-08-27T19:15:47+00:00","dateModified":"2025-08-27T19:15:49+00:00","author":{"@id":"https:\/\/www.ing.uc.cl\/transporte-y-logistica\/#\/schema\/person\/18b5c75a93aca6dfe42b216977b110a2"},"breadcrumb":{"@id":"https:\/\/www.ing.uc.cl\/transporte-y-logistica\/magister-en-ciencias-de-la-ingenieria-area-ingenieria-de-transporte-y-logistica-uc-obtiene-8-anos-de-acreditacion\/#breadcrumb"},"inLanguage":"es","potentialAction":[{"@type":"ReadAction","target":["https:\/\/www.ing.uc.cl\/transporte-y-logistica\/magister-en-ciencias-de-la-ingenieria-area-ingenieria-de-transporte-y-logistica-uc-obtiene-8-anos-de-acreditacion\/"]}]},{"@type":"ImageObject","inLanguage":"es","@id":"https:\/\/www.ing.uc.cl\/transporte-y-logistica\/magister-en-ciencias-de-la-ingenieria-area-ingenieria-de-transporte-y-logistica-uc-obtiene-8-anos-de-acreditacion\/#primaryimage","url":"https:\/\/www.ing.uc.cl\/transporte-y-logistica\/wp-content\/uploads\/2025\/08\/PORTADA-1.jpg","contentUrl":"https:\/\/www.ing.uc.cl\/transporte-y-logistica\/wp-content\/uploads\/2025\/08\/PORTADA-1.jpg","width":1032,"height":622},{"@type":"BreadcrumbList","@id":"https:\/\/www.ing.uc.cl\/transporte-y-logistica\/magister-en-ciencias-de-la-ingenieria-area-ingenieria-de-transporte-y-logistica-uc-obtiene-8-anos-de-acreditacion\/#breadcrumb","itemListElement":[{"@type":"ListItem","position":1,"name":"Portada","item":"https:\/\/www.ing.uc.cl\/transporte-y-logistica\/"},{"@type":"ListItem","position":2,"name":"Mag\u00edster en Ciencias de la Ingenier\u00eda, \u00e1rea Ingenier\u00eda de Transporte y Log\u00edstica UC, obtiene 8 a\u00f1os de acreditaci\u00f3n."}]},{"@type":"WebSite","@id":"https:\/\/www.ing.uc.cl\/transporte-y-logistica\/#website","url":"https:\/\/www.ing.uc.cl\/transporte-y-logistica\/","name":"Departamento de Ingenier\u00eda de Transporte y Log\u00edstica","description":"DITL","potentialAction":[{"@type":"SearchAction","target":{"@type":"EntryPoint","urlTemplate":"https:\/\/www.ing.uc.cl\/transporte-y-logistica\/?s={search_term_string}"},"query-input":{"@type":"PropertyValueSpecification","valueRequired":true,"valueName":"search_term_string"}}],"inLanguage":"es"},{"@type":"Person","@id":"https:\/\/www.ing.uc.cl\/transporte-y-logistica\/#\/schema\/person\/18b5c75a93aca6dfe42b216977b110a2","name":"Keyra Tiape","image":{"@type":"ImageObject","inLanguage":"es","@id":"https:\/\/secure.gravatar.com\/avatar\/b9c60b714a61c8b70e7cf40e0d582f280e9f385ad6edd0c4704b97f5749bd36e?s=96&d=mm&r=g","url":"https:\/\/secure.gravatar.com\/avatar\/b9c60b714a61c8b70e7cf40e0d582f280e9f385ad6edd0c4704b97f5749bd36e?s=96&d=mm&r=g","contentUrl":"https:\/\/secure.gravatar.com\/avatar\/b9c60b714a61c8b70e7cf40e0d582f280e9f385ad6edd0c4704b97f5749bd36e?s=96&d=mm&r=g","caption":"Keyra Tiape"},"url":"https:\/\/www.ing.uc.cl\/transporte-y-logistica\/author\/ktiape\/"}]}},"_links":{"self":[{"href":"https:\/\/www.ing.uc.cl\/transporte-y-logistica\/wp-json\/wp\/v2\/posts\/13454","targetHints":{"allow":["GET"]}}],"collection":[{"href":"https:\/\/www.ing.uc.cl\/transporte-y-logistica\/wp-json\/wp\/v2\/posts"}],"about":[{"href":"https:\/\/www.ing.uc.cl\/transporte-y-logistica\/wp-json\/wp\/v2\/types\/post"}],"author":[{"embeddable":true,"href":"https:\/\/www.ing.uc.cl\/transporte-y-logistica\/wp-json\/wp\/v2\/users\/8"}],"replies":[{"embeddable":true,"href":"https:\/\/www.ing.uc.cl\/transporte-y-logistica\/wp-json\/wp\/v2\/comments?post=13454"}],"version-history":[{"count":5,"href":"https:\/\/www.ing.uc.cl\/transporte-y-logistica\/wp-json\/wp\/v2\/posts\/13454\/revisions"}],"predecessor-version":[{"id":13465,"href":"https:\/\/www.ing.uc.cl\/transporte-y-logistica\/wp-json\/wp\/v2\/posts\/13454\/revisions\/13465"}],"wp:featuredmedia":[{"embeddable":true,"href":"https:\/\/www.ing.uc.cl\/transporte-y-logistica\/wp-json\/wp\/v2\/media\/13464"}],"wp:attachment":[{"href":"https:\/\/www.ing.uc.cl\/transporte-y-logistica\/wp-json\/wp\/v2\/media?parent=13454"}],"wp:term":[{"taxonomy":"category","embeddable":true,"href":"https:\/\/www.ing.uc.cl\/transporte-y-logistica\/wp-json\/wp\/v2\/categories?post=13454"},{"taxonomy":"post_tag","embeddable":true,"href":"https:\/\/www.ing.uc.cl\/transporte-y-logistica\/wp-json\/wp\/v2\/tags?post=13454"}],"curies":[{"name":"wp","href":"https:\/\/api.w.org\/{rel}","templated":true}]}}