{"id":7837,"date":"2020-04-16T15:51:30","date_gmt":"2020-04-16T18:51:30","guid":{"rendered":"https:\/\/www.ing.uc.cl\/transporte-y-logistica\/?p=7837"},"modified":"2023-10-10T10:11:20","modified_gmt":"2023-10-10T13:11:20","slug":"inauguracion-de-ano-academico-2020","status":"publish","type":"post","link":"https:\/\/www.ing.uc.cl\/transporte-y-logistica\/inauguracion-de-ano-academico-2020\/","title":{"rendered":"Inauguraci\u00f3n de A\u00f1o Acad\u00e9mico 2020"},"content":{"rendered":"<p style=\"text-align: center;\"><iframe src=\"\/\/www.youtube.com\/embed\/AjYnWenby7Q\" width=\"560\" height=\"314\" allowfullscreen=\"allowfullscreen\"><\/iframe><\/p>\n<p>El d\u00eda mi\u00e9rcoles 15 de abril a las 14:00 hrs se realiz\u00f3 el tradicional lanzamiento del a\u00f1o acad\u00e9mico del Departamento de Ingenier\u00eda de Transporte y Log\u00edstica. Debido a las medidas de distanciamiento social establecidas por el Gobierno de Chile ante la emergencia sanitaria, este evento se realiz\u00f3 de manera virtual a trav\u00e9s de la plataforma Zoom, logrando una convocatoria de m\u00e1s de 60 asistentes, entre los cuales se encontraban estudiantes, acad\u00e9micos, profesores del departamento y profesionales del \u00e1rea.<\/p>\n<p>La ceremonia comenz\u00f3 con el discurso inicial de nuestro director, el profesor Juan Carlos Herrera. En este, realiz\u00f3 una breve presentaci\u00f3n del Departamento y de los miembros de la comunidad DITL, adem\u00e1s de contar sobre los centros de investigaci\u00f3n asociados y los proyectos que se est\u00e1n llevando a cabo. Por otro lado, aprovech\u00f3 la ocasi\u00f3n para presentar el nuevo MOOC (<em>Massive Online Open Courses<\/em>) del profesor Homero Larrain t\u00edtulado <strong><em>\u00bfC\u00f3mo viajamos por la ciudad? Asignaci\u00f3n y equilibrio en redes de transporte<\/em><\/strong>. El Departamento adem\u00e1s, cuenta con otros 3 cursos gratuitos <em>online <\/em>que incluyen An\u00e1lisis de sistemas de transporte, Introducci\u00f3n a los modelos de demanda de transporte e Ingenier\u00eda de tr\u00e1fico, todos dictados por profesores del departamento.<\/p>\n<p><img fetchpriority=\"high\" decoding=\"async\" class=\"aligncenter size-large wp-image-7840\" src=\"https:\/\/www.ing.uc.cl\/transporte-y-logistica\/wp-content\/uploads\/2020\/04\/untitled1-1-1024x576.png\" alt=\"\" width=\"1024\" height=\"576\" srcset=\"https:\/\/www.ing.uc.cl\/transporte-y-logistica\/wp-content\/uploads\/2020\/04\/untitled1-1-1024x576.png 1024w, https:\/\/www.ing.uc.cl\/transporte-y-logistica\/wp-content\/uploads\/2020\/04\/untitled1-1-300x169.png 300w, https:\/\/www.ing.uc.cl\/transporte-y-logistica\/wp-content\/uploads\/2020\/04\/untitled1-1-768x432.png 768w, https:\/\/www.ing.uc.cl\/transporte-y-logistica\/wp-content\/uploads\/2020\/04\/untitled1-1-1536x864.png 1536w, https:\/\/www.ing.uc.cl\/transporte-y-logistica\/wp-content\/uploads\/2020\/04\/untitled1-1-400x225.png 400w, https:\/\/www.ing.uc.cl\/transporte-y-logistica\/wp-content\/uploads\/2020\/04\/untitled1-1.png 1920w\" sizes=\"(max-width: 1024px) 100vw, 1024px\" \/><\/p>\n<p>A continuaci\u00f3n, el profesor Juan Carlos Mu\u00f1oz present\u00f3 al expositor de esta jornada, el ingeniero franc\u00e9s Bruno Charrade. Charrade ha estado ligado a la industria del transporte p\u00fablico en distintos lugares del mundo (Europa, Asia y Latinoam\u00e9rica) desde el a\u00f1o 2000, y actualmente se desempe\u00f1a como CEO del \u00e1rea internacional del grupo Transdev. Transdev es un operador de transporte p\u00fablico privado internacional con sede en Francia, con operaciones en m\u00e1s de 20 pa\u00edses<\/p>\n<p><img decoding=\"async\" class=\"aligncenter size-large wp-image-7843\" src=\"https:\/\/www.ing.uc.cl\/transporte-y-logistica\/wp-content\/uploads\/2020\/04\/untitled4-1-1024x576.png\" alt=\"\" width=\"1024\" height=\"576\" srcset=\"https:\/\/www.ing.uc.cl\/transporte-y-logistica\/wp-content\/uploads\/2020\/04\/untitled4-1-1024x576.png 1024w, https:\/\/www.ing.uc.cl\/transporte-y-logistica\/wp-content\/uploads\/2020\/04\/untitled4-1-300x169.png 300w, https:\/\/www.ing.uc.cl\/transporte-y-logistica\/wp-content\/uploads\/2020\/04\/untitled4-1-768x432.png 768w, https:\/\/www.ing.uc.cl\/transporte-y-logistica\/wp-content\/uploads\/2020\/04\/untitled4-1-1536x864.png 1536w, https:\/\/www.ing.uc.cl\/transporte-y-logistica\/wp-content\/uploads\/2020\/04\/untitled4-1-400x225.png 400w, https:\/\/www.ing.uc.cl\/transporte-y-logistica\/wp-content\/uploads\/2020\/04\/untitled4-1.png 1920w\" sizes=\"(max-width: 1024px) 100vw, 1024px\" \/><\/p>\n<p>En su charla, <em>El transporte p\u00fablico frente a un mundo en transformaci\u00f3n y a crisis impredecibles<\/em>, Bruno se refiri\u00f3 a los distintos desaf\u00edos que plantea el presente a la industria del transporte p\u00fablico y al rol fundamental que juegan la ingenier\u00eda y la tecnolog\u00eda para enfrentarlos. En primer lugar, Bruno mencion\u00f3 los avances que se est\u00e1n generando en Transdev con respecto a al electromovilidad y a los veh\u00edculos aut\u00f3nomos, siendo pioneros en su implementaci\u00f3n en la industria del transporte p\u00fablico.<\/p>\n<p>Por otro lado, se refiri\u00f3 a la reacci\u00f3n de la industria frente a la crisis sanitaria generada por el virus COVID-19 y la importancia de los modelos y matrices de riesgo para reaccionar ante estas eventualidades de forma oportuna. Con respecto a este punto, Bruno destac\u00f3 los esfuerzos que se est\u00e1n realizando en Transdev para seguir operando en tiempos de pandemia, en especial con respecto a la desinfecci\u00f3n de los veh\u00edculos, paraderos y terminales, adem\u00e1s de controlar la carga de pasajeros.<\/p>\n<p>Finalmente, se abri\u00f3 un espacio de preguntas, donde los asistentes expresaron sus preocupaciones con respecto al espacio de incertidumbre en el \u00e1rea del transporte y log\u00edstica que plantea el escenario mundial actual.    \t<\/p>\n","protected":false},"excerpt":{"rendered":"<p><\/p>\n<p><img decoding=\"async\" src=\"https:\/\/www.ing.uc.cl\/transporte-y-logistica\/wp-content\/uploads\/2020\/04\/unnamed.jpg\" style=\"all: unset;margin-top:0px; width: 50px; float:left; display: inline;margin-right:9px\">El d\u00eda mi\u00e9rcoles 15 de abril a las 14:00 hrs se realiz\u00f3 el tradicional lanzamiento del a\u00f1o acad\u00e9mico del Departamento de Ingenier\u00eda de Transporte y Log\u00edstica.<\/p>\n","protected":false},"author":6,"featured_media":0,"comment_status":"closed","ping_status":"closed","sticky":false,"template":"","format":"standard","meta":{"_acf_changed":false,"footnotes":""},"categories":[4],"tags":[],"class_list":["post-7837","post","type-post","status-publish","format-standard","hentry","category-noticia-destacada"],"acf":[],"yoast_head":"<!-- This site is optimized with the Yoast SEO plugin v27.5 - https:\/\/yoast.com\/product\/yoast-seo-wordpress\/ -->\n<title>Inauguraci\u00f3n de A\u00f1o Acad\u00e9mico 2020 - Departamento de Ingenier\u00eda de Transporte y Log\u00edstica<\/title>\n<meta name=\"robots\" content=\"index, follow, max-snippet:-1, max-image-preview:large, max-video-preview:-1\" \/>\n<link rel=\"canonical\" href=\"https:\/\/www.ing.uc.cl\/transporte-y-logistica\/inauguracion-de-ano-academico-2020\/\" \/>\n<meta property=\"og:locale\" content=\"es_ES\" \/>\n<meta property=\"og:type\" content=\"article\" \/>\n<meta property=\"og:title\" content=\"Inauguraci\u00f3n de A\u00f1o Acad\u00e9mico 2020 - Departamento de Ingenier\u00eda de Transporte y Log\u00edstica\" \/>\n<meta property=\"og:description\" content=\"El d\u00eda mi\u00e9rcoles 15 de abril a las 14:00 hrs se realiz\u00f3 el tradicional lanzamiento del a\u00f1o acad\u00e9mico del Departamento de Ingenier\u00eda de Transporte y Log\u00edstica.\" \/>\n<meta property=\"og:url\" content=\"https:\/\/www.ing.uc.cl\/transporte-y-logistica\/inauguracion-de-ano-academico-2020\/\" \/>\n<meta property=\"og:site_name\" content=\"Departamento de Ingenier\u00eda de Transporte y Log\u00edstica\" \/>\n<meta property=\"article:published_time\" content=\"2020-04-16T18:51:30+00:00\" \/>\n<meta property=\"article:modified_time\" content=\"2023-10-10T13:11:20+00:00\" \/>\n<meta property=\"og:image\" content=\"https:\/\/www.ing.uc.cl\/transporte-y-logistica\/wp-content\/uploads\/2020\/04\/untitled1-1-1024x576.png\" \/>\n<meta name=\"author\" content=\"Francisco Herreros\" \/>\n<meta name=\"twitter:card\" content=\"summary_large_image\" \/>\n<meta name=\"twitter:label1\" content=\"Escrito por\" \/>\n\t<meta name=\"twitter:data1\" content=\"Francisco Herreros\" \/>\n\t<meta name=\"twitter:label2\" content=\"Tiempo de lectura\" \/>\n\t<meta name=\"twitter:data2\" content=\"3 minutos\" \/>\n<script type=\"application\/ld+json\" class=\"yoast-schema-graph\">{\"@context\":\"https:\\\/\\\/schema.org\",\"@graph\":[{\"@type\":\"Article\",\"@id\":\"https:\\\/\\\/www.ing.uc.cl\\\/transporte-y-logistica\\\/inauguracion-de-ano-academico-2020\\\/#article\",\"isPartOf\":{\"@id\":\"https:\\\/\\\/www.ing.uc.cl\\\/transporte-y-logistica\\\/inauguracion-de-ano-academico-2020\\\/\"},\"author\":{\"name\":\"Francisco Herreros\",\"@id\":\"https:\\\/\\\/www.ing.uc.cl\\\/transporte-y-logistica\\\/#\\\/schema\\\/person\\\/7f1604ffa51b3299c501b9e2f9583aa6\"},\"headline\":\"Inauguraci\u00f3n de A\u00f1o Acad\u00e9mico 2020\",\"datePublished\":\"2020-04-16T18:51:30+00:00\",\"dateModified\":\"2023-10-10T13:11:20+00:00\",\"mainEntityOfPage\":{\"@id\":\"https:\\\/\\\/www.ing.uc.cl\\\/transporte-y-logistica\\\/inauguracion-de-ano-academico-2020\\\/\"},\"wordCount\":510,\"image\":{\"@id\":\"https:\\\/\\\/www.ing.uc.cl\\\/transporte-y-logistica\\\/inauguracion-de-ano-academico-2020\\\/#primaryimage\"},\"thumbnailUrl\":\"https:\\\/\\\/www.ing.uc.cl\\\/transporte-y-logistica\\\/wp-content\\\/uploads\\\/2020\\\/04\\\/untitled1-1-1024x576.png\",\"articleSection\":[\"Noticia Destacada\"],\"inLanguage\":\"es\"},{\"@type\":\"WebPage\",\"@id\":\"https:\\\/\\\/www.ing.uc.cl\\\/transporte-y-logistica\\\/inauguracion-de-ano-academico-2020\\\/\",\"url\":\"https:\\\/\\\/www.ing.uc.cl\\\/transporte-y-logistica\\\/inauguracion-de-ano-academico-2020\\\/\",\"name\":\"Inauguraci\u00f3n de A\u00f1o Acad\u00e9mico 2020 - Departamento de Ingenier\u00eda de Transporte y Log\u00edstica\",\"isPartOf\":{\"@id\":\"https:\\\/\\\/www.ing.uc.cl\\\/transporte-y-logistica\\\/#website\"},\"primaryImageOfPage\":{\"@id\":\"https:\\\/\\\/www.ing.uc.cl\\\/transporte-y-logistica\\\/inauguracion-de-ano-academico-2020\\\/#primaryimage\"},\"image\":{\"@id\":\"https:\\\/\\\/www.ing.uc.cl\\\/transporte-y-logistica\\\/inauguracion-de-ano-academico-2020\\\/#primaryimage\"},\"thumbnailUrl\":\"https:\\\/\\\/www.ing.uc.cl\\\/transporte-y-logistica\\\/wp-content\\\/uploads\\\/2020\\\/04\\\/untitled1-1-1024x576.png\",\"datePublished\":\"2020-04-16T18:51:30+00:00\",\"dateModified\":\"2023-10-10T13:11:20+00:00\",\"author\":{\"@id\":\"https:\\\/\\\/www.ing.uc.cl\\\/transporte-y-logistica\\\/#\\\/schema\\\/person\\\/7f1604ffa51b3299c501b9e2f9583aa6\"},\"breadcrumb\":{\"@id\":\"https:\\\/\\\/www.ing.uc.cl\\\/transporte-y-logistica\\\/inauguracion-de-ano-academico-2020\\\/#breadcrumb\"},\"inLanguage\":\"es\",\"potentialAction\":[{\"@type\":\"ReadAction\",\"target\":[\"https:\\\/\\\/www.ing.uc.cl\\\/transporte-y-logistica\\\/inauguracion-de-ano-academico-2020\\\/\"]}]},{\"@type\":\"ImageObject\",\"inLanguage\":\"es\",\"@id\":\"https:\\\/\\\/www.ing.uc.cl\\\/transporte-y-logistica\\\/inauguracion-de-ano-academico-2020\\\/#primaryimage\",\"url\":\"https:\\\/\\\/www.ing.uc.cl\\\/transporte-y-logistica\\\/wp-content\\\/uploads\\\/2020\\\/04\\\/untitled1-1.png\",\"contentUrl\":\"https:\\\/\\\/www.ing.uc.cl\\\/transporte-y-logistica\\\/wp-content\\\/uploads\\\/2020\\\/04\\\/untitled1-1.png\",\"width\":1920,\"height\":1080},{\"@type\":\"BreadcrumbList\",\"@id\":\"https:\\\/\\\/www.ing.uc.cl\\\/transporte-y-logistica\\\/inauguracion-de-ano-academico-2020\\\/#breadcrumb\",\"itemListElement\":[{\"@type\":\"ListItem\",\"position\":1,\"name\":\"Portada\",\"item\":\"https:\\\/\\\/www.ing.uc.cl\\\/transporte-y-logistica\\\/\"},{\"@type\":\"ListItem\",\"position\":2,\"name\":\"Inauguraci\u00f3n de A\u00f1o Acad\u00e9mico 2020\"}]},{\"@type\":\"WebSite\",\"@id\":\"https:\\\/\\\/www.ing.uc.cl\\\/transporte-y-logistica\\\/#website\",\"url\":\"https:\\\/\\\/www.ing.uc.cl\\\/transporte-y-logistica\\\/\",\"name\":\"Departamento de Ingenier\u00eda de Transporte y Log\u00edstica\",\"description\":\"DITL\",\"potentialAction\":[{\"@type\":\"SearchAction\",\"target\":{\"@type\":\"EntryPoint\",\"urlTemplate\":\"https:\\\/\\\/www.ing.uc.cl\\\/transporte-y-logistica\\\/?s={search_term_string}\"},\"query-input\":{\"@type\":\"PropertyValueSpecification\",\"valueRequired\":true,\"valueName\":\"search_term_string\"}}],\"inLanguage\":\"es\"},{\"@type\":\"Person\",\"@id\":\"https:\\\/\\\/www.ing.uc.cl\\\/transporte-y-logistica\\\/#\\\/schema\\\/person\\\/7f1604ffa51b3299c501b9e2f9583aa6\",\"name\":\"Francisco Herreros\",\"image\":{\"@type\":\"ImageObject\",\"inLanguage\":\"es\",\"@id\":\"https:\\\/\\\/secure.gravatar.com\\\/avatar\\\/63233762875caf7cb464abb0c994788b36bb5a903f4b5e6d958a14f57c41e047?s=96&d=mm&r=g\",\"url\":\"https:\\\/\\\/secure.gravatar.com\\\/avatar\\\/63233762875caf7cb464abb0c994788b36bb5a903f4b5e6d958a14f57c41e047?s=96&d=mm&r=g\",\"contentUrl\":\"https:\\\/\\\/secure.gravatar.com\\\/avatar\\\/63233762875caf7cb464abb0c994788b36bb5a903f4b5e6d958a14f57c41e047?s=96&d=mm&r=g\",\"caption\":\"Francisco Herreros\"},\"url\":\"https:\\\/\\\/www.ing.uc.cl\\\/transporte-y-logistica\\\/author\\\/fherreros\\\/\"}]}<\/script>\n<!-- \/ Yoast SEO plugin. -->","yoast_head_json":{"title":"Inauguraci\u00f3n de A\u00f1o Acad\u00e9mico 2020 - Departamento de Ingenier\u00eda de Transporte y Log\u00edstica","robots":{"index":"index","follow":"follow","max-snippet":"max-snippet:-1","max-image-preview":"max-image-preview:large","max-video-preview":"max-video-preview:-1"},"canonical":"https:\/\/www.ing.uc.cl\/transporte-y-logistica\/inauguracion-de-ano-academico-2020\/","og_locale":"es_ES","og_type":"article","og_title":"Inauguraci\u00f3n de A\u00f1o Acad\u00e9mico 2020 - Departamento de Ingenier\u00eda de Transporte y Log\u00edstica","og_description":"El d\u00eda mi\u00e9rcoles 15 de abril a las 14:00 hrs se realiz\u00f3 el tradicional lanzamiento del a\u00f1o acad\u00e9mico del Departamento de Ingenier\u00eda de Transporte y Log\u00edstica.","og_url":"https:\/\/www.ing.uc.cl\/transporte-y-logistica\/inauguracion-de-ano-academico-2020\/","og_site_name":"Departamento de Ingenier\u00eda de Transporte y Log\u00edstica","article_published_time":"2020-04-16T18:51:30+00:00","article_modified_time":"2023-10-10T13:11:20+00:00","og_image":[{"url":"https:\/\/www.ing.uc.cl\/transporte-y-logistica\/wp-content\/uploads\/2020\/04\/untitled1-1-1024x576.png","type":"","width":"","height":""}],"author":"Francisco Herreros","twitter_card":"summary_large_image","twitter_misc":{"Escrito por":"Francisco Herreros","Tiempo de lectura":"3 minutos"},"schema":{"@context":"https:\/\/schema.org","@graph":[{"@type":"Article","@id":"https:\/\/www.ing.uc.cl\/transporte-y-logistica\/inauguracion-de-ano-academico-2020\/#article","isPartOf":{"@id":"https:\/\/www.ing.uc.cl\/transporte-y-logistica\/inauguracion-de-ano-academico-2020\/"},"author":{"name":"Francisco Herreros","@id":"https:\/\/www.ing.uc.cl\/transporte-y-logistica\/#\/schema\/person\/7f1604ffa51b3299c501b9e2f9583aa6"},"headline":"Inauguraci\u00f3n de A\u00f1o Acad\u00e9mico 2020","datePublished":"2020-04-16T18:51:30+00:00","dateModified":"2023-10-10T13:11:20+00:00","mainEntityOfPage":{"@id":"https:\/\/www.ing.uc.cl\/transporte-y-logistica\/inauguracion-de-ano-academico-2020\/"},"wordCount":510,"image":{"@id":"https:\/\/www.ing.uc.cl\/transporte-y-logistica\/inauguracion-de-ano-academico-2020\/#primaryimage"},"thumbnailUrl":"https:\/\/www.ing.uc.cl\/transporte-y-logistica\/wp-content\/uploads\/2020\/04\/untitled1-1-1024x576.png","articleSection":["Noticia Destacada"],"inLanguage":"es"},{"@type":"WebPage","@id":"https:\/\/www.ing.uc.cl\/transporte-y-logistica\/inauguracion-de-ano-academico-2020\/","url":"https:\/\/www.ing.uc.cl\/transporte-y-logistica\/inauguracion-de-ano-academico-2020\/","name":"Inauguraci\u00f3n de A\u00f1o Acad\u00e9mico 2020 - Departamento de Ingenier\u00eda de Transporte y Log\u00edstica","isPartOf":{"@id":"https:\/\/www.ing.uc.cl\/transporte-y-logistica\/#website"},"primaryImageOfPage":{"@id":"https:\/\/www.ing.uc.cl\/transporte-y-logistica\/inauguracion-de-ano-academico-2020\/#primaryimage"},"image":{"@id":"https:\/\/www.ing.uc.cl\/transporte-y-logistica\/inauguracion-de-ano-academico-2020\/#primaryimage"},"thumbnailUrl":"https:\/\/www.ing.uc.cl\/transporte-y-logistica\/wp-content\/uploads\/2020\/04\/untitled1-1-1024x576.png","datePublished":"2020-04-16T18:51:30+00:00","dateModified":"2023-10-10T13:11:20+00:00","author":{"@id":"https:\/\/www.ing.uc.cl\/transporte-y-logistica\/#\/schema\/person\/7f1604ffa51b3299c501b9e2f9583aa6"},"breadcrumb":{"@id":"https:\/\/www.ing.uc.cl\/transporte-y-logistica\/inauguracion-de-ano-academico-2020\/#breadcrumb"},"inLanguage":"es","potentialAction":[{"@type":"ReadAction","target":["https:\/\/www.ing.uc.cl\/transporte-y-logistica\/inauguracion-de-ano-academico-2020\/"]}]},{"@type":"ImageObject","inLanguage":"es","@id":"https:\/\/www.ing.uc.cl\/transporte-y-logistica\/inauguracion-de-ano-academico-2020\/#primaryimage","url":"https:\/\/www.ing.uc.cl\/transporte-y-logistica\/wp-content\/uploads\/2020\/04\/untitled1-1.png","contentUrl":"https:\/\/www.ing.uc.cl\/transporte-y-logistica\/wp-content\/uploads\/2020\/04\/untitled1-1.png","width":1920,"height":1080},{"@type":"BreadcrumbList","@id":"https:\/\/www.ing.uc.cl\/transporte-y-logistica\/inauguracion-de-ano-academico-2020\/#breadcrumb","itemListElement":[{"@type":"ListItem","position":1,"name":"Portada","item":"https:\/\/www.ing.uc.cl\/transporte-y-logistica\/"},{"@type":"ListItem","position":2,"name":"Inauguraci\u00f3n de A\u00f1o Acad\u00e9mico 2020"}]},{"@type":"WebSite","@id":"https:\/\/www.ing.uc.cl\/transporte-y-logistica\/#website","url":"https:\/\/www.ing.uc.cl\/transporte-y-logistica\/","name":"Departamento de Ingenier\u00eda de Transporte y Log\u00edstica","description":"DITL","potentialAction":[{"@type":"SearchAction","target":{"@type":"EntryPoint","urlTemplate":"https:\/\/www.ing.uc.cl\/transporte-y-logistica\/?s={search_term_string}"},"query-input":{"@type":"PropertyValueSpecification","valueRequired":true,"valueName":"search_term_string"}}],"inLanguage":"es"},{"@type":"Person","@id":"https:\/\/www.ing.uc.cl\/transporte-y-logistica\/#\/schema\/person\/7f1604ffa51b3299c501b9e2f9583aa6","name":"Francisco Herreros","image":{"@type":"ImageObject","inLanguage":"es","@id":"https:\/\/secure.gravatar.com\/avatar\/63233762875caf7cb464abb0c994788b36bb5a903f4b5e6d958a14f57c41e047?s=96&d=mm&r=g","url":"https:\/\/secure.gravatar.com\/avatar\/63233762875caf7cb464abb0c994788b36bb5a903f4b5e6d958a14f57c41e047?s=96&d=mm&r=g","contentUrl":"https:\/\/secure.gravatar.com\/avatar\/63233762875caf7cb464abb0c994788b36bb5a903f4b5e6d958a14f57c41e047?s=96&d=mm&r=g","caption":"Francisco Herreros"},"url":"https:\/\/www.ing.uc.cl\/transporte-y-logistica\/author\/fherreros\/"}]}},"_links":{"self":[{"href":"https:\/\/www.ing.uc.cl\/transporte-y-logistica\/wp-json\/wp\/v2\/posts\/7837","targetHints":{"allow":["GET"]}}],"collection":[{"href":"https:\/\/www.ing.uc.cl\/transporte-y-logistica\/wp-json\/wp\/v2\/posts"}],"about":[{"href":"https:\/\/www.ing.uc.cl\/transporte-y-logistica\/wp-json\/wp\/v2\/types\/post"}],"author":[{"embeddable":true,"href":"https:\/\/www.ing.uc.cl\/transporte-y-logistica\/wp-json\/wp\/v2\/users\/6"}],"replies":[{"embeddable":true,"href":"https:\/\/www.ing.uc.cl\/transporte-y-logistica\/wp-json\/wp\/v2\/comments?post=7837"}],"version-history":[{"count":1,"href":"https:\/\/www.ing.uc.cl\/transporte-y-logistica\/wp-json\/wp\/v2\/posts\/7837\/revisions"}],"predecessor-version":[{"id":11661,"href":"https:\/\/www.ing.uc.cl\/transporte-y-logistica\/wp-json\/wp\/v2\/posts\/7837\/revisions\/11661"}],"wp:attachment":[{"href":"https:\/\/www.ing.uc.cl\/transporte-y-logistica\/wp-json\/wp\/v2\/media?parent=7837"}],"wp:term":[{"taxonomy":"category","embeddable":true,"href":"https:\/\/www.ing.uc.cl\/transporte-y-logistica\/wp-json\/wp\/v2\/categories?post=7837"},{"taxonomy":"post_tag","embeddable":true,"href":"https:\/\/www.ing.uc.cl\/transporte-y-logistica\/wp-json\/wp\/v2\/tags?post=7837"}],"curies":[{"name":"wp","href":"https:\/\/api.w.org\/{rel}","templated":true}]}}