{"id":8945,"date":"2020-08-06T15:51:21","date_gmt":"2020-08-06T18:51:21","guid":{"rendered":"https:\/\/www.ing.uc.cl\/transporte-y-logistica\/?p=8945"},"modified":"2023-10-10T10:04:45","modified_gmt":"2023-10-10T13:04:45","slug":"profesor-juan-de-dios-ortuzar-realiza-charla-sobre-transporte-despues-de-la-pandemia","status":"publish","type":"post","link":"https:\/\/www.ing.uc.cl\/transporte-y-logistica\/profesor-juan-de-dios-ortuzar-realiza-charla-sobre-transporte-despues-de-la-pandemia\/","title":{"rendered":"Profesor Juan de Dios Ort\u00fazar realiza charla sobre transporte despu\u00e9s de la pandemia"},"content":{"rendered":"<div id=\"attachment_8206\" style=\"width: 144px\" class=\"wp-caption alignleft\"><img decoding=\"async\" aria-describedby=\"caption-attachment-8206\" class=\"wp-image-8206 size-full\" src=\"https:\/\/www.ing.uc.cl\/transporte-y-logistica\/wp-content\/uploads\/2020\/05\/ortuzar.jpg\" alt=\"\" width=\"134\" height=\"150\" \/><p id=\"caption-attachment-8206\" class=\"wp-caption-text\">Profesor Juan de Dios Ort\u00fazar<\/p><\/div>\n<p>El d\u00eda 24 de julio nuestro profesor Juan de Dios Ort\u00fazar dio la charla\u00a0<strong>Modelos de Elecci\u00f3n Discreta en Dise\u00f1o de Pol\u00edticas y Valoraci\u00f3n de Intangibles<\/strong> de forma virtual, en el contexto del Seminario Ciencia de la Agencia Nacional de Investigaci\u00f3n y Desarrollo (ANID). En ella se muestra el extenso trabajo que el profesor ha desarrollado en el \u00e1rea de transporte y, en particular, con respecto a las perspectivas del sector en el proceso de salida de cuarentena y confinamiento en que se encuentran la mayor\u00eda de los chilenos.<\/p>\n<p>Durante la charla el profesor Ort\u00fazar hace una introducci\u00f3n a los modelos de elecci\u00f3n discreta aplicados al transporte y el desarrollo de este campo en los \u00faltimos 40 a\u00f1os. Tambi\u00e9n present\u00f3 aplicaciones espec\u00edficas de estos modelos, como la obtenci\u00f3n del valor de la seguridad al caminar por un vecindario peligroso y un estudio de preferencias declaradas que realiz\u00f3 en conjunto con la arquitecta Margarita Greene.<\/p>\n<p>Finalmente, el profesor present\u00f3 una breve especulaci\u00f3n sobre el futuro en el sector de transporte. Espec\u00edficamente, mostr\u00f3 medidas de gesti\u00f3n de la demanda durante la cuarentena (como la mantenci\u00f3n de servicios de despacho y fiscalizaci\u00f3n de servicios de transporte) y post-cuarentena (como la entrada gradual a actividades, la definici\u00f3n de horarios diferidos y aplicaci\u00f3n de medidas sanitarias en el transporte p\u00fablico). En estos puntos, se apoy\u00f3 de investigaci\u00f3n realizada en conjunto con <strong>CEDEUS<\/strong>.<\/p>\n<p>Puedes revisar la charla completa en el siguiente video.<\/p>\n<p style=\"text-align: center;\"><iframe src=\"\/\/www.youtube.com\/embed\/FIxmApK1c4E\" width=\"560\" height=\"314\" allowfullscreen=\"allowfullscreen\"><\/iframe><\/p>\n<p>&nbsp;<\/p>\n<p>&nbsp;    \t<\/p>\n","protected":false},"excerpt":{"rendered":"<p><\/p>\n<p><img decoding=\"async\" src=\"https:\/\/www.ing.uc.cl\/transporte-y-logistica\/wp-content\/uploads\/2020\/05\/ortuzar.jpg\" style=\"all: unset;margin-top:0px; width: 80px; float:left; display: inline;margin-right:9px\">El d\u00eda 24 de julio nuestro profesor Juan de Dios Ort\u00fazar dio la charla\u00a0Modelos de Elecci\u00f3n Discreta en Dise\u00f1o de Pol\u00edticas y Valoraci\u00f3n de Intangibles en el Seminario Ciencia de ANID<\/p>\n","protected":false},"author":6,"featured_media":0,"comment_status":"closed","ping_status":"closed","sticky":false,"template":"","format":"standard","meta":{"_acf_changed":false,"footnotes":""},"categories":[4],"tags":[],"class_list":["post-8945","post","type-post","status-publish","format-standard","hentry","category-noticia-destacada"],"acf":[],"yoast_head":"<!-- This site is optimized with the Yoast SEO plugin v27.5 - https:\/\/yoast.com\/product\/yoast-seo-wordpress\/ -->\n<title>Profesor Juan de Dios Ort\u00fazar realiza charla sobre transporte despu\u00e9s de la pandemia - Departamento de Ingenier\u00eda de Transporte y Log\u00edstica<\/title>\n<meta name=\"robots\" content=\"index, follow, max-snippet:-1, max-image-preview:large, max-video-preview:-1\" \/>\n<link rel=\"canonical\" href=\"https:\/\/www.ing.uc.cl\/transporte-y-logistica\/profesor-juan-de-dios-ortuzar-realiza-charla-sobre-transporte-despues-de-la-pandemia\/\" \/>\n<meta property=\"og:locale\" content=\"es_ES\" \/>\n<meta property=\"og:type\" content=\"article\" \/>\n<meta property=\"og:title\" content=\"Profesor Juan de Dios Ort\u00fazar realiza charla sobre transporte despu\u00e9s de la pandemia - Departamento de Ingenier\u00eda de Transporte y Log\u00edstica\" \/>\n<meta property=\"og:description\" content=\"El d\u00eda 24 de julio nuestro profesor Juan de Dios Ort\u00fazar dio la charla\u00a0Modelos de Elecci\u00f3n Discreta en Dise\u00f1o de Pol\u00edticas y Valoraci\u00f3n de Intangibles en el Seminario Ciencia de ANID\" \/>\n<meta property=\"og:url\" content=\"https:\/\/www.ing.uc.cl\/transporte-y-logistica\/profesor-juan-de-dios-ortuzar-realiza-charla-sobre-transporte-despues-de-la-pandemia\/\" \/>\n<meta property=\"og:site_name\" content=\"Departamento de Ingenier\u00eda de Transporte y Log\u00edstica\" \/>\n<meta property=\"article:published_time\" content=\"2020-08-06T18:51:21+00:00\" \/>\n<meta property=\"article:modified_time\" content=\"2023-10-10T13:04:45+00:00\" \/>\n<meta property=\"og:image\" content=\"https:\/\/www.ing.uc.cl\/transporte-y-logistica\/wp-content\/uploads\/2020\/05\/ortuzar.jpg\" \/>\n<meta name=\"author\" content=\"Francisco Herreros\" \/>\n<meta name=\"twitter:card\" content=\"summary_large_image\" \/>\n<meta name=\"twitter:label1\" content=\"Escrito por\" \/>\n\t<meta name=\"twitter:data1\" content=\"Francisco Herreros\" \/>\n\t<meta name=\"twitter:label2\" content=\"Tiempo de lectura\" \/>\n\t<meta name=\"twitter:data2\" content=\"1 minuto\" \/>\n<script type=\"application\/ld+json\" class=\"yoast-schema-graph\">{\"@context\":\"https:\\\/\\\/schema.org\",\"@graph\":[{\"@type\":\"Article\",\"@id\":\"https:\\\/\\\/www.ing.uc.cl\\\/transporte-y-logistica\\\/profesor-juan-de-dios-ortuzar-realiza-charla-sobre-transporte-despues-de-la-pandemia\\\/#article\",\"isPartOf\":{\"@id\":\"https:\\\/\\\/www.ing.uc.cl\\\/transporte-y-logistica\\\/profesor-juan-de-dios-ortuzar-realiza-charla-sobre-transporte-despues-de-la-pandemia\\\/\"},\"author\":{\"name\":\"Francisco Herreros\",\"@id\":\"https:\\\/\\\/www.ing.uc.cl\\\/transporte-y-logistica\\\/#\\\/schema\\\/person\\\/7f1604ffa51b3299c501b9e2f9583aa6\"},\"headline\":\"Profesor Juan de Dios Ort\u00fazar realiza charla sobre transporte despu\u00e9s de la pandemia\",\"datePublished\":\"2020-08-06T18:51:21+00:00\",\"dateModified\":\"2023-10-10T13:04:45+00:00\",\"mainEntityOfPage\":{\"@id\":\"https:\\\/\\\/www.ing.uc.cl\\\/transporte-y-logistica\\\/profesor-juan-de-dios-ortuzar-realiza-charla-sobre-transporte-despues-de-la-pandemia\\\/\"},\"wordCount\":288,\"image\":{\"@id\":\"https:\\\/\\\/www.ing.uc.cl\\\/transporte-y-logistica\\\/profesor-juan-de-dios-ortuzar-realiza-charla-sobre-transporte-despues-de-la-pandemia\\\/#primaryimage\"},\"thumbnailUrl\":\"https:\\\/\\\/www.ing.uc.cl\\\/transporte-y-logistica\\\/wp-content\\\/uploads\\\/2020\\\/05\\\/ortuzar.jpg\",\"articleSection\":[\"Noticia Destacada\"],\"inLanguage\":\"es\"},{\"@type\":\"WebPage\",\"@id\":\"https:\\\/\\\/www.ing.uc.cl\\\/transporte-y-logistica\\\/profesor-juan-de-dios-ortuzar-realiza-charla-sobre-transporte-despues-de-la-pandemia\\\/\",\"url\":\"https:\\\/\\\/www.ing.uc.cl\\\/transporte-y-logistica\\\/profesor-juan-de-dios-ortuzar-realiza-charla-sobre-transporte-despues-de-la-pandemia\\\/\",\"name\":\"Profesor Juan de Dios Ort\u00fazar realiza charla sobre transporte despu\u00e9s de la pandemia - Departamento de Ingenier\u00eda de Transporte y Log\u00edstica\",\"isPartOf\":{\"@id\":\"https:\\\/\\\/www.ing.uc.cl\\\/transporte-y-logistica\\\/#website\"},\"primaryImageOfPage\":{\"@id\":\"https:\\\/\\\/www.ing.uc.cl\\\/transporte-y-logistica\\\/profesor-juan-de-dios-ortuzar-realiza-charla-sobre-transporte-despues-de-la-pandemia\\\/#primaryimage\"},\"image\":{\"@id\":\"https:\\\/\\\/www.ing.uc.cl\\\/transporte-y-logistica\\\/profesor-juan-de-dios-ortuzar-realiza-charla-sobre-transporte-despues-de-la-pandemia\\\/#primaryimage\"},\"thumbnailUrl\":\"https:\\\/\\\/www.ing.uc.cl\\\/transporte-y-logistica\\\/wp-content\\\/uploads\\\/2020\\\/05\\\/ortuzar.jpg\",\"datePublished\":\"2020-08-06T18:51:21+00:00\",\"dateModified\":\"2023-10-10T13:04:45+00:00\",\"author\":{\"@id\":\"https:\\\/\\\/www.ing.uc.cl\\\/transporte-y-logistica\\\/#\\\/schema\\\/person\\\/7f1604ffa51b3299c501b9e2f9583aa6\"},\"breadcrumb\":{\"@id\":\"https:\\\/\\\/www.ing.uc.cl\\\/transporte-y-logistica\\\/profesor-juan-de-dios-ortuzar-realiza-charla-sobre-transporte-despues-de-la-pandemia\\\/#breadcrumb\"},\"inLanguage\":\"es\",\"potentialAction\":[{\"@type\":\"ReadAction\",\"target\":[\"https:\\\/\\\/www.ing.uc.cl\\\/transporte-y-logistica\\\/profesor-juan-de-dios-ortuzar-realiza-charla-sobre-transporte-despues-de-la-pandemia\\\/\"]}]},{\"@type\":\"ImageObject\",\"inLanguage\":\"es\",\"@id\":\"https:\\\/\\\/www.ing.uc.cl\\\/transporte-y-logistica\\\/profesor-juan-de-dios-ortuzar-realiza-charla-sobre-transporte-despues-de-la-pandemia\\\/#primaryimage\",\"url\":\"https:\\\/\\\/www.ing.uc.cl\\\/transporte-y-logistica\\\/wp-content\\\/uploads\\\/2020\\\/05\\\/ortuzar.jpg\",\"contentUrl\":\"https:\\\/\\\/www.ing.uc.cl\\\/transporte-y-logistica\\\/wp-content\\\/uploads\\\/2020\\\/05\\\/ortuzar.jpg\"},{\"@type\":\"BreadcrumbList\",\"@id\":\"https:\\\/\\\/www.ing.uc.cl\\\/transporte-y-logistica\\\/profesor-juan-de-dios-ortuzar-realiza-charla-sobre-transporte-despues-de-la-pandemia\\\/#breadcrumb\",\"itemListElement\":[{\"@type\":\"ListItem\",\"position\":1,\"name\":\"Portada\",\"item\":\"https:\\\/\\\/www.ing.uc.cl\\\/transporte-y-logistica\\\/\"},{\"@type\":\"ListItem\",\"position\":2,\"name\":\"Profesor Juan de Dios Ort\u00fazar realiza charla sobre transporte despu\u00e9s de la pandemia\"}]},{\"@type\":\"WebSite\",\"@id\":\"https:\\\/\\\/www.ing.uc.cl\\\/transporte-y-logistica\\\/#website\",\"url\":\"https:\\\/\\\/www.ing.uc.cl\\\/transporte-y-logistica\\\/\",\"name\":\"Departamento de Ingenier\u00eda de Transporte y Log\u00edstica\",\"description\":\"DITL\",\"potentialAction\":[{\"@type\":\"SearchAction\",\"target\":{\"@type\":\"EntryPoint\",\"urlTemplate\":\"https:\\\/\\\/www.ing.uc.cl\\\/transporte-y-logistica\\\/?s={search_term_string}\"},\"query-input\":{\"@type\":\"PropertyValueSpecification\",\"valueRequired\":true,\"valueName\":\"search_term_string\"}}],\"inLanguage\":\"es\"},{\"@type\":\"Person\",\"@id\":\"https:\\\/\\\/www.ing.uc.cl\\\/transporte-y-logistica\\\/#\\\/schema\\\/person\\\/7f1604ffa51b3299c501b9e2f9583aa6\",\"name\":\"Francisco Herreros\",\"image\":{\"@type\":\"ImageObject\",\"inLanguage\":\"es\",\"@id\":\"https:\\\/\\\/secure.gravatar.com\\\/avatar\\\/63233762875caf7cb464abb0c994788b36bb5a903f4b5e6d958a14f57c41e047?s=96&d=mm&r=g\",\"url\":\"https:\\\/\\\/secure.gravatar.com\\\/avatar\\\/63233762875caf7cb464abb0c994788b36bb5a903f4b5e6d958a14f57c41e047?s=96&d=mm&r=g\",\"contentUrl\":\"https:\\\/\\\/secure.gravatar.com\\\/avatar\\\/63233762875caf7cb464abb0c994788b36bb5a903f4b5e6d958a14f57c41e047?s=96&d=mm&r=g\",\"caption\":\"Francisco Herreros\"},\"url\":\"https:\\\/\\\/www.ing.uc.cl\\\/transporte-y-logistica\\\/author\\\/fherreros\\\/\"}]}<\/script>\n<!-- \/ Yoast SEO plugin. -->","yoast_head_json":{"title":"Profesor Juan de Dios Ort\u00fazar realiza charla sobre transporte despu\u00e9s de la pandemia - Departamento de Ingenier\u00eda de Transporte y Log\u00edstica","robots":{"index":"index","follow":"follow","max-snippet":"max-snippet:-1","max-image-preview":"max-image-preview:large","max-video-preview":"max-video-preview:-1"},"canonical":"https:\/\/www.ing.uc.cl\/transporte-y-logistica\/profesor-juan-de-dios-ortuzar-realiza-charla-sobre-transporte-despues-de-la-pandemia\/","og_locale":"es_ES","og_type":"article","og_title":"Profesor Juan de Dios Ort\u00fazar realiza charla sobre transporte despu\u00e9s de la pandemia - Departamento de Ingenier\u00eda de Transporte y Log\u00edstica","og_description":"El d\u00eda 24 de julio nuestro profesor Juan de Dios Ort\u00fazar dio la charla\u00a0Modelos de Elecci\u00f3n Discreta en Dise\u00f1o de Pol\u00edticas y Valoraci\u00f3n de Intangibles en el Seminario Ciencia de ANID","og_url":"https:\/\/www.ing.uc.cl\/transporte-y-logistica\/profesor-juan-de-dios-ortuzar-realiza-charla-sobre-transporte-despues-de-la-pandemia\/","og_site_name":"Departamento de Ingenier\u00eda de Transporte y Log\u00edstica","article_published_time":"2020-08-06T18:51:21+00:00","article_modified_time":"2023-10-10T13:04:45+00:00","og_image":[{"url":"https:\/\/www.ing.uc.cl\/transporte-y-logistica\/wp-content\/uploads\/2020\/05\/ortuzar.jpg","type":"","width":"","height":""}],"author":"Francisco Herreros","twitter_card":"summary_large_image","twitter_misc":{"Escrito por":"Francisco Herreros","Tiempo de lectura":"1 minuto"},"schema":{"@context":"https:\/\/schema.org","@graph":[{"@type":"Article","@id":"https:\/\/www.ing.uc.cl\/transporte-y-logistica\/profesor-juan-de-dios-ortuzar-realiza-charla-sobre-transporte-despues-de-la-pandemia\/#article","isPartOf":{"@id":"https:\/\/www.ing.uc.cl\/transporte-y-logistica\/profesor-juan-de-dios-ortuzar-realiza-charla-sobre-transporte-despues-de-la-pandemia\/"},"author":{"name":"Francisco Herreros","@id":"https:\/\/www.ing.uc.cl\/transporte-y-logistica\/#\/schema\/person\/7f1604ffa51b3299c501b9e2f9583aa6"},"headline":"Profesor Juan de Dios Ort\u00fazar realiza charla sobre transporte despu\u00e9s de la pandemia","datePublished":"2020-08-06T18:51:21+00:00","dateModified":"2023-10-10T13:04:45+00:00","mainEntityOfPage":{"@id":"https:\/\/www.ing.uc.cl\/transporte-y-logistica\/profesor-juan-de-dios-ortuzar-realiza-charla-sobre-transporte-despues-de-la-pandemia\/"},"wordCount":288,"image":{"@id":"https:\/\/www.ing.uc.cl\/transporte-y-logistica\/profesor-juan-de-dios-ortuzar-realiza-charla-sobre-transporte-despues-de-la-pandemia\/#primaryimage"},"thumbnailUrl":"https:\/\/www.ing.uc.cl\/transporte-y-logistica\/wp-content\/uploads\/2020\/05\/ortuzar.jpg","articleSection":["Noticia Destacada"],"inLanguage":"es"},{"@type":"WebPage","@id":"https:\/\/www.ing.uc.cl\/transporte-y-logistica\/profesor-juan-de-dios-ortuzar-realiza-charla-sobre-transporte-despues-de-la-pandemia\/","url":"https:\/\/www.ing.uc.cl\/transporte-y-logistica\/profesor-juan-de-dios-ortuzar-realiza-charla-sobre-transporte-despues-de-la-pandemia\/","name":"Profesor Juan de Dios Ort\u00fazar realiza charla sobre transporte despu\u00e9s de la pandemia - Departamento de Ingenier\u00eda de Transporte y Log\u00edstica","isPartOf":{"@id":"https:\/\/www.ing.uc.cl\/transporte-y-logistica\/#website"},"primaryImageOfPage":{"@id":"https:\/\/www.ing.uc.cl\/transporte-y-logistica\/profesor-juan-de-dios-ortuzar-realiza-charla-sobre-transporte-despues-de-la-pandemia\/#primaryimage"},"image":{"@id":"https:\/\/www.ing.uc.cl\/transporte-y-logistica\/profesor-juan-de-dios-ortuzar-realiza-charla-sobre-transporte-despues-de-la-pandemia\/#primaryimage"},"thumbnailUrl":"https:\/\/www.ing.uc.cl\/transporte-y-logistica\/wp-content\/uploads\/2020\/05\/ortuzar.jpg","datePublished":"2020-08-06T18:51:21+00:00","dateModified":"2023-10-10T13:04:45+00:00","author":{"@id":"https:\/\/www.ing.uc.cl\/transporte-y-logistica\/#\/schema\/person\/7f1604ffa51b3299c501b9e2f9583aa6"},"breadcrumb":{"@id":"https:\/\/www.ing.uc.cl\/transporte-y-logistica\/profesor-juan-de-dios-ortuzar-realiza-charla-sobre-transporte-despues-de-la-pandemia\/#breadcrumb"},"inLanguage":"es","potentialAction":[{"@type":"ReadAction","target":["https:\/\/www.ing.uc.cl\/transporte-y-logistica\/profesor-juan-de-dios-ortuzar-realiza-charla-sobre-transporte-despues-de-la-pandemia\/"]}]},{"@type":"ImageObject","inLanguage":"es","@id":"https:\/\/www.ing.uc.cl\/transporte-y-logistica\/profesor-juan-de-dios-ortuzar-realiza-charla-sobre-transporte-despues-de-la-pandemia\/#primaryimage","url":"https:\/\/www.ing.uc.cl\/transporte-y-logistica\/wp-content\/uploads\/2020\/05\/ortuzar.jpg","contentUrl":"https:\/\/www.ing.uc.cl\/transporte-y-logistica\/wp-content\/uploads\/2020\/05\/ortuzar.jpg"},{"@type":"BreadcrumbList","@id":"https:\/\/www.ing.uc.cl\/transporte-y-logistica\/profesor-juan-de-dios-ortuzar-realiza-charla-sobre-transporte-despues-de-la-pandemia\/#breadcrumb","itemListElement":[{"@type":"ListItem","position":1,"name":"Portada","item":"https:\/\/www.ing.uc.cl\/transporte-y-logistica\/"},{"@type":"ListItem","position":2,"name":"Profesor Juan de Dios Ort\u00fazar realiza charla sobre transporte despu\u00e9s de la pandemia"}]},{"@type":"WebSite","@id":"https:\/\/www.ing.uc.cl\/transporte-y-logistica\/#website","url":"https:\/\/www.ing.uc.cl\/transporte-y-logistica\/","name":"Departamento de Ingenier\u00eda de Transporte y Log\u00edstica","description":"DITL","potentialAction":[{"@type":"SearchAction","target":{"@type":"EntryPoint","urlTemplate":"https:\/\/www.ing.uc.cl\/transporte-y-logistica\/?s={search_term_string}"},"query-input":{"@type":"PropertyValueSpecification","valueRequired":true,"valueName":"search_term_string"}}],"inLanguage":"es"},{"@type":"Person","@id":"https:\/\/www.ing.uc.cl\/transporte-y-logistica\/#\/schema\/person\/7f1604ffa51b3299c501b9e2f9583aa6","name":"Francisco Herreros","image":{"@type":"ImageObject","inLanguage":"es","@id":"https:\/\/secure.gravatar.com\/avatar\/63233762875caf7cb464abb0c994788b36bb5a903f4b5e6d958a14f57c41e047?s=96&d=mm&r=g","url":"https:\/\/secure.gravatar.com\/avatar\/63233762875caf7cb464abb0c994788b36bb5a903f4b5e6d958a14f57c41e047?s=96&d=mm&r=g","contentUrl":"https:\/\/secure.gravatar.com\/avatar\/63233762875caf7cb464abb0c994788b36bb5a903f4b5e6d958a14f57c41e047?s=96&d=mm&r=g","caption":"Francisco Herreros"},"url":"https:\/\/www.ing.uc.cl\/transporte-y-logistica\/author\/fherreros\/"}]}},"_links":{"self":[{"href":"https:\/\/www.ing.uc.cl\/transporte-y-logistica\/wp-json\/wp\/v2\/posts\/8945","targetHints":{"allow":["GET"]}}],"collection":[{"href":"https:\/\/www.ing.uc.cl\/transporte-y-logistica\/wp-json\/wp\/v2\/posts"}],"about":[{"href":"https:\/\/www.ing.uc.cl\/transporte-y-logistica\/wp-json\/wp\/v2\/types\/post"}],"author":[{"embeddable":true,"href":"https:\/\/www.ing.uc.cl\/transporte-y-logistica\/wp-json\/wp\/v2\/users\/6"}],"replies":[{"embeddable":true,"href":"https:\/\/www.ing.uc.cl\/transporte-y-logistica\/wp-json\/wp\/v2\/comments?post=8945"}],"version-history":[{"count":1,"href":"https:\/\/www.ing.uc.cl\/transporte-y-logistica\/wp-json\/wp\/v2\/posts\/8945\/revisions"}],"predecessor-version":[{"id":11652,"href":"https:\/\/www.ing.uc.cl\/transporte-y-logistica\/wp-json\/wp\/v2\/posts\/8945\/revisions\/11652"}],"wp:attachment":[{"href":"https:\/\/www.ing.uc.cl\/transporte-y-logistica\/wp-json\/wp\/v2\/media?parent=8945"}],"wp:term":[{"taxonomy":"category","embeddable":true,"href":"https:\/\/www.ing.uc.cl\/transporte-y-logistica\/wp-json\/wp\/v2\/categories?post=8945"},{"taxonomy":"post_tag","embeddable":true,"href":"https:\/\/www.ing.uc.cl\/transporte-y-logistica\/wp-json\/wp\/v2\/tags?post=8945"}],"curies":[{"name":"wp","href":"https:\/\/api.w.org\/{rel}","templated":true}]}}