{"id":9047,"date":"2020-10-13T15:51:20","date_gmt":"2020-10-13T18:51:20","guid":{"rendered":"https:\/\/www.ing.uc.cl\/transporte-y-logistica\/?p=9047"},"modified":"2023-10-10T10:03:36","modified_gmt":"2023-10-10T13:03:36","slug":"egresado-carlos-lagos-obtiene-premio-roberto-ovalle-aguirre-2020-del-instituto-de-ingenieros","status":"publish","type":"post","link":"https:\/\/www.ing.uc.cl\/transporte-y-logistica\/egresado-carlos-lagos-obtiene-premio-roberto-ovalle-aguirre-2020-del-instituto-de-ingenieros\/","title":{"rendered":"Egresado Carlos Lagos obtiene Premio Roberto Ovalle Aguirre 2020 del Instituto de Ingenieros"},"content":{"rendered":"<div id=\"attachment_9048\" style=\"width: 123px\" class=\"wp-caption alignleft\"><img decoding=\"async\" aria-describedby=\"caption-attachment-9048\" class=\"wp-image-9048\" src=\"https:\/\/www.ing.uc.cl\/transporte-y-logistica\/wp-content\/uploads\/2020\/10\/lagos-1.png\" alt=\"\" width=\"113\" height=\"133\" srcset=\"https:\/\/www.ing.uc.cl\/transporte-y-logistica\/wp-content\/uploads\/2020\/10\/lagos-1.png 337w, https:\/\/www.ing.uc.cl\/transporte-y-logistica\/wp-content\/uploads\/2020\/10\/lagos-1-257x300.png 257w\" sizes=\"(max-width: 113px) 100vw, 113px\" \/><p id=\"caption-attachment-9048\" class=\"wp-caption-text\">Carlos Lagos<\/p><\/div>\n<p>El d\u00eda viernes 9 de octubre a las 9:00 hrs se realiz\u00f3 de forma remota la ceremonia de entrega de los Premios \u00abMarcos Orrego Puelma\u00bb, \u00abRoberto Ovalle Aguirre\u00bb e \u00abIsmael Vald\u00e9s Vald\u00e9s\u00bb a los ingenieros destacados de las universidades m\u00e1s prestigiosas del pa\u00eds. En esta ocasi\u00f3n, el ingeniero UC y mag\u00edster del DITL Carlos Lagos obtuvo el premio \u00abRoberto Ovalle Aguirre\u00bb. Este reconocimiento se se otorga a los alumnos egresados de las Escuelas de Ingenier\u00eda de las Universidades de Chile, P. U. Cat\u00f3lica de Chile, U. de Concepci\u00f3n, U.T.F. Santa Mar\u00eda, U. de Santiago de Chile, U. Diego Portales y U. Cat\u00f3lica de Valpara\u00edso, autores de los mejores proyectos finales o de t\u00edtulos relacionados con la instalaci\u00f3n o explotaci\u00f3n de una industria relevante para el fomento de la econom\u00eda nacional.<\/p>\n<p>Carlos realiz\u00f3 su tesis con los profesores Felipe Delgado y Mathias Klapp. Ambos son profesores asistentes del DITL , y sus l\u00edneas de investigaci\u00f3n son transporte a\u00e9reo, log\u00edstica y planificaci\u00f3n. El tema fue la <a href=\"https:\/\/doi.org\/10.1287\/trsc.2020.0984\">planificaci\u00f3n de mantenimiento de una aerol\u00ednea<\/a>. \u00abEste problema involucra decidir diariamente qu\u00e9 aeronaves mantener y seleccionar el conjunto de tareas pendientes a ejecutar en cada aeronave. A trav\u00e9s de mi investigaci\u00f3n generamos una herramienta que utiliza optimizaci\u00f3n din\u00e1mica para anticiparse a problemas de d\u00edas futuros. De esta manera, lograr\u00edamos reducir m\u00e1s de un 80% las tareas vencidas, mejorando la confiabilidad en la operaci\u00f3n de la aerol\u00ednea\u00bb nos cont\u00f3 Lagos.<\/p>\n<p>Sobre el reconocimiento recibido, Carlos nos cont\u00f3 que fue una sorpresa \u00abLa verdad, no conoc\u00eda el Instituto de Ingenieros de Chile y menos los premios que entrega, por lo que fue una total sorpresa cuando recib\u00ed el llamado en que me comunicaban el premio obtenido\u00bb. No obstante, recibi\u00f3 este reconocimiento con orgullo y alegr\u00eda \u00abMe alegr\u00f3 mucho saber que el premio llevaba el nombre de un ingeniero tan destacado como Roberto Ovalle Aguirre, que siempre trabaj\u00f3 por hacer de Chile un mejor pa\u00eds, m\u00e1s humano y con mejor calidad de vida. Es un honor ser destacado con un premio tan relevante y me motiva a seguir su camino en mi trabajo profesional\u00bb.    \t<\/p>\n","protected":false},"excerpt":{"rendered":"<p><\/p>\n<p><img decoding=\"async\" src=\"https:\/\/www.ing.uc.cl\/transporte-y-logistica\/wp-content\/uploads\/2020\/10\/lagos-thumbnail.png\" style=\"all: unset;margin-top:0px; width: 80px; float:left; display: inline;margin-right:9px\">Este premio est\u00e1 destinado a destacar el mejor proyecto de t\u00edtulo relacionado con el desarrollo de una industria nacional. <\/p>\n","protected":false},"author":6,"featured_media":0,"comment_status":"closed","ping_status":"closed","sticky":false,"template":"","format":"standard","meta":{"_acf_changed":false,"footnotes":""},"categories":[4],"tags":[],"class_list":["post-9047","post","type-post","status-publish","format-standard","hentry","category-noticia-destacada"],"acf":[],"yoast_head":"<!-- This site is optimized with the Yoast SEO plugin v27.5 - https:\/\/yoast.com\/product\/yoast-seo-wordpress\/ -->\n<title>Egresado Carlos Lagos obtiene Premio Roberto Ovalle Aguirre 2020 del Instituto de Ingenieros - Departamento de Ingenier\u00eda de Transporte y Log\u00edstica<\/title>\n<meta name=\"robots\" content=\"index, follow, max-snippet:-1, max-image-preview:large, max-video-preview:-1\" \/>\n<link rel=\"canonical\" href=\"https:\/\/www.ing.uc.cl\/transporte-y-logistica\/egresado-carlos-lagos-obtiene-premio-roberto-ovalle-aguirre-2020-del-instituto-de-ingenieros\/\" \/>\n<meta property=\"og:locale\" content=\"es_ES\" \/>\n<meta property=\"og:type\" content=\"article\" \/>\n<meta property=\"og:title\" content=\"Egresado Carlos Lagos obtiene Premio Roberto Ovalle Aguirre 2020 del Instituto de Ingenieros - Departamento de Ingenier\u00eda de Transporte y Log\u00edstica\" \/>\n<meta property=\"og:description\" content=\"Este premio est\u00e1 destinado a destacar el mejor proyecto de t\u00edtulo relacionado con el desarrollo de una industria nacional.\" \/>\n<meta property=\"og:url\" content=\"https:\/\/www.ing.uc.cl\/transporte-y-logistica\/egresado-carlos-lagos-obtiene-premio-roberto-ovalle-aguirre-2020-del-instituto-de-ingenieros\/\" \/>\n<meta property=\"og:site_name\" content=\"Departamento de Ingenier\u00eda de Transporte y Log\u00edstica\" \/>\n<meta property=\"article:published_time\" content=\"2020-10-13T18:51:20+00:00\" \/>\n<meta property=\"article:modified_time\" content=\"2023-10-10T13:03:36+00:00\" \/>\n<meta property=\"og:image\" content=\"https:\/\/www.ing.uc.cl\/transporte-y-logistica\/wp-content\/uploads\/2020\/10\/lagos-1.png\" \/>\n<meta name=\"author\" content=\"Francisco Herreros\" \/>\n<meta name=\"twitter:card\" content=\"summary_large_image\" \/>\n<meta name=\"twitter:label1\" content=\"Escrito por\" \/>\n\t<meta name=\"twitter:data1\" content=\"Francisco Herreros\" \/>\n\t<meta name=\"twitter:label2\" content=\"Tiempo de lectura\" \/>\n\t<meta name=\"twitter:data2\" content=\"2 minutos\" \/>\n<script type=\"application\/ld+json\" class=\"yoast-schema-graph\">{\"@context\":\"https:\\\/\\\/schema.org\",\"@graph\":[{\"@type\":\"Article\",\"@id\":\"https:\\\/\\\/www.ing.uc.cl\\\/transporte-y-logistica\\\/egresado-carlos-lagos-obtiene-premio-roberto-ovalle-aguirre-2020-del-instituto-de-ingenieros\\\/#article\",\"isPartOf\":{\"@id\":\"https:\\\/\\\/www.ing.uc.cl\\\/transporte-y-logistica\\\/egresado-carlos-lagos-obtiene-premio-roberto-ovalle-aguirre-2020-del-instituto-de-ingenieros\\\/\"},\"author\":{\"name\":\"Francisco Herreros\",\"@id\":\"https:\\\/\\\/www.ing.uc.cl\\\/transporte-y-logistica\\\/#\\\/schema\\\/person\\\/7f1604ffa51b3299c501b9e2f9583aa6\"},\"headline\":\"Egresado Carlos Lagos obtiene Premio Roberto Ovalle Aguirre 2020 del Instituto de Ingenieros\",\"datePublished\":\"2020-10-13T18:51:20+00:00\",\"dateModified\":\"2023-10-10T13:03:36+00:00\",\"mainEntityOfPage\":{\"@id\":\"https:\\\/\\\/www.ing.uc.cl\\\/transporte-y-logistica\\\/egresado-carlos-lagos-obtiene-premio-roberto-ovalle-aguirre-2020-del-instituto-de-ingenieros\\\/\"},\"wordCount\":401,\"image\":{\"@id\":\"https:\\\/\\\/www.ing.uc.cl\\\/transporte-y-logistica\\\/egresado-carlos-lagos-obtiene-premio-roberto-ovalle-aguirre-2020-del-instituto-de-ingenieros\\\/#primaryimage\"},\"thumbnailUrl\":\"https:\\\/\\\/www.ing.uc.cl\\\/transporte-y-logistica\\\/wp-content\\\/uploads\\\/2020\\\/10\\\/lagos-1.png\",\"articleSection\":[\"Noticia Destacada\"],\"inLanguage\":\"es\"},{\"@type\":\"WebPage\",\"@id\":\"https:\\\/\\\/www.ing.uc.cl\\\/transporte-y-logistica\\\/egresado-carlos-lagos-obtiene-premio-roberto-ovalle-aguirre-2020-del-instituto-de-ingenieros\\\/\",\"url\":\"https:\\\/\\\/www.ing.uc.cl\\\/transporte-y-logistica\\\/egresado-carlos-lagos-obtiene-premio-roberto-ovalle-aguirre-2020-del-instituto-de-ingenieros\\\/\",\"name\":\"Egresado Carlos Lagos obtiene Premio Roberto Ovalle Aguirre 2020 del Instituto de Ingenieros - Departamento de Ingenier\u00eda de Transporte y Log\u00edstica\",\"isPartOf\":{\"@id\":\"https:\\\/\\\/www.ing.uc.cl\\\/transporte-y-logistica\\\/#website\"},\"primaryImageOfPage\":{\"@id\":\"https:\\\/\\\/www.ing.uc.cl\\\/transporte-y-logistica\\\/egresado-carlos-lagos-obtiene-premio-roberto-ovalle-aguirre-2020-del-instituto-de-ingenieros\\\/#primaryimage\"},\"image\":{\"@id\":\"https:\\\/\\\/www.ing.uc.cl\\\/transporte-y-logistica\\\/egresado-carlos-lagos-obtiene-premio-roberto-ovalle-aguirre-2020-del-instituto-de-ingenieros\\\/#primaryimage\"},\"thumbnailUrl\":\"https:\\\/\\\/www.ing.uc.cl\\\/transporte-y-logistica\\\/wp-content\\\/uploads\\\/2020\\\/10\\\/lagos-1.png\",\"datePublished\":\"2020-10-13T18:51:20+00:00\",\"dateModified\":\"2023-10-10T13:03:36+00:00\",\"author\":{\"@id\":\"https:\\\/\\\/www.ing.uc.cl\\\/transporte-y-logistica\\\/#\\\/schema\\\/person\\\/7f1604ffa51b3299c501b9e2f9583aa6\"},\"breadcrumb\":{\"@id\":\"https:\\\/\\\/www.ing.uc.cl\\\/transporte-y-logistica\\\/egresado-carlos-lagos-obtiene-premio-roberto-ovalle-aguirre-2020-del-instituto-de-ingenieros\\\/#breadcrumb\"},\"inLanguage\":\"es\",\"potentialAction\":[{\"@type\":\"ReadAction\",\"target\":[\"https:\\\/\\\/www.ing.uc.cl\\\/transporte-y-logistica\\\/egresado-carlos-lagos-obtiene-premio-roberto-ovalle-aguirre-2020-del-instituto-de-ingenieros\\\/\"]}]},{\"@type\":\"ImageObject\",\"inLanguage\":\"es\",\"@id\":\"https:\\\/\\\/www.ing.uc.cl\\\/transporte-y-logistica\\\/egresado-carlos-lagos-obtiene-premio-roberto-ovalle-aguirre-2020-del-instituto-de-ingenieros\\\/#primaryimage\",\"url\":\"https:\\\/\\\/www.ing.uc.cl\\\/transporte-y-logistica\\\/wp-content\\\/uploads\\\/2020\\\/10\\\/lagos-1.png\",\"contentUrl\":\"https:\\\/\\\/www.ing.uc.cl\\\/transporte-y-logistica\\\/wp-content\\\/uploads\\\/2020\\\/10\\\/lagos-1.png\",\"width\":337,\"height\":394},{\"@type\":\"BreadcrumbList\",\"@id\":\"https:\\\/\\\/www.ing.uc.cl\\\/transporte-y-logistica\\\/egresado-carlos-lagos-obtiene-premio-roberto-ovalle-aguirre-2020-del-instituto-de-ingenieros\\\/#breadcrumb\",\"itemListElement\":[{\"@type\":\"ListItem\",\"position\":1,\"name\":\"Portada\",\"item\":\"https:\\\/\\\/www.ing.uc.cl\\\/transporte-y-logistica\\\/\"},{\"@type\":\"ListItem\",\"position\":2,\"name\":\"Egresado Carlos Lagos obtiene Premio Roberto Ovalle Aguirre 2020 del Instituto de Ingenieros\"}]},{\"@type\":\"WebSite\",\"@id\":\"https:\\\/\\\/www.ing.uc.cl\\\/transporte-y-logistica\\\/#website\",\"url\":\"https:\\\/\\\/www.ing.uc.cl\\\/transporte-y-logistica\\\/\",\"name\":\"Departamento de Ingenier\u00eda de Transporte y Log\u00edstica\",\"description\":\"DITL\",\"potentialAction\":[{\"@type\":\"SearchAction\",\"target\":{\"@type\":\"EntryPoint\",\"urlTemplate\":\"https:\\\/\\\/www.ing.uc.cl\\\/transporte-y-logistica\\\/?s={search_term_string}\"},\"query-input\":{\"@type\":\"PropertyValueSpecification\",\"valueRequired\":true,\"valueName\":\"search_term_string\"}}],\"inLanguage\":\"es\"},{\"@type\":\"Person\",\"@id\":\"https:\\\/\\\/www.ing.uc.cl\\\/transporte-y-logistica\\\/#\\\/schema\\\/person\\\/7f1604ffa51b3299c501b9e2f9583aa6\",\"name\":\"Francisco Herreros\",\"image\":{\"@type\":\"ImageObject\",\"inLanguage\":\"es\",\"@id\":\"https:\\\/\\\/secure.gravatar.com\\\/avatar\\\/63233762875caf7cb464abb0c994788b36bb5a903f4b5e6d958a14f57c41e047?s=96&d=mm&r=g\",\"url\":\"https:\\\/\\\/secure.gravatar.com\\\/avatar\\\/63233762875caf7cb464abb0c994788b36bb5a903f4b5e6d958a14f57c41e047?s=96&d=mm&r=g\",\"contentUrl\":\"https:\\\/\\\/secure.gravatar.com\\\/avatar\\\/63233762875caf7cb464abb0c994788b36bb5a903f4b5e6d958a14f57c41e047?s=96&d=mm&r=g\",\"caption\":\"Francisco Herreros\"},\"url\":\"https:\\\/\\\/www.ing.uc.cl\\\/transporte-y-logistica\\\/author\\\/fherreros\\\/\"}]}<\/script>\n<!-- \/ Yoast SEO plugin. -->","yoast_head_json":{"title":"Egresado Carlos Lagos obtiene Premio Roberto Ovalle Aguirre 2020 del Instituto de Ingenieros - Departamento de Ingenier\u00eda de Transporte y Log\u00edstica","robots":{"index":"index","follow":"follow","max-snippet":"max-snippet:-1","max-image-preview":"max-image-preview:large","max-video-preview":"max-video-preview:-1"},"canonical":"https:\/\/www.ing.uc.cl\/transporte-y-logistica\/egresado-carlos-lagos-obtiene-premio-roberto-ovalle-aguirre-2020-del-instituto-de-ingenieros\/","og_locale":"es_ES","og_type":"article","og_title":"Egresado Carlos Lagos obtiene Premio Roberto Ovalle Aguirre 2020 del Instituto de Ingenieros - Departamento de Ingenier\u00eda de Transporte y Log\u00edstica","og_description":"Este premio est\u00e1 destinado a destacar el mejor proyecto de t\u00edtulo relacionado con el desarrollo de una industria nacional.","og_url":"https:\/\/www.ing.uc.cl\/transporte-y-logistica\/egresado-carlos-lagos-obtiene-premio-roberto-ovalle-aguirre-2020-del-instituto-de-ingenieros\/","og_site_name":"Departamento de Ingenier\u00eda de Transporte y Log\u00edstica","article_published_time":"2020-10-13T18:51:20+00:00","article_modified_time":"2023-10-10T13:03:36+00:00","og_image":[{"url":"https:\/\/www.ing.uc.cl\/transporte-y-logistica\/wp-content\/uploads\/2020\/10\/lagos-1.png","type":"","width":"","height":""}],"author":"Francisco Herreros","twitter_card":"summary_large_image","twitter_misc":{"Escrito por":"Francisco Herreros","Tiempo de lectura":"2 minutos"},"schema":{"@context":"https:\/\/schema.org","@graph":[{"@type":"Article","@id":"https:\/\/www.ing.uc.cl\/transporte-y-logistica\/egresado-carlos-lagos-obtiene-premio-roberto-ovalle-aguirre-2020-del-instituto-de-ingenieros\/#article","isPartOf":{"@id":"https:\/\/www.ing.uc.cl\/transporte-y-logistica\/egresado-carlos-lagos-obtiene-premio-roberto-ovalle-aguirre-2020-del-instituto-de-ingenieros\/"},"author":{"name":"Francisco Herreros","@id":"https:\/\/www.ing.uc.cl\/transporte-y-logistica\/#\/schema\/person\/7f1604ffa51b3299c501b9e2f9583aa6"},"headline":"Egresado Carlos Lagos obtiene Premio Roberto Ovalle Aguirre 2020 del Instituto de Ingenieros","datePublished":"2020-10-13T18:51:20+00:00","dateModified":"2023-10-10T13:03:36+00:00","mainEntityOfPage":{"@id":"https:\/\/www.ing.uc.cl\/transporte-y-logistica\/egresado-carlos-lagos-obtiene-premio-roberto-ovalle-aguirre-2020-del-instituto-de-ingenieros\/"},"wordCount":401,"image":{"@id":"https:\/\/www.ing.uc.cl\/transporte-y-logistica\/egresado-carlos-lagos-obtiene-premio-roberto-ovalle-aguirre-2020-del-instituto-de-ingenieros\/#primaryimage"},"thumbnailUrl":"https:\/\/www.ing.uc.cl\/transporte-y-logistica\/wp-content\/uploads\/2020\/10\/lagos-1.png","articleSection":["Noticia Destacada"],"inLanguage":"es"},{"@type":"WebPage","@id":"https:\/\/www.ing.uc.cl\/transporte-y-logistica\/egresado-carlos-lagos-obtiene-premio-roberto-ovalle-aguirre-2020-del-instituto-de-ingenieros\/","url":"https:\/\/www.ing.uc.cl\/transporte-y-logistica\/egresado-carlos-lagos-obtiene-premio-roberto-ovalle-aguirre-2020-del-instituto-de-ingenieros\/","name":"Egresado Carlos Lagos obtiene Premio Roberto Ovalle Aguirre 2020 del Instituto de Ingenieros - Departamento de Ingenier\u00eda de Transporte y Log\u00edstica","isPartOf":{"@id":"https:\/\/www.ing.uc.cl\/transporte-y-logistica\/#website"},"primaryImageOfPage":{"@id":"https:\/\/www.ing.uc.cl\/transporte-y-logistica\/egresado-carlos-lagos-obtiene-premio-roberto-ovalle-aguirre-2020-del-instituto-de-ingenieros\/#primaryimage"},"image":{"@id":"https:\/\/www.ing.uc.cl\/transporte-y-logistica\/egresado-carlos-lagos-obtiene-premio-roberto-ovalle-aguirre-2020-del-instituto-de-ingenieros\/#primaryimage"},"thumbnailUrl":"https:\/\/www.ing.uc.cl\/transporte-y-logistica\/wp-content\/uploads\/2020\/10\/lagos-1.png","datePublished":"2020-10-13T18:51:20+00:00","dateModified":"2023-10-10T13:03:36+00:00","author":{"@id":"https:\/\/www.ing.uc.cl\/transporte-y-logistica\/#\/schema\/person\/7f1604ffa51b3299c501b9e2f9583aa6"},"breadcrumb":{"@id":"https:\/\/www.ing.uc.cl\/transporte-y-logistica\/egresado-carlos-lagos-obtiene-premio-roberto-ovalle-aguirre-2020-del-instituto-de-ingenieros\/#breadcrumb"},"inLanguage":"es","potentialAction":[{"@type":"ReadAction","target":["https:\/\/www.ing.uc.cl\/transporte-y-logistica\/egresado-carlos-lagos-obtiene-premio-roberto-ovalle-aguirre-2020-del-instituto-de-ingenieros\/"]}]},{"@type":"ImageObject","inLanguage":"es","@id":"https:\/\/www.ing.uc.cl\/transporte-y-logistica\/egresado-carlos-lagos-obtiene-premio-roberto-ovalle-aguirre-2020-del-instituto-de-ingenieros\/#primaryimage","url":"https:\/\/www.ing.uc.cl\/transporte-y-logistica\/wp-content\/uploads\/2020\/10\/lagos-1.png","contentUrl":"https:\/\/www.ing.uc.cl\/transporte-y-logistica\/wp-content\/uploads\/2020\/10\/lagos-1.png","width":337,"height":394},{"@type":"BreadcrumbList","@id":"https:\/\/www.ing.uc.cl\/transporte-y-logistica\/egresado-carlos-lagos-obtiene-premio-roberto-ovalle-aguirre-2020-del-instituto-de-ingenieros\/#breadcrumb","itemListElement":[{"@type":"ListItem","position":1,"name":"Portada","item":"https:\/\/www.ing.uc.cl\/transporte-y-logistica\/"},{"@type":"ListItem","position":2,"name":"Egresado Carlos Lagos obtiene Premio Roberto Ovalle Aguirre 2020 del Instituto de Ingenieros"}]},{"@type":"WebSite","@id":"https:\/\/www.ing.uc.cl\/transporte-y-logistica\/#website","url":"https:\/\/www.ing.uc.cl\/transporte-y-logistica\/","name":"Departamento de Ingenier\u00eda de Transporte y Log\u00edstica","description":"DITL","potentialAction":[{"@type":"SearchAction","target":{"@type":"EntryPoint","urlTemplate":"https:\/\/www.ing.uc.cl\/transporte-y-logistica\/?s={search_term_string}"},"query-input":{"@type":"PropertyValueSpecification","valueRequired":true,"valueName":"search_term_string"}}],"inLanguage":"es"},{"@type":"Person","@id":"https:\/\/www.ing.uc.cl\/transporte-y-logistica\/#\/schema\/person\/7f1604ffa51b3299c501b9e2f9583aa6","name":"Francisco Herreros","image":{"@type":"ImageObject","inLanguage":"es","@id":"https:\/\/secure.gravatar.com\/avatar\/63233762875caf7cb464abb0c994788b36bb5a903f4b5e6d958a14f57c41e047?s=96&d=mm&r=g","url":"https:\/\/secure.gravatar.com\/avatar\/63233762875caf7cb464abb0c994788b36bb5a903f4b5e6d958a14f57c41e047?s=96&d=mm&r=g","contentUrl":"https:\/\/secure.gravatar.com\/avatar\/63233762875caf7cb464abb0c994788b36bb5a903f4b5e6d958a14f57c41e047?s=96&d=mm&r=g","caption":"Francisco Herreros"},"url":"https:\/\/www.ing.uc.cl\/transporte-y-logistica\/author\/fherreros\/"}]}},"_links":{"self":[{"href":"https:\/\/www.ing.uc.cl\/transporte-y-logistica\/wp-json\/wp\/v2\/posts\/9047","targetHints":{"allow":["GET"]}}],"collection":[{"href":"https:\/\/www.ing.uc.cl\/transporte-y-logistica\/wp-json\/wp\/v2\/posts"}],"about":[{"href":"https:\/\/www.ing.uc.cl\/transporte-y-logistica\/wp-json\/wp\/v2\/types\/post"}],"author":[{"embeddable":true,"href":"https:\/\/www.ing.uc.cl\/transporte-y-logistica\/wp-json\/wp\/v2\/users\/6"}],"replies":[{"embeddable":true,"href":"https:\/\/www.ing.uc.cl\/transporte-y-logistica\/wp-json\/wp\/v2\/comments?post=9047"}],"version-history":[{"count":1,"href":"https:\/\/www.ing.uc.cl\/transporte-y-logistica\/wp-json\/wp\/v2\/posts\/9047\/revisions"}],"predecessor-version":[{"id":11651,"href":"https:\/\/www.ing.uc.cl\/transporte-y-logistica\/wp-json\/wp\/v2\/posts\/9047\/revisions\/11651"}],"wp:attachment":[{"href":"https:\/\/www.ing.uc.cl\/transporte-y-logistica\/wp-json\/wp\/v2\/media?parent=9047"}],"wp:term":[{"taxonomy":"category","embeddable":true,"href":"https:\/\/www.ing.uc.cl\/transporte-y-logistica\/wp-json\/wp\/v2\/categories?post=9047"},{"taxonomy":"post_tag","embeddable":true,"href":"https:\/\/www.ing.uc.cl\/transporte-y-logistica\/wp-json\/wp\/v2\/tags?post=9047"}],"curies":[{"name":"wp","href":"https:\/\/api.w.org\/{rel}","templated":true}]}}