{"id":9341,"date":"2021-08-05T15:51:13","date_gmt":"2021-08-05T18:51:13","guid":{"rendered":"https:\/\/www.ing.uc.cl\/transporte-y-logistica\/?p=9341"},"modified":"2023-10-10T09:55:02","modified_gmt":"2023-10-10T12:55:02","slug":"tras-50-anos-como-docente-el-profesor-juan-enrique-coeymans-deja-el-ditl","status":"publish","type":"post","link":"https:\/\/www.ing.uc.cl\/transporte-y-logistica\/tras-50-anos-como-docente-el-profesor-juan-enrique-coeymans-deja-el-ditl\/","title":{"rendered":"Tras 50 a\u00f1os como docente, el profesor Juan Enrique Coeymans deja el DITL"},"content":{"rendered":"<div id=\"attachment_9342\" style=\"width: 1034px\" class=\"wp-caption aligncenter\"><img fetchpriority=\"high\" decoding=\"async\" aria-describedby=\"caption-attachment-9342\" class=\"wp-image-9342 size-full\" src=\"https:\/\/www.ing.uc.cl\/transporte-y-logistica\/wp-content\/uploads\/2021\/08\/fotos-despedida-1.jpeg\" alt=\"\" width=\"1024\" height=\"499\" srcset=\"https:\/\/www.ing.uc.cl\/transporte-y-logistica\/wp-content\/uploads\/2021\/08\/fotos-despedida-1.jpeg 1024w, https:\/\/www.ing.uc.cl\/transporte-y-logistica\/wp-content\/uploads\/2021\/08\/fotos-despedida-1-300x146.jpeg 300w, https:\/\/www.ing.uc.cl\/transporte-y-logistica\/wp-content\/uploads\/2021\/08\/fotos-despedida-1-768x374.jpeg 768w, https:\/\/www.ing.uc.cl\/transporte-y-logistica\/wp-content\/uploads\/2021\/08\/fotos-despedida-1-400x195.jpeg 400w\" sizes=\"(max-width: 1024px) 100vw, 1024px\" \/><p id=\"caption-attachment-9342\" class=\"wp-caption-text\">Almuerzo de despedida al profesor Juan Enrique Coeymans<\/p><\/div>\n<p>En junio del presente a\u00f1o, nuestro querido profesor Juan Enrique Coeymans, dej\u00f3 su labor como acad\u00e9mico del Departamento de Ingenier\u00eda en Transporte y Log\u00edstica UC (DITL). Como legado, deja a\u00f1os de docencia y liderazgo en nuestra comunidad, desempe\u00f1\u00e1ndose en varios per\u00edodos como director del DITL y llegando a ser Decano de la Escuela de Ingenier\u00eda UC.<\/p>\n<p>El profesor Coeymans inici\u00f3 su trayectoria en la Escuela egresando como Ingeniero Civil de Industrias, para luego realizar un Mag\u00edster y Doctorado en la Universidad de Southampton. En 1970, ingres\u00f3 como docente al departamento, siendo uno de los fundadores de nuestro Departamento junto a Luis Willumsen y Jos\u00e9 E. Fern\u00e1ndez. En el a\u00f1o 1992 fue escogido decano de la Escuela de Ingenier\u00eda UC, puesto que ocup\u00f3 hasta el a\u00f1o 1998.<\/p>\n<p>El profesor Coeymans desarroll\u00f3 su docencia, investigaci\u00f3n y servicio exterior en el \u00e1rea de la modelaci\u00f3n y simulaci\u00f3n de tr\u00e1fico, y el dise\u00f1o vial urbano, llegando a ser nombrado profesor em\u00e9rito del Departamento en el a\u00f1o 2006. Entre otras labores realizadas durante su carrera, se encuentran su rol como Presidente del Directorio de la Empresa Portuaria San Vicente (1998-2006) y del Metro de Valpara\u00edso (1996-2008), adem\u00e1s de ser el Presidente del Panel de Expertos del Transantiago hasta el 2020.<\/p>\n<p>JEC, sin duda, marc\u00f3 a un gran n\u00famero de generaciones de estudiantes, siendo reconocido por su gran cercan\u00eda con ello\/as. Siempre ha estado dispuesto a ayudar y servir de gu\u00eda a quienes buscaban consejos en \u00e9l, convirti\u00e9ndose en un mentor de varios ex-alumno\/as. Estamos seguros que as\u00ed seguir\u00e1 siendo.<\/p>\n<p>Como Departamento, agradecemos toda la entrega del profesor Coeymans, qui\u00e9n siempre ser\u00e1 parte fundamental del DITL, Departamento que ayud\u00f3 a fundar y a consolidar como uno de los m\u00e1s importantes a nivel latinoamericano, a lo largo de sus 50 a\u00f1os de trayectoria.<\/p>\n<p>Debido a las restricciones sanitarias existentes, no ha sido posible realizar una despedida acorde a la figura que representa el profesor Coeymans, sin embargo, el d\u00eda jueves 22 de julio, con todas las medidas sanitarias correspondientes, acad\u00e9micos y funcionarios del Departamento tuvieron un almuerzo de despedida, para trasmitir todo el cari\u00f1o y agradecimiento de nuestra comunidad.<\/p>\n<p>&nbsp;<\/p>\n<div class=\"mceTemp\"><\/div>\n","protected":false},"excerpt":{"rendered":"<p><\/p>\n<p><img decoding=\"async\" src=\"https:\/\/www.ing.uc.cl\/transporte-y-logistica\/wp-content\/uploads\/2017\/03\/coeymans.jpg\" style=\"all: unset;margin-top:0px; width: 80px; float:left; display: inline;margin-right:9px\">Nuestro querido y reconocido profesor <strong>Juan Enrique Coeymans<\/strong> dej\u00f3 en junio sus funciones en el Departamento de Ingenier\u00eda de Transporte y Log\u00edstica UC.    <\/p>\n","protected":false},"author":6,"featured_media":0,"comment_status":"closed","ping_status":"closed","sticky":false,"template":"","format":"standard","meta":{"_acf_changed":false,"footnotes":""},"categories":[4],"tags":[],"class_list":["post-9341","post","type-post","status-publish","format-standard","hentry","category-noticia-destacada"],"acf":[],"yoast_head":"<!-- This site is optimized with the Yoast SEO plugin v27.5 - https:\/\/yoast.com\/product\/yoast-seo-wordpress\/ -->\n<title>Tras 50 a\u00f1os como docente, el profesor Juan Enrique Coeymans deja el DITL - Departamento de Ingenier\u00eda de Transporte y Log\u00edstica<\/title>\n<meta name=\"robots\" content=\"index, follow, max-snippet:-1, max-image-preview:large, max-video-preview:-1\" \/>\n<link rel=\"canonical\" href=\"https:\/\/www.ing.uc.cl\/transporte-y-logistica\/tras-50-anos-como-docente-el-profesor-juan-enrique-coeymans-deja-el-ditl\/\" \/>\n<meta property=\"og:locale\" content=\"es_ES\" \/>\n<meta property=\"og:type\" content=\"article\" \/>\n<meta property=\"og:title\" content=\"Tras 50 a\u00f1os como docente, el profesor Juan Enrique Coeymans deja el DITL - Departamento de Ingenier\u00eda de Transporte y Log\u00edstica\" \/>\n<meta property=\"og:description\" content=\"Nuestro querido y reconocido profesor Juan Enrique Coeymans dej\u00f3 en junio sus funciones en el Departamento de Ingenier\u00eda de Transporte y Log\u00edstica UC.\" \/>\n<meta property=\"og:url\" content=\"https:\/\/www.ing.uc.cl\/transporte-y-logistica\/tras-50-anos-como-docente-el-profesor-juan-enrique-coeymans-deja-el-ditl\/\" \/>\n<meta property=\"og:site_name\" content=\"Departamento de Ingenier\u00eda de Transporte y Log\u00edstica\" \/>\n<meta property=\"article:published_time\" content=\"2021-08-05T18:51:13+00:00\" \/>\n<meta property=\"article:modified_time\" content=\"2023-10-10T12:55:02+00:00\" \/>\n<meta property=\"og:image\" content=\"https:\/\/www.ing.uc.cl\/transporte-y-logistica\/wp-content\/uploads\/2021\/08\/fotos-despedida-1.jpeg\" \/>\n<meta name=\"author\" content=\"Francisco Herreros\" \/>\n<meta name=\"twitter:card\" content=\"summary_large_image\" \/>\n<meta name=\"twitter:label1\" content=\"Escrito por\" \/>\n\t<meta name=\"twitter:data1\" content=\"Francisco Herreros\" \/>\n\t<meta name=\"twitter:label2\" content=\"Tiempo de lectura\" \/>\n\t<meta name=\"twitter:data2\" content=\"2 minutos\" \/>\n<script type=\"application\/ld+json\" class=\"yoast-schema-graph\">{\"@context\":\"https:\\\/\\\/schema.org\",\"@graph\":[{\"@type\":\"Article\",\"@id\":\"https:\\\/\\\/www.ing.uc.cl\\\/transporte-y-logistica\\\/tras-50-anos-como-docente-el-profesor-juan-enrique-coeymans-deja-el-ditl\\\/#article\",\"isPartOf\":{\"@id\":\"https:\\\/\\\/www.ing.uc.cl\\\/transporte-y-logistica\\\/tras-50-anos-como-docente-el-profesor-juan-enrique-coeymans-deja-el-ditl\\\/\"},\"author\":{\"name\":\"Francisco Herreros\",\"@id\":\"https:\\\/\\\/www.ing.uc.cl\\\/transporte-y-logistica\\\/#\\\/schema\\\/person\\\/7f1604ffa51b3299c501b9e2f9583aa6\"},\"headline\":\"Tras 50 a\u00f1os como docente, el profesor Juan Enrique Coeymans deja el DITL\",\"datePublished\":\"2021-08-05T18:51:13+00:00\",\"dateModified\":\"2023-10-10T12:55:02+00:00\",\"mainEntityOfPage\":{\"@id\":\"https:\\\/\\\/www.ing.uc.cl\\\/transporte-y-logistica\\\/tras-50-anos-como-docente-el-profesor-juan-enrique-coeymans-deja-el-ditl\\\/\"},\"wordCount\":408,\"image\":{\"@id\":\"https:\\\/\\\/www.ing.uc.cl\\\/transporte-y-logistica\\\/tras-50-anos-como-docente-el-profesor-juan-enrique-coeymans-deja-el-ditl\\\/#primaryimage\"},\"thumbnailUrl\":\"https:\\\/\\\/www.ing.uc.cl\\\/transporte-y-logistica\\\/wp-content\\\/uploads\\\/2021\\\/08\\\/fotos-despedida-1.jpeg\",\"articleSection\":[\"Noticia Destacada\"],\"inLanguage\":\"es\"},{\"@type\":\"WebPage\",\"@id\":\"https:\\\/\\\/www.ing.uc.cl\\\/transporte-y-logistica\\\/tras-50-anos-como-docente-el-profesor-juan-enrique-coeymans-deja-el-ditl\\\/\",\"url\":\"https:\\\/\\\/www.ing.uc.cl\\\/transporte-y-logistica\\\/tras-50-anos-como-docente-el-profesor-juan-enrique-coeymans-deja-el-ditl\\\/\",\"name\":\"Tras 50 a\u00f1os como docente, el profesor Juan Enrique Coeymans deja el DITL - Departamento de Ingenier\u00eda de Transporte y Log\u00edstica\",\"isPartOf\":{\"@id\":\"https:\\\/\\\/www.ing.uc.cl\\\/transporte-y-logistica\\\/#website\"},\"primaryImageOfPage\":{\"@id\":\"https:\\\/\\\/www.ing.uc.cl\\\/transporte-y-logistica\\\/tras-50-anos-como-docente-el-profesor-juan-enrique-coeymans-deja-el-ditl\\\/#primaryimage\"},\"image\":{\"@id\":\"https:\\\/\\\/www.ing.uc.cl\\\/transporte-y-logistica\\\/tras-50-anos-como-docente-el-profesor-juan-enrique-coeymans-deja-el-ditl\\\/#primaryimage\"},\"thumbnailUrl\":\"https:\\\/\\\/www.ing.uc.cl\\\/transporte-y-logistica\\\/wp-content\\\/uploads\\\/2021\\\/08\\\/fotos-despedida-1.jpeg\",\"datePublished\":\"2021-08-05T18:51:13+00:00\",\"dateModified\":\"2023-10-10T12:55:02+00:00\",\"author\":{\"@id\":\"https:\\\/\\\/www.ing.uc.cl\\\/transporte-y-logistica\\\/#\\\/schema\\\/person\\\/7f1604ffa51b3299c501b9e2f9583aa6\"},\"breadcrumb\":{\"@id\":\"https:\\\/\\\/www.ing.uc.cl\\\/transporte-y-logistica\\\/tras-50-anos-como-docente-el-profesor-juan-enrique-coeymans-deja-el-ditl\\\/#breadcrumb\"},\"inLanguage\":\"es\",\"potentialAction\":[{\"@type\":\"ReadAction\",\"target\":[\"https:\\\/\\\/www.ing.uc.cl\\\/transporte-y-logistica\\\/tras-50-anos-como-docente-el-profesor-juan-enrique-coeymans-deja-el-ditl\\\/\"]}]},{\"@type\":\"ImageObject\",\"inLanguage\":\"es\",\"@id\":\"https:\\\/\\\/www.ing.uc.cl\\\/transporte-y-logistica\\\/tras-50-anos-como-docente-el-profesor-juan-enrique-coeymans-deja-el-ditl\\\/#primaryimage\",\"url\":\"https:\\\/\\\/www.ing.uc.cl\\\/transporte-y-logistica\\\/wp-content\\\/uploads\\\/2021\\\/08\\\/fotos-despedida-1.jpeg\",\"contentUrl\":\"https:\\\/\\\/www.ing.uc.cl\\\/transporte-y-logistica\\\/wp-content\\\/uploads\\\/2021\\\/08\\\/fotos-despedida-1.jpeg\",\"width\":1024,\"height\":499},{\"@type\":\"BreadcrumbList\",\"@id\":\"https:\\\/\\\/www.ing.uc.cl\\\/transporte-y-logistica\\\/tras-50-anos-como-docente-el-profesor-juan-enrique-coeymans-deja-el-ditl\\\/#breadcrumb\",\"itemListElement\":[{\"@type\":\"ListItem\",\"position\":1,\"name\":\"Portada\",\"item\":\"https:\\\/\\\/www.ing.uc.cl\\\/transporte-y-logistica\\\/\"},{\"@type\":\"ListItem\",\"position\":2,\"name\":\"Tras 50 a\u00f1os como docente, el profesor Juan Enrique Coeymans deja el DITL\"}]},{\"@type\":\"WebSite\",\"@id\":\"https:\\\/\\\/www.ing.uc.cl\\\/transporte-y-logistica\\\/#website\",\"url\":\"https:\\\/\\\/www.ing.uc.cl\\\/transporte-y-logistica\\\/\",\"name\":\"Departamento de Ingenier\u00eda de Transporte y Log\u00edstica\",\"description\":\"DITL\",\"potentialAction\":[{\"@type\":\"SearchAction\",\"target\":{\"@type\":\"EntryPoint\",\"urlTemplate\":\"https:\\\/\\\/www.ing.uc.cl\\\/transporte-y-logistica\\\/?s={search_term_string}\"},\"query-input\":{\"@type\":\"PropertyValueSpecification\",\"valueRequired\":true,\"valueName\":\"search_term_string\"}}],\"inLanguage\":\"es\"},{\"@type\":\"Person\",\"@id\":\"https:\\\/\\\/www.ing.uc.cl\\\/transporte-y-logistica\\\/#\\\/schema\\\/person\\\/7f1604ffa51b3299c501b9e2f9583aa6\",\"name\":\"Francisco Herreros\",\"image\":{\"@type\":\"ImageObject\",\"inLanguage\":\"es\",\"@id\":\"https:\\\/\\\/secure.gravatar.com\\\/avatar\\\/63233762875caf7cb464abb0c994788b36bb5a903f4b5e6d958a14f57c41e047?s=96&d=mm&r=g\",\"url\":\"https:\\\/\\\/secure.gravatar.com\\\/avatar\\\/63233762875caf7cb464abb0c994788b36bb5a903f4b5e6d958a14f57c41e047?s=96&d=mm&r=g\",\"contentUrl\":\"https:\\\/\\\/secure.gravatar.com\\\/avatar\\\/63233762875caf7cb464abb0c994788b36bb5a903f4b5e6d958a14f57c41e047?s=96&d=mm&r=g\",\"caption\":\"Francisco Herreros\"},\"url\":\"https:\\\/\\\/www.ing.uc.cl\\\/transporte-y-logistica\\\/author\\\/fherreros\\\/\"}]}<\/script>\n<!-- \/ Yoast SEO plugin. -->","yoast_head_json":{"title":"Tras 50 a\u00f1os como docente, el profesor Juan Enrique Coeymans deja el DITL - Departamento de Ingenier\u00eda de Transporte y Log\u00edstica","robots":{"index":"index","follow":"follow","max-snippet":"max-snippet:-1","max-image-preview":"max-image-preview:large","max-video-preview":"max-video-preview:-1"},"canonical":"https:\/\/www.ing.uc.cl\/transporte-y-logistica\/tras-50-anos-como-docente-el-profesor-juan-enrique-coeymans-deja-el-ditl\/","og_locale":"es_ES","og_type":"article","og_title":"Tras 50 a\u00f1os como docente, el profesor Juan Enrique Coeymans deja el DITL - Departamento de Ingenier\u00eda de Transporte y Log\u00edstica","og_description":"Nuestro querido y reconocido profesor Juan Enrique Coeymans dej\u00f3 en junio sus funciones en el Departamento de Ingenier\u00eda de Transporte y Log\u00edstica UC.","og_url":"https:\/\/www.ing.uc.cl\/transporte-y-logistica\/tras-50-anos-como-docente-el-profesor-juan-enrique-coeymans-deja-el-ditl\/","og_site_name":"Departamento de Ingenier\u00eda de Transporte y Log\u00edstica","article_published_time":"2021-08-05T18:51:13+00:00","article_modified_time":"2023-10-10T12:55:02+00:00","og_image":[{"url":"https:\/\/www.ing.uc.cl\/transporte-y-logistica\/wp-content\/uploads\/2021\/08\/fotos-despedida-1.jpeg","type":"","width":"","height":""}],"author":"Francisco Herreros","twitter_card":"summary_large_image","twitter_misc":{"Escrito por":"Francisco Herreros","Tiempo de lectura":"2 minutos"},"schema":{"@context":"https:\/\/schema.org","@graph":[{"@type":"Article","@id":"https:\/\/www.ing.uc.cl\/transporte-y-logistica\/tras-50-anos-como-docente-el-profesor-juan-enrique-coeymans-deja-el-ditl\/#article","isPartOf":{"@id":"https:\/\/www.ing.uc.cl\/transporte-y-logistica\/tras-50-anos-como-docente-el-profesor-juan-enrique-coeymans-deja-el-ditl\/"},"author":{"name":"Francisco Herreros","@id":"https:\/\/www.ing.uc.cl\/transporte-y-logistica\/#\/schema\/person\/7f1604ffa51b3299c501b9e2f9583aa6"},"headline":"Tras 50 a\u00f1os como docente, el profesor Juan Enrique Coeymans deja el DITL","datePublished":"2021-08-05T18:51:13+00:00","dateModified":"2023-10-10T12:55:02+00:00","mainEntityOfPage":{"@id":"https:\/\/www.ing.uc.cl\/transporte-y-logistica\/tras-50-anos-como-docente-el-profesor-juan-enrique-coeymans-deja-el-ditl\/"},"wordCount":408,"image":{"@id":"https:\/\/www.ing.uc.cl\/transporte-y-logistica\/tras-50-anos-como-docente-el-profesor-juan-enrique-coeymans-deja-el-ditl\/#primaryimage"},"thumbnailUrl":"https:\/\/www.ing.uc.cl\/transporte-y-logistica\/wp-content\/uploads\/2021\/08\/fotos-despedida-1.jpeg","articleSection":["Noticia Destacada"],"inLanguage":"es"},{"@type":"WebPage","@id":"https:\/\/www.ing.uc.cl\/transporte-y-logistica\/tras-50-anos-como-docente-el-profesor-juan-enrique-coeymans-deja-el-ditl\/","url":"https:\/\/www.ing.uc.cl\/transporte-y-logistica\/tras-50-anos-como-docente-el-profesor-juan-enrique-coeymans-deja-el-ditl\/","name":"Tras 50 a\u00f1os como docente, el profesor Juan Enrique Coeymans deja el DITL - Departamento de Ingenier\u00eda de Transporte y Log\u00edstica","isPartOf":{"@id":"https:\/\/www.ing.uc.cl\/transporte-y-logistica\/#website"},"primaryImageOfPage":{"@id":"https:\/\/www.ing.uc.cl\/transporte-y-logistica\/tras-50-anos-como-docente-el-profesor-juan-enrique-coeymans-deja-el-ditl\/#primaryimage"},"image":{"@id":"https:\/\/www.ing.uc.cl\/transporte-y-logistica\/tras-50-anos-como-docente-el-profesor-juan-enrique-coeymans-deja-el-ditl\/#primaryimage"},"thumbnailUrl":"https:\/\/www.ing.uc.cl\/transporte-y-logistica\/wp-content\/uploads\/2021\/08\/fotos-despedida-1.jpeg","datePublished":"2021-08-05T18:51:13+00:00","dateModified":"2023-10-10T12:55:02+00:00","author":{"@id":"https:\/\/www.ing.uc.cl\/transporte-y-logistica\/#\/schema\/person\/7f1604ffa51b3299c501b9e2f9583aa6"},"breadcrumb":{"@id":"https:\/\/www.ing.uc.cl\/transporte-y-logistica\/tras-50-anos-como-docente-el-profesor-juan-enrique-coeymans-deja-el-ditl\/#breadcrumb"},"inLanguage":"es","potentialAction":[{"@type":"ReadAction","target":["https:\/\/www.ing.uc.cl\/transporte-y-logistica\/tras-50-anos-como-docente-el-profesor-juan-enrique-coeymans-deja-el-ditl\/"]}]},{"@type":"ImageObject","inLanguage":"es","@id":"https:\/\/www.ing.uc.cl\/transporte-y-logistica\/tras-50-anos-como-docente-el-profesor-juan-enrique-coeymans-deja-el-ditl\/#primaryimage","url":"https:\/\/www.ing.uc.cl\/transporte-y-logistica\/wp-content\/uploads\/2021\/08\/fotos-despedida-1.jpeg","contentUrl":"https:\/\/www.ing.uc.cl\/transporte-y-logistica\/wp-content\/uploads\/2021\/08\/fotos-despedida-1.jpeg","width":1024,"height":499},{"@type":"BreadcrumbList","@id":"https:\/\/www.ing.uc.cl\/transporte-y-logistica\/tras-50-anos-como-docente-el-profesor-juan-enrique-coeymans-deja-el-ditl\/#breadcrumb","itemListElement":[{"@type":"ListItem","position":1,"name":"Portada","item":"https:\/\/www.ing.uc.cl\/transporte-y-logistica\/"},{"@type":"ListItem","position":2,"name":"Tras 50 a\u00f1os como docente, el profesor Juan Enrique Coeymans deja el DITL"}]},{"@type":"WebSite","@id":"https:\/\/www.ing.uc.cl\/transporte-y-logistica\/#website","url":"https:\/\/www.ing.uc.cl\/transporte-y-logistica\/","name":"Departamento de Ingenier\u00eda de Transporte y Log\u00edstica","description":"DITL","potentialAction":[{"@type":"SearchAction","target":{"@type":"EntryPoint","urlTemplate":"https:\/\/www.ing.uc.cl\/transporte-y-logistica\/?s={search_term_string}"},"query-input":{"@type":"PropertyValueSpecification","valueRequired":true,"valueName":"search_term_string"}}],"inLanguage":"es"},{"@type":"Person","@id":"https:\/\/www.ing.uc.cl\/transporte-y-logistica\/#\/schema\/person\/7f1604ffa51b3299c501b9e2f9583aa6","name":"Francisco Herreros","image":{"@type":"ImageObject","inLanguage":"es","@id":"https:\/\/secure.gravatar.com\/avatar\/63233762875caf7cb464abb0c994788b36bb5a903f4b5e6d958a14f57c41e047?s=96&d=mm&r=g","url":"https:\/\/secure.gravatar.com\/avatar\/63233762875caf7cb464abb0c994788b36bb5a903f4b5e6d958a14f57c41e047?s=96&d=mm&r=g","contentUrl":"https:\/\/secure.gravatar.com\/avatar\/63233762875caf7cb464abb0c994788b36bb5a903f4b5e6d958a14f57c41e047?s=96&d=mm&r=g","caption":"Francisco Herreros"},"url":"https:\/\/www.ing.uc.cl\/transporte-y-logistica\/author\/fherreros\/"}]}},"_links":{"self":[{"href":"https:\/\/www.ing.uc.cl\/transporte-y-logistica\/wp-json\/wp\/v2\/posts\/9341","targetHints":{"allow":["GET"]}}],"collection":[{"href":"https:\/\/www.ing.uc.cl\/transporte-y-logistica\/wp-json\/wp\/v2\/posts"}],"about":[{"href":"https:\/\/www.ing.uc.cl\/transporte-y-logistica\/wp-json\/wp\/v2\/types\/post"}],"author":[{"embeddable":true,"href":"https:\/\/www.ing.uc.cl\/transporte-y-logistica\/wp-json\/wp\/v2\/users\/6"}],"replies":[{"embeddable":true,"href":"https:\/\/www.ing.uc.cl\/transporte-y-logistica\/wp-json\/wp\/v2\/comments?post=9341"}],"version-history":[{"count":1,"href":"https:\/\/www.ing.uc.cl\/transporte-y-logistica\/wp-json\/wp\/v2\/posts\/9341\/revisions"}],"predecessor-version":[{"id":11644,"href":"https:\/\/www.ing.uc.cl\/transporte-y-logistica\/wp-json\/wp\/v2\/posts\/9341\/revisions\/11644"}],"wp:attachment":[{"href":"https:\/\/www.ing.uc.cl\/transporte-y-logistica\/wp-json\/wp\/v2\/media?parent=9341"}],"wp:term":[{"taxonomy":"category","embeddable":true,"href":"https:\/\/www.ing.uc.cl\/transporte-y-logistica\/wp-json\/wp\/v2\/categories?post=9341"},{"taxonomy":"post_tag","embeddable":true,"href":"https:\/\/www.ing.uc.cl\/transporte-y-logistica\/wp-json\/wp\/v2\/tags?post=9341"}],"curies":[{"name":"wp","href":"https:\/\/api.w.org\/{rel}","templated":true}]}}