{"id":9494,"date":"2021-09-29T15:51:10","date_gmt":"2021-09-29T18:51:10","guid":{"rendered":"https:\/\/www.ing.uc.cl\/transporte-y-logistica\/?p=9494"},"modified":"2023-10-10T09:53:33","modified_gmt":"2023-10-10T12:53:33","slug":"primer-graduado-por-convenio-de-doble-grado-entre-la-universidad-catolica-y-newcastle-university","status":"publish","type":"post","link":"https:\/\/www.ing.uc.cl\/transporte-y-logistica\/primer-graduado-por-convenio-de-doble-grado-entre-la-universidad-catolica-y-newcastle-university\/","title":{"rendered":"Primer graduado por convenio de Doble Grado entre la Universidad Cat\u00f3lica y Newcastle University"},"content":{"rendered":"<div class=\"gmail_default\">La Escuela de Ingenier\u00eda de la Universidad Cat\u00f3lica y Newcastle University firmaron en el a\u00f1o 2018 un convenio marco de Doble Doctorado, con el objetivo de que estudiantes de ambas universidades obtengan el grado de Doctor, tanto en su universidad de origen como en la universidad extranjera.<\/div>\n<div class=\"gmail_default\">El primer alumno de Ingenier\u00eda UC que fue beneficiado de este acuerdo es Thomas Guerrero, quien realiz\u00f3 su doctorado bajo la tutela del profesor del Departamento de Ingenier\u00eda de Transporte y Log\u00edstica, Juan de Dios Ort\u00fazar, en conjunto con el profesor Angelo Guevara, de la Universidad de Chile y la profesora Elisabetta Cherchi de Newcastle University.<\/div>\n<div class=\"gmail_default\">\n<div id=\"attachment_9487\" style=\"width: 1210px\" class=\"wp-caption aligncenter\"><img fetchpriority=\"high\" decoding=\"async\" aria-describedby=\"caption-attachment-9487\" class=\"wp-image-9487 size-full\" src=\"https:\/\/www.ing.uc.cl\/transporte-y-logistica\/wp-content\/uploads\/2021\/09\/fotojet-3.png\" alt=\"\" width=\"1200\" height=\"609\" \/><p id=\"caption-attachment-9487\" class=\"wp-caption-text\">Thomas Guerrero y Juan de Dios Ort\u00fazar<\/p><\/div>\n<\/div>\n<div class=\"gmail_default\">Thomas en primera instancia postul\u00f3 al programa de Doctorado en Newcastle University siguiendo el proceso regular con requisitos impuestos por dicha universidad, entre ellos est\u00e1n los de calificaciones de notas, nivel de ingl\u00e9s, etc. Dada la existencia de este convenio, no fue necesario el desarrollo de una nueva tesis, ya que pudo continuar trabajando en la iniciada en Ingenier\u00eda UC, la \u00fanica modificaci\u00f3n fue la traducci\u00f3n de la candidatura de doctorado de espa\u00f1ol a ingl\u00e9s para la matr\u00edcula.<\/div>\n<div class=\"gmail_default\"><\/div>\n<div class=\"gmail_default\">En su caso tampoco fue necesario\u00a0realizar cursos asociados al programa de Doctorado de Newclastle University, ya que logr\u00f3 convalidar los realizados de manera previa. Sin embargo, uno de los requisitos que tuvo que cumplir fue el participar en 60 horas de Workshop, que son conocidos como los talleres de habilidades transversales, adem\u00e1s de tener que trabajar en el desarrollo de la tesis durante un a\u00f1o en Newcastle.<\/div>\n<div class=\"gmail_default\">\n<p>Adicionalmente, por el convenio s\u00f3lo tuvo que realizar una \u00fanica defensa doctoral, la que Thomas decidi\u00f3 realizar en Chile frente a su comit\u00e9 de tesis, el que estuvo compuesto por los Profesores Juan de Dios Ort\u00fazar, Elisabetta Cherchi, Angelo Guevara, Sebasti\u00e1n Raveau, Ricardo Hurtubia, Marcela Munizaga y Gustavo Lagos.<\/p>\n<p>El desarrollo de este convenio\u00a0se enmarca\u00a0en el proyecto Ingenier\u00eda 2030 de Corfo, que tiene como uno de sus principales ejes la internacionalizaci\u00f3n de la Escuela de Ingenier\u00eda UC, adem\u00e1s del potenciamiento de sus programas de postgrado.<\/p>\n<\/div>\n","protected":false},"excerpt":{"rendered":"<p><\/p>\n<p><img decoding=\"async\" src=\"https:\/\/www.ing.uc.cl\/transporte-y-logistica\/wp-content\/uploads\/2021\/09\/fotojet-2-e1632967924429.png\" style=\"all: unset;margin-top:0px; width: 80px; float:left; display: inline;margin-right:9px\">La Escuela de Ingenier\u00eda de la Universidad Cat\u00f3lica y Newcastle University firmaron en el a\u00f1o 2018 un <strong> convenio marco de Doble Doctorado<\/strong> <\/p>\n","protected":false},"author":6,"featured_media":0,"comment_status":"closed","ping_status":"closed","sticky":false,"template":"","format":"standard","meta":{"_acf_changed":false,"footnotes":""},"categories":[4],"tags":[],"class_list":["post-9494","post","type-post","status-publish","format-standard","hentry","category-noticia-destacada"],"acf":[],"yoast_head":"<!-- This site is optimized with the Yoast SEO plugin v27.5 - https:\/\/yoast.com\/product\/yoast-seo-wordpress\/ -->\n<title>Primer graduado por convenio de Doble Grado entre la Universidad Cat\u00f3lica y Newcastle University - Departamento de Ingenier\u00eda de Transporte y Log\u00edstica<\/title>\n<meta name=\"robots\" content=\"index, follow, max-snippet:-1, max-image-preview:large, max-video-preview:-1\" \/>\n<link rel=\"canonical\" href=\"https:\/\/www.ing.uc.cl\/transporte-y-logistica\/primer-graduado-por-convenio-de-doble-grado-entre-la-universidad-catolica-y-newcastle-university\/\" \/>\n<meta property=\"og:locale\" content=\"es_ES\" \/>\n<meta property=\"og:type\" content=\"article\" \/>\n<meta property=\"og:title\" content=\"Primer graduado por convenio de Doble Grado entre la Universidad Cat\u00f3lica y Newcastle University - Departamento de Ingenier\u00eda de Transporte y Log\u00edstica\" \/>\n<meta property=\"og:description\" content=\"La Escuela de Ingenier\u00eda de la Universidad Cat\u00f3lica y Newcastle University firmaron en el a\u00f1o 2018 un convenio marco de Doble Doctorado\" \/>\n<meta property=\"og:url\" content=\"https:\/\/www.ing.uc.cl\/transporte-y-logistica\/primer-graduado-por-convenio-de-doble-grado-entre-la-universidad-catolica-y-newcastle-university\/\" \/>\n<meta property=\"og:site_name\" content=\"Departamento de Ingenier\u00eda de Transporte y Log\u00edstica\" \/>\n<meta property=\"article:published_time\" content=\"2021-09-29T18:51:10+00:00\" \/>\n<meta property=\"article:modified_time\" content=\"2023-10-10T12:53:33+00:00\" \/>\n<meta property=\"og:image\" content=\"https:\/\/www.ing.uc.cl\/transporte-y-logistica\/wp-content\/uploads\/2021\/09\/fotojet-3.png\" \/>\n<meta name=\"author\" content=\"Francisco Herreros\" \/>\n<meta name=\"twitter:card\" content=\"summary_large_image\" \/>\n<meta name=\"twitter:label1\" content=\"Escrito por\" \/>\n\t<meta name=\"twitter:data1\" content=\"Francisco Herreros\" \/>\n\t<meta name=\"twitter:label2\" content=\"Tiempo de lectura\" \/>\n\t<meta name=\"twitter:data2\" content=\"2 minutos\" \/>\n<script type=\"application\/ld+json\" class=\"yoast-schema-graph\">{\"@context\":\"https:\\\/\\\/schema.org\",\"@graph\":[{\"@type\":\"Article\",\"@id\":\"https:\\\/\\\/www.ing.uc.cl\\\/transporte-y-logistica\\\/primer-graduado-por-convenio-de-doble-grado-entre-la-universidad-catolica-y-newcastle-university\\\/#article\",\"isPartOf\":{\"@id\":\"https:\\\/\\\/www.ing.uc.cl\\\/transporte-y-logistica\\\/primer-graduado-por-convenio-de-doble-grado-entre-la-universidad-catolica-y-newcastle-university\\\/\"},\"author\":{\"name\":\"Francisco Herreros\",\"@id\":\"https:\\\/\\\/www.ing.uc.cl\\\/transporte-y-logistica\\\/#\\\/schema\\\/person\\\/7f1604ffa51b3299c501b9e2f9583aa6\"},\"headline\":\"Primer graduado por convenio de Doble Grado entre la Universidad Cat\u00f3lica y Newcastle University\",\"datePublished\":\"2021-09-29T18:51:10+00:00\",\"dateModified\":\"2023-10-10T12:53:33+00:00\",\"mainEntityOfPage\":{\"@id\":\"https:\\\/\\\/www.ing.uc.cl\\\/transporte-y-logistica\\\/primer-graduado-por-convenio-de-doble-grado-entre-la-universidad-catolica-y-newcastle-university\\\/\"},\"wordCount\":387,\"image\":{\"@id\":\"https:\\\/\\\/www.ing.uc.cl\\\/transporte-y-logistica\\\/primer-graduado-por-convenio-de-doble-grado-entre-la-universidad-catolica-y-newcastle-university\\\/#primaryimage\"},\"thumbnailUrl\":\"https:\\\/\\\/www.ing.uc.cl\\\/transporte-y-logistica\\\/wp-content\\\/uploads\\\/2021\\\/09\\\/fotojet-3.png\",\"articleSection\":[\"Noticia Destacada\"],\"inLanguage\":\"es\"},{\"@type\":\"WebPage\",\"@id\":\"https:\\\/\\\/www.ing.uc.cl\\\/transporte-y-logistica\\\/primer-graduado-por-convenio-de-doble-grado-entre-la-universidad-catolica-y-newcastle-university\\\/\",\"url\":\"https:\\\/\\\/www.ing.uc.cl\\\/transporte-y-logistica\\\/primer-graduado-por-convenio-de-doble-grado-entre-la-universidad-catolica-y-newcastle-university\\\/\",\"name\":\"Primer graduado por convenio de Doble Grado entre la Universidad Cat\u00f3lica y Newcastle University - Departamento de Ingenier\u00eda de Transporte y Log\u00edstica\",\"isPartOf\":{\"@id\":\"https:\\\/\\\/www.ing.uc.cl\\\/transporte-y-logistica\\\/#website\"},\"primaryImageOfPage\":{\"@id\":\"https:\\\/\\\/www.ing.uc.cl\\\/transporte-y-logistica\\\/primer-graduado-por-convenio-de-doble-grado-entre-la-universidad-catolica-y-newcastle-university\\\/#primaryimage\"},\"image\":{\"@id\":\"https:\\\/\\\/www.ing.uc.cl\\\/transporte-y-logistica\\\/primer-graduado-por-convenio-de-doble-grado-entre-la-universidad-catolica-y-newcastle-university\\\/#primaryimage\"},\"thumbnailUrl\":\"https:\\\/\\\/www.ing.uc.cl\\\/transporte-y-logistica\\\/wp-content\\\/uploads\\\/2021\\\/09\\\/fotojet-3.png\",\"datePublished\":\"2021-09-29T18:51:10+00:00\",\"dateModified\":\"2023-10-10T12:53:33+00:00\",\"author\":{\"@id\":\"https:\\\/\\\/www.ing.uc.cl\\\/transporte-y-logistica\\\/#\\\/schema\\\/person\\\/7f1604ffa51b3299c501b9e2f9583aa6\"},\"breadcrumb\":{\"@id\":\"https:\\\/\\\/www.ing.uc.cl\\\/transporte-y-logistica\\\/primer-graduado-por-convenio-de-doble-grado-entre-la-universidad-catolica-y-newcastle-university\\\/#breadcrumb\"},\"inLanguage\":\"es\",\"potentialAction\":[{\"@type\":\"ReadAction\",\"target\":[\"https:\\\/\\\/www.ing.uc.cl\\\/transporte-y-logistica\\\/primer-graduado-por-convenio-de-doble-grado-entre-la-universidad-catolica-y-newcastle-university\\\/\"]}]},{\"@type\":\"ImageObject\",\"inLanguage\":\"es\",\"@id\":\"https:\\\/\\\/www.ing.uc.cl\\\/transporte-y-logistica\\\/primer-graduado-por-convenio-de-doble-grado-entre-la-universidad-catolica-y-newcastle-university\\\/#primaryimage\",\"url\":\"https:\\\/\\\/www.ing.uc.cl\\\/transporte-y-logistica\\\/wp-content\\\/uploads\\\/2021\\\/09\\\/fotojet-3.png\",\"contentUrl\":\"https:\\\/\\\/www.ing.uc.cl\\\/transporte-y-logistica\\\/wp-content\\\/uploads\\\/2021\\\/09\\\/fotojet-3.png\"},{\"@type\":\"BreadcrumbList\",\"@id\":\"https:\\\/\\\/www.ing.uc.cl\\\/transporte-y-logistica\\\/primer-graduado-por-convenio-de-doble-grado-entre-la-universidad-catolica-y-newcastle-university\\\/#breadcrumb\",\"itemListElement\":[{\"@type\":\"ListItem\",\"position\":1,\"name\":\"Portada\",\"item\":\"https:\\\/\\\/www.ing.uc.cl\\\/transporte-y-logistica\\\/\"},{\"@type\":\"ListItem\",\"position\":2,\"name\":\"Primer graduado por convenio de Doble Grado entre la Universidad Cat\u00f3lica y Newcastle University\"}]},{\"@type\":\"WebSite\",\"@id\":\"https:\\\/\\\/www.ing.uc.cl\\\/transporte-y-logistica\\\/#website\",\"url\":\"https:\\\/\\\/www.ing.uc.cl\\\/transporte-y-logistica\\\/\",\"name\":\"Departamento de Ingenier\u00eda de Transporte y Log\u00edstica\",\"description\":\"DITL\",\"potentialAction\":[{\"@type\":\"SearchAction\",\"target\":{\"@type\":\"EntryPoint\",\"urlTemplate\":\"https:\\\/\\\/www.ing.uc.cl\\\/transporte-y-logistica\\\/?s={search_term_string}\"},\"query-input\":{\"@type\":\"PropertyValueSpecification\",\"valueRequired\":true,\"valueName\":\"search_term_string\"}}],\"inLanguage\":\"es\"},{\"@type\":\"Person\",\"@id\":\"https:\\\/\\\/www.ing.uc.cl\\\/transporte-y-logistica\\\/#\\\/schema\\\/person\\\/7f1604ffa51b3299c501b9e2f9583aa6\",\"name\":\"Francisco Herreros\",\"image\":{\"@type\":\"ImageObject\",\"inLanguage\":\"es\",\"@id\":\"https:\\\/\\\/secure.gravatar.com\\\/avatar\\\/63233762875caf7cb464abb0c994788b36bb5a903f4b5e6d958a14f57c41e047?s=96&d=mm&r=g\",\"url\":\"https:\\\/\\\/secure.gravatar.com\\\/avatar\\\/63233762875caf7cb464abb0c994788b36bb5a903f4b5e6d958a14f57c41e047?s=96&d=mm&r=g\",\"contentUrl\":\"https:\\\/\\\/secure.gravatar.com\\\/avatar\\\/63233762875caf7cb464abb0c994788b36bb5a903f4b5e6d958a14f57c41e047?s=96&d=mm&r=g\",\"caption\":\"Francisco Herreros\"},\"url\":\"https:\\\/\\\/www.ing.uc.cl\\\/transporte-y-logistica\\\/author\\\/fherreros\\\/\"}]}<\/script>\n<!-- \/ Yoast SEO plugin. -->","yoast_head_json":{"title":"Primer graduado por convenio de Doble Grado entre la Universidad Cat\u00f3lica y Newcastle University - Departamento de Ingenier\u00eda de Transporte y Log\u00edstica","robots":{"index":"index","follow":"follow","max-snippet":"max-snippet:-1","max-image-preview":"max-image-preview:large","max-video-preview":"max-video-preview:-1"},"canonical":"https:\/\/www.ing.uc.cl\/transporte-y-logistica\/primer-graduado-por-convenio-de-doble-grado-entre-la-universidad-catolica-y-newcastle-university\/","og_locale":"es_ES","og_type":"article","og_title":"Primer graduado por convenio de Doble Grado entre la Universidad Cat\u00f3lica y Newcastle University - Departamento de Ingenier\u00eda de Transporte y Log\u00edstica","og_description":"La Escuela de Ingenier\u00eda de la Universidad Cat\u00f3lica y Newcastle University firmaron en el a\u00f1o 2018 un convenio marco de Doble Doctorado","og_url":"https:\/\/www.ing.uc.cl\/transporte-y-logistica\/primer-graduado-por-convenio-de-doble-grado-entre-la-universidad-catolica-y-newcastle-university\/","og_site_name":"Departamento de Ingenier\u00eda de Transporte y Log\u00edstica","article_published_time":"2021-09-29T18:51:10+00:00","article_modified_time":"2023-10-10T12:53:33+00:00","og_image":[{"url":"https:\/\/www.ing.uc.cl\/transporte-y-logistica\/wp-content\/uploads\/2021\/09\/fotojet-3.png","type":"","width":"","height":""}],"author":"Francisco Herreros","twitter_card":"summary_large_image","twitter_misc":{"Escrito por":"Francisco Herreros","Tiempo de lectura":"2 minutos"},"schema":{"@context":"https:\/\/schema.org","@graph":[{"@type":"Article","@id":"https:\/\/www.ing.uc.cl\/transporte-y-logistica\/primer-graduado-por-convenio-de-doble-grado-entre-la-universidad-catolica-y-newcastle-university\/#article","isPartOf":{"@id":"https:\/\/www.ing.uc.cl\/transporte-y-logistica\/primer-graduado-por-convenio-de-doble-grado-entre-la-universidad-catolica-y-newcastle-university\/"},"author":{"name":"Francisco Herreros","@id":"https:\/\/www.ing.uc.cl\/transporte-y-logistica\/#\/schema\/person\/7f1604ffa51b3299c501b9e2f9583aa6"},"headline":"Primer graduado por convenio de Doble Grado entre la Universidad Cat\u00f3lica y Newcastle University","datePublished":"2021-09-29T18:51:10+00:00","dateModified":"2023-10-10T12:53:33+00:00","mainEntityOfPage":{"@id":"https:\/\/www.ing.uc.cl\/transporte-y-logistica\/primer-graduado-por-convenio-de-doble-grado-entre-la-universidad-catolica-y-newcastle-university\/"},"wordCount":387,"image":{"@id":"https:\/\/www.ing.uc.cl\/transporte-y-logistica\/primer-graduado-por-convenio-de-doble-grado-entre-la-universidad-catolica-y-newcastle-university\/#primaryimage"},"thumbnailUrl":"https:\/\/www.ing.uc.cl\/transporte-y-logistica\/wp-content\/uploads\/2021\/09\/fotojet-3.png","articleSection":["Noticia Destacada"],"inLanguage":"es"},{"@type":"WebPage","@id":"https:\/\/www.ing.uc.cl\/transporte-y-logistica\/primer-graduado-por-convenio-de-doble-grado-entre-la-universidad-catolica-y-newcastle-university\/","url":"https:\/\/www.ing.uc.cl\/transporte-y-logistica\/primer-graduado-por-convenio-de-doble-grado-entre-la-universidad-catolica-y-newcastle-university\/","name":"Primer graduado por convenio de Doble Grado entre la Universidad Cat\u00f3lica y Newcastle University - Departamento de Ingenier\u00eda de Transporte y Log\u00edstica","isPartOf":{"@id":"https:\/\/www.ing.uc.cl\/transporte-y-logistica\/#website"},"primaryImageOfPage":{"@id":"https:\/\/www.ing.uc.cl\/transporte-y-logistica\/primer-graduado-por-convenio-de-doble-grado-entre-la-universidad-catolica-y-newcastle-university\/#primaryimage"},"image":{"@id":"https:\/\/www.ing.uc.cl\/transporte-y-logistica\/primer-graduado-por-convenio-de-doble-grado-entre-la-universidad-catolica-y-newcastle-university\/#primaryimage"},"thumbnailUrl":"https:\/\/www.ing.uc.cl\/transporte-y-logistica\/wp-content\/uploads\/2021\/09\/fotojet-3.png","datePublished":"2021-09-29T18:51:10+00:00","dateModified":"2023-10-10T12:53:33+00:00","author":{"@id":"https:\/\/www.ing.uc.cl\/transporte-y-logistica\/#\/schema\/person\/7f1604ffa51b3299c501b9e2f9583aa6"},"breadcrumb":{"@id":"https:\/\/www.ing.uc.cl\/transporte-y-logistica\/primer-graduado-por-convenio-de-doble-grado-entre-la-universidad-catolica-y-newcastle-university\/#breadcrumb"},"inLanguage":"es","potentialAction":[{"@type":"ReadAction","target":["https:\/\/www.ing.uc.cl\/transporte-y-logistica\/primer-graduado-por-convenio-de-doble-grado-entre-la-universidad-catolica-y-newcastle-university\/"]}]},{"@type":"ImageObject","inLanguage":"es","@id":"https:\/\/www.ing.uc.cl\/transporte-y-logistica\/primer-graduado-por-convenio-de-doble-grado-entre-la-universidad-catolica-y-newcastle-university\/#primaryimage","url":"https:\/\/www.ing.uc.cl\/transporte-y-logistica\/wp-content\/uploads\/2021\/09\/fotojet-3.png","contentUrl":"https:\/\/www.ing.uc.cl\/transporte-y-logistica\/wp-content\/uploads\/2021\/09\/fotojet-3.png"},{"@type":"BreadcrumbList","@id":"https:\/\/www.ing.uc.cl\/transporte-y-logistica\/primer-graduado-por-convenio-de-doble-grado-entre-la-universidad-catolica-y-newcastle-university\/#breadcrumb","itemListElement":[{"@type":"ListItem","position":1,"name":"Portada","item":"https:\/\/www.ing.uc.cl\/transporte-y-logistica\/"},{"@type":"ListItem","position":2,"name":"Primer graduado por convenio de Doble Grado entre la Universidad Cat\u00f3lica y Newcastle University"}]},{"@type":"WebSite","@id":"https:\/\/www.ing.uc.cl\/transporte-y-logistica\/#website","url":"https:\/\/www.ing.uc.cl\/transporte-y-logistica\/","name":"Departamento de Ingenier\u00eda de Transporte y Log\u00edstica","description":"DITL","potentialAction":[{"@type":"SearchAction","target":{"@type":"EntryPoint","urlTemplate":"https:\/\/www.ing.uc.cl\/transporte-y-logistica\/?s={search_term_string}"},"query-input":{"@type":"PropertyValueSpecification","valueRequired":true,"valueName":"search_term_string"}}],"inLanguage":"es"},{"@type":"Person","@id":"https:\/\/www.ing.uc.cl\/transporte-y-logistica\/#\/schema\/person\/7f1604ffa51b3299c501b9e2f9583aa6","name":"Francisco Herreros","image":{"@type":"ImageObject","inLanguage":"es","@id":"https:\/\/secure.gravatar.com\/avatar\/63233762875caf7cb464abb0c994788b36bb5a903f4b5e6d958a14f57c41e047?s=96&d=mm&r=g","url":"https:\/\/secure.gravatar.com\/avatar\/63233762875caf7cb464abb0c994788b36bb5a903f4b5e6d958a14f57c41e047?s=96&d=mm&r=g","contentUrl":"https:\/\/secure.gravatar.com\/avatar\/63233762875caf7cb464abb0c994788b36bb5a903f4b5e6d958a14f57c41e047?s=96&d=mm&r=g","caption":"Francisco Herreros"},"url":"https:\/\/www.ing.uc.cl\/transporte-y-logistica\/author\/fherreros\/"}]}},"_links":{"self":[{"href":"https:\/\/www.ing.uc.cl\/transporte-y-logistica\/wp-json\/wp\/v2\/posts\/9494","targetHints":{"allow":["GET"]}}],"collection":[{"href":"https:\/\/www.ing.uc.cl\/transporte-y-logistica\/wp-json\/wp\/v2\/posts"}],"about":[{"href":"https:\/\/www.ing.uc.cl\/transporte-y-logistica\/wp-json\/wp\/v2\/types\/post"}],"author":[{"embeddable":true,"href":"https:\/\/www.ing.uc.cl\/transporte-y-logistica\/wp-json\/wp\/v2\/users\/6"}],"replies":[{"embeddable":true,"href":"https:\/\/www.ing.uc.cl\/transporte-y-logistica\/wp-json\/wp\/v2\/comments?post=9494"}],"version-history":[{"count":1,"href":"https:\/\/www.ing.uc.cl\/transporte-y-logistica\/wp-json\/wp\/v2\/posts\/9494\/revisions"}],"predecessor-version":[{"id":11641,"href":"https:\/\/www.ing.uc.cl\/transporte-y-logistica\/wp-json\/wp\/v2\/posts\/9494\/revisions\/11641"}],"wp:attachment":[{"href":"https:\/\/www.ing.uc.cl\/transporte-y-logistica\/wp-json\/wp\/v2\/media?parent=9494"}],"wp:term":[{"taxonomy":"category","embeddable":true,"href":"https:\/\/www.ing.uc.cl\/transporte-y-logistica\/wp-json\/wp\/v2\/categories?post=9494"},{"taxonomy":"post_tag","embeddable":true,"href":"https:\/\/www.ing.uc.cl\/transporte-y-logistica\/wp-json\/wp\/v2\/tags?post=9494"}],"curies":[{"name":"wp","href":"https:\/\/api.w.org\/{rel}","templated":true}]}}